{"id":546609,"date":"2026-07-10T03:27:13","date_gmt":"2026-07-10T03:27:13","guid":{"rendered":"https:\/\/www.europesays.com\/pl\/546609\/"},"modified":"2026-07-10T03:27:13","modified_gmt":"2026-07-10T03:27:13","slug":"sondaz-ko-liderem-spora-przewaga-nad-pis-psl-poza-sejmem","status":"publish","type":"post","link":"https:\/\/www.europesays.com\/pl\/546609\/","title":{"rendered":"Sonda\u017c: KO liderem, spora przewaga nad PiS. PSL poza Sejmem"},"content":{"rendered":"\n<p>&#13;<br \/>\nJak wynika z\u00a0badania opinii publicznej, wykonanego przez pracowni\u0119 Opinia24, gdyby wybory odby\u0142y si\u0119 w\u00a0najbli\u017csz\u0105 niedziel\u0119, zwyci\u0119\u017cy\u0142aby Koalicja Obywatelska. Ugrupowanie Donalda Tuska mog\u0142oby liczy\u0107 na\u00a031,3 proc. poparcia. &#13;\n<\/p>\n<p>&#13;<br \/>\nNa drugim miejscu uplasowa\u0142o si\u0119 Prawo i\u00a0Sprawiedliwo\u015bci, na\u00a0kt\u00f3re ch\u0119\u0107 oddania g\u0142osu zadeklarowa\u0142o 22,8 proc. badanych. &#13;\n<\/p>\n<p>&#13;<br \/>\nTrzecie miejsce zaj\u0119\u0142a natomiast Konfederacja z\u00a0poparciem 13,4 proc. respondent\u00f3w. &#13;\n<\/p>\n<p>&#13;<br \/>\nW Sejmie znalaz\u0142yby si\u0119 jeszcze Lewica z\u00a09,2 proc. g\u0142os\u00f3w i\u00a0Konfederacja Koron Polskiej, na\u00a0kt\u00f3r\u0105 chce g\u0142osowa\u0107 8\u00a0proc. badanych. &#13;\n<\/p>\n<p>Ugrupowania parlamentarne poza Sejmem<\/p>\n<p>&#13;<br \/>\nPoza Sejmem znalaz\u0142yby si\u0119 natomiast ugrupowania, kt\u00f3re dzisiaj maj\u0105 swoj\u0105 reprezentacje parlamentarn\u0105. &#13;\n<\/p>\n<p>&#13;<br \/>\n5-procentowego progu wyborczego nie\u00a0przekroczy\u0142y: Partia Razem (3 proc.), Polska 2050 (1,7 proc.) i\u00a0PSL (1,6 proc.). &#13;\n<\/p>\n<p>&#13;<br \/>\n&#8222;Koalicja Obywatelska straci\u0142a 2,8 punktu procentowego, a\u00a0Prawo i\u00a0Sprawiedliwo\u015b\u0107 \u2013\u00a01,4 punktu. Z\u00a0kolei Nowa Lewica zyska\u0142a 1,7 punktu procentowego, co\u00a0mo\u017ce \u015bwiadczy\u0107 o\u00a0rosn\u0105cym zainteresowaniu wyborc\u00f3w tym ugrupowaniem&#8221; \u2013\u00a0informuje RMF24. &#13;\n<\/p>\n<p>Kolejny sonda\u017c. Polacy wskazali prezydenta, kt\u00f3remu najbardziej ufaj\u0105<\/p>\n<p>&#13;<br \/>\nTego samego dnia opublikowano wyniki sonda\u017cu, w\u00a0kt\u00f3rym <a href=\"https:\/\/dorzeczy.pl\/kraj\/912421\/sondaz-ktoremu-prezydentowi-polacy-ufaja-najbardziej.html\" rel=\"nofollow noopener\" target=\"_blank\">Polacy wskazali prezydenta w\u00a0dziejach III\u00a0RP<\/a>, kt\u00f3remu ufaj\u0105 najbardziej. W\u00a0nowym badaniu United Surveys dla\u00a0Wirtualnej Polski, ankietowanym zadano pytanie: &#8222;Kt\u00f3remu prezydentowi III\u00a0RP po\u00a01989 roku ufa\u0142(a) Pan\/Pani najbardziej?&#8221;. &#13;\n<\/p>\n<p>&#13;<br \/>\nPierwsze miejsce zaj\u0105\u0142 Aleksander Kwa\u015bniewski (sprawowa\u0142 urz\u0105d w\u00a0latach 1995-2005). Wskaza\u0142o na\u00a0niego 42,50 proc. respondent\u00f3w. Serwis zauwa\u017ca, \u017ce\u00a0&#8222;to wynik, kt\u00f3ry nie\u00a0pozostawia z\u0142udze\u0144 \u2013\u00a0by\u0142y prezydent zdoby\u0142 niemal trzykrotnie wi\u0119ksze poparcie ni\u017c\u00a0kolejny polityk w\u00a0zestawieniu&#8221;. &#13;\n<\/p>\n<p>&#13;<br \/>\nDrugie miejsce zaj\u0105\u0142 Lech Kaczy\u0144ski, kt\u00f3ry zgin\u0105\u0142 w\u00a0katastrofie smole\u0144skiej (prezydent w\u00a0latach 2005\u20132010). Nie\u017cyj\u0105cego prezydenta wskaza\u0142o 14,80 proc. badanych. &#13;\n<\/p>\n<p>&#13;<br \/>\nPodium zamkn\u0105\u0142 obecny prezydent Karol Nawrocki. Na\u00a0obecnie urz\u0119duj\u0105c\u0105 g\u0142ow\u0119 pa\u0144stwa wskaza\u0142o 14,30 proc. ankietowanych. &#13;\n<\/p>\n<p>&#13;<br \/>\n   Czytaj te\u017c:<br \/><a href=\"https:\/\/dorzeczy.pl\/opinie\/911989\/czy-zachod-liczy-sie-z-polska-gorzka-opinia-badanych.html\" rel=\"follow nofollow noopener\" data-schema=\"DORZECZY\" data-image=\"https:\/\/img.dorzeczy.pl\/_thumb\/72\/0b\/25325a64015b0eb8202e0ed09989.jpeg\" target=\"_blank\">Czy Polska jest powa\u017cana na\u00a0Zachodzie? Gorzka opinia badanych<\/a>   Czytaj te\u017c:<br \/><a href=\"https:\/\/dorzeczy.pl\/opinie\/912406\/sondaz-polacy-ocenili-pomoc-wojskowa-dla-ukrainy.html\" rel=\"follow nofollow noopener\" data-schema=\"DORZECZY\" data-image=\"https:\/\/img.dorzeczy.pl\/_thumb\/b8\/e4\/ce4d0c20391452a9ceb2d7e549e0.jpeg\" target=\"_blank\">Polacy ocenili skal\u0119 wsparcia dla\u00a0Ukrainy. Wynik mo\u017ce zaskoczy\u0107 polityk\u00f3w<\/a>&#13;<\/p>\n","protected":false},"excerpt":{"rendered":"&#13; Jak wynika z\u00a0badania opinii publicznej, wykonanego przez pracowni\u0119 Opinia24, gdyby wybory odby\u0142y si\u0119 w\u00a0najbli\u017csz\u0105 niedziel\u0119, zwyci\u0119\u017cy\u0142aby Koalicja&hellip;\n","protected":false},"author":2,"featured_media":546610,"comment_status":"","ping_status":"","sticky":false,"template":"","format":"standard","meta":{"footnotes":"","_share_on_mastodon":"0"},"categories":[12],"tags":[18048,32,33,98,36,37,27,3940,1006,22086,49,34,35,4463,28,31,25,103,102,529,42,38,40,39,331,41,4678,5643,423,366,29,30,26],"class_list":["post-546609","post","type-post","status-publish","format-standard","has-post-thumbnail","category-polska","tag-braun","tag-breaking-news","tag-breakingnews","tag-dorzeczy","tag-featured-news","tag-featurednews","tag-headlines","tag-ko","tag-konfederacja","tag-konfederacja-korony-polskiej","tag-kraj","tag-latest-news","tag-latestnews","tag-lewica","tag-naglowki","tag-najwazniejsze-artykuly","tag-news","tag-obserwator-mediow","tag-opinie","tag-pis","tag-pl","tag-poland","tag-polish","tag-polska","tag-polska-2050","tag-polski","tag-psl","tag-razem","tag-sejm","tag-sondaz","tag-top-stories","tag-topstories","tag-wiadomosci"],"share_on_mastodon":{"url":"https:\/\/pubeurope.com\/@pl\/116893558222411706","error":""},"_links":{"self":[{"href":"https:\/\/www.europesays.com\/pl\/wp-json\/wp\/v2\/posts\/546609","targetHints":{"allow":["GET"]}}],"collection":[{"href":"https:\/\/www.europesays.com\/pl\/wp-json\/wp\/v2\/posts"}],"about":[{"href":"https:\/\/www.europesays.com\/pl\/wp-json\/wp\/v2\/types\/post"}],"author":[{"embeddable":true,"href":"https:\/\/www.europesays.com\/pl\/wp-json\/wp\/v2\/users\/2"}],"replies":[{"embeddable":true,"href":"https:\/\/www.europesays.com\/pl\/wp-json\/wp\/v2\/comments?post=546609"}],"version-history":[{"count":0,"href":"https:\/\/www.europesays.com\/pl\/wp-json\/wp\/v2\/posts\/546609\/revisions"}],"wp:featuredmedia":[{"embeddable":true,"href":"https:\/\/www.europesays.com\/pl\/wp-json\/wp\/v2\/media\/546610"}],"wp:attachment":[{"href":"https:\/\/www.europesays.com\/pl\/wp-json\/wp\/v2\/media?parent=546609"}],"wp:term":[{"taxonomy":"category","embeddable":true,"href":"https:\/\/www.europesays.com\/pl\/wp-json\/wp\/v2\/categories?post=546609"},{"taxonomy":"post_tag","embeddable":true,"href":"https:\/\/www.europesays.com\/pl\/wp-json\/wp\/v2\/tags?post=546609"}],"curies":[{"name":"wp","href":"https:\/\/api.w.org\/{rel}","templated":true}]}}