{"id":546628,"date":"2026-07-10T03:45:08","date_gmt":"2026-07-10T03:45:08","guid":{"rendered":"https:\/\/www.europesays.com\/pl\/546628\/"},"modified":"2026-07-10T03:45:08","modified_gmt":"2026-07-10T03:45:08","slug":"tej-broni-boja-sie-nawet-amerykanie-polska-kupuje-ja-za-miliardy-biznes-wprost","status":"publish","type":"post","link":"https:\/\/www.europesays.com\/pl\/546628\/","title":{"rendered":"Tej broni boj\u0105 si\u0119 nawet Amerykanie. Polska kupuje j\u0105 za miliardy \u2013 Biznes Wprost"},"content":{"rendered":"\n<p>&#13;<br \/>\nZgodnie z\u00a0wcze\u015bniejszymi deklaracjami politycznymi, z\u00a0ko\u0144cem czerwca w\u00a0Gdyni dosz\u0142o do\u00a0podpisania serii um\u00f3w, kt\u00f3re ko\u0144cz\u0105 wieloletni\u0105 histori\u0119 poszukiwania dostawcy nowych okr\u0119t\u00f3w podwodnych dla\u00a0Marynarki Wojennej. Rozstrzygni\u0119cie programu Orka to\u00a0niew\u0105tpliwy sukces obecnego kierownictwa Ministerstwa Obrony Narodowej, a\u00a0tak\u017ce Marynarki Wojennej, kt\u00f3ra po\u00a0raz pierwszy od\u00a0lat 80. XX wieku otrzyma jednostki tej klasy prosto ze\u00a0stoczni. &#13;\n<\/p>\n<p>&#13;<br \/>\nRola okr\u0119t\u00f3w podwodnych we\u00a0wsp\u00f3\u0142czesnym \u015bwiecie jest nie\u00a0do\u00a0podwa\u017cenia. Ju\u017c sama obecno\u015b\u0107 w\u00a0regionie powoduje, \u017ce\u00a0potencjalny przeciwnik musi przygotowa\u0107 spore \u015brodki w\u00a0celu jego odnalezienia, a\u00a0w\u00a0przypadku wojny, tak\u017ce eliminacji. Dodatkowo \u015bwiadomo\u015b\u0107, \u017ce\u00a0rywal dysponuje tego typu jednostkami mo\u017ce mie\u0107 wp\u0142yw na\u00a0decyzje taktyczne i\u00a0strategiczne. W\u00a0tym przypadku warto odnotowa\u0107 przyk\u0142ady z\u00a0konflikt\u00f3w regionalnych \u2013\u00a0zatopienie ira\u0144skiej fregaty przez ameryka\u0144ski okr\u0119t podwodny w\u00a0bie\u017c\u0105cym roku doprowadzi\u0142o do\u00a0sytuacji, w\u00a0kt\u00f3rej Marynarka Wojenna Iranu pozosta\u0142a w\u00a0portach i\u00a0zosta\u0142a (w wi\u0119kszo\u015bci) wyeliminowana z\u00a0walki przez lotnictwo. W\u00a01982 roku, podczas <a href=\"https:\/\/www.wprost.pl\/swiat\/303624\/nowa-wojna-o-falklandy-argentyna-ksiaze-william-jak-konkwistado.html\" rel=\"nofollow noopener\" target=\"_blank\">wojny o\u00a0Falklandy<\/a>, zatopienie przez Brytyjczyk\u00f3w argenty\u0144skiego kr\u0105\u017cownika General Belgrano tak\u017ce doprowadzi\u0142o do\u00a0wycofania floty do\u00a0port\u00f3w na\u00a0kontynencie. &#13;\n<\/p>\n<p>Jak spychano Ork\u0119<\/p>\n","protected":false},"excerpt":{"rendered":"&#13; Zgodnie z\u00a0wcze\u015bniejszymi deklaracjami politycznymi, z\u00a0ko\u0144cem czerwca w\u00a0Gdyni dosz\u0142o do\u00a0podpisania serii um\u00f3w, kt\u00f3re ko\u0144cz\u0105 wieloletni\u0105 histori\u0119 poszukiwania dostawcy&hellip;\n","protected":false},"author":2,"featured_media":546629,"comment_status":"","ping_status":"","sticky":false,"template":"","format":"standard","meta":{"footnotes":"","_share_on_mastodon":"0"},"categories":[12],"tags":[2891,3139,2786,28083,107829,107830,107831,23206,4059,59734,42,38,40,39,41,3076,547,161,43315],"class_list":["post-546628","post","type-post","status-publish","format-standard","has-post-thumbnail","category-polska","tag-armia","tag-baltyk","tag-bron","tag-gotland","tag-lodz-podwodna","tag-lodzie-podwodne","tag-lukasz-pacholski","tag-marynarka-wojenna","tag-morze-baltyckie","tag-opinie-i-komentarze","tag-pl","tag-poland","tag-polish","tag-polska","tag-polski","tag-saab","tag-szwecja","tag-wojsko","tag-wprost"],"share_on_mastodon":{"url":"https:\/\/pubeurope.com\/@pl\/116893628664005172","error":""},"_links":{"self":[{"href":"https:\/\/www.europesays.com\/pl\/wp-json\/wp\/v2\/posts\/546628","targetHints":{"allow":["GET"]}}],"collection":[{"href":"https:\/\/www.europesays.com\/pl\/wp-json\/wp\/v2\/posts"}],"about":[{"href":"https:\/\/www.europesays.com\/pl\/wp-json\/wp\/v2\/types\/post"}],"author":[{"embeddable":true,"href":"https:\/\/www.europesays.com\/pl\/wp-json\/wp\/v2\/users\/2"}],"replies":[{"embeddable":true,"href":"https:\/\/www.europesays.com\/pl\/wp-json\/wp\/v2\/comments?post=546628"}],"version-history":[{"count":0,"href":"https:\/\/www.europesays.com\/pl\/wp-json\/wp\/v2\/posts\/546628\/revisions"}],"wp:featuredmedia":[{"embeddable":true,"href":"https:\/\/www.europesays.com\/pl\/wp-json\/wp\/v2\/media\/546629"}],"wp:attachment":[{"href":"https:\/\/www.europesays.com\/pl\/wp-json\/wp\/v2\/media?parent=546628"}],"wp:term":[{"taxonomy":"category","embeddable":true,"href":"https:\/\/www.europesays.com\/pl\/wp-json\/wp\/v2\/categories?post=546628"},{"taxonomy":"post_tag","embeddable":true,"href":"https:\/\/www.europesays.com\/pl\/wp-json\/wp\/v2\/tags?post=546628"}],"curies":[{"name":"wp","href":"https:\/\/api.w.org\/{rel}","templated":true}]}}