{"id":547101,"date":"2026-07-10T08:53:11","date_gmt":"2026-07-10T08:53:11","guid":{"rendered":"https:\/\/www.europesays.com\/pl\/547101\/"},"modified":"2026-07-10T08:53:11","modified_gmt":"2026-07-10T08:53:11","slug":"bedzie-wiadukt-na-strzegomskiej-we-wroclawiu-znamy-tez-trzy-inne-lokalizacje-w-regionie","status":"publish","type":"post","link":"https:\/\/www.europesays.com\/pl\/547101\/","title":{"rendered":"B\u0119dzie wiadukt na Strzegomskiej we Wroc\u0142awiu. Znamy te\u017c trzy inne lokalizacje w regionie"},"content":{"rendered":"<p>Tu maj\u0105 powsta\u0107 wiadukty &#8211; ulica Strzegomska we Wroc\u0142awiu.<\/p>\n<p>Fot. Google Street View<\/p>\n<p>Ulica Strzegomska we Wroc\u0142awiu znalaz\u0142a si\u0119 na li\u015bcie miejsc, w kt\u00f3rych maj\u0105 powsta\u0107 dwupoziomowe skrzy\u017cowania. Na Dolnym \u015al\u0105sku s\u0105 to tak\u017ce O\u0142awa, \u017bmigr\u00f3d i Skokowa.<\/p>\n<p style=\"text-align: justify;\">PKP PLK S.A. podczas pi\u0105tkowej konferencji prasowej og\u0142osi\u0142y podstawow\u0105 list\u0119 skrzy\u017cowa\u0144 kolejowo-drogowych, kt\u00f3re maj\u0105 zosta\u0107\u00a0wyremontowane. G\u0142\u00f3wnym za\u0142o\u017ceniem b\u0119dzie ich przebudowa na skrzy\u017cowania dwupoziomowe, co oznacza, \u017ce powstan\u0105 nowe wiadukty.<\/p>\n<p style=\"text-align: justify;\">W ca\u0142ym kraju przebudowy obejm\u0105 29 lokalizacji. 4 z nich znajduj\u0105 si\u0119 na Dolnym \u015al\u0105sku:<\/p>\n<p>&#13;<br \/>\nWroc\u0142aw, ul. Strzegomska,&#13;<br \/>\nO\u0142awa, ul. Wiejska,&#13;<br \/>\n\u017bmigr\u00f3d, ul. Sienkiewicza,&#13;<br \/>\nSkokowa, ul. Wroc\u0142awska.&#13;<\/p>\n<p style=\"text-align: justify;\">Wiadukt na ulicy Strzegomskiej we Wroc\u0142awiu powstanie przy obecnym rondzie Rotmistrza Witolda Pileckiego. Pozosta\u0142e skrzy\u017cowania z torami kolejowymi na tej ulicy s\u0105 ju\u017c dwupoziomowe.\u00a0Na razie nie podano jeszcze termin\u00f3w rozpocz\u0119cia inwestycji.<\/p>\n<p style=\"text-align: justify;\">By\u0142e\u015b \u015bwiadkiem wypadku lub innego zdarzenia na drodze? A mo\u017ce stoisz w korku i chcesz przestrzec innych kierowc\u00f3w? Zadzwo\u0144 na telefon drogowy Radia Wroc\u0142aw: 71 339 33 55.<\/p>\n","protected":false},"excerpt":{"rendered":"Tu maj\u0105 powsta\u0107 wiadukty &#8211; ulica Strzegomska we Wroc\u0142awiu. Fot. Google Street View Ulica Strzegomska we Wroc\u0142awiu znalaz\u0142a&hellip;\n","protected":false},"author":2,"featured_media":547102,"comment_status":"","ping_status":"","sticky":false,"template":"","format":"standard","meta":{"footnotes":"","_share_on_mastodon":"0"},"categories":[51607],"tags":[56590,6123,107906,34720,42,38,40,39,41,56174,107905,70277,55478,31600,55110,14835,1853,55111,68640],"class_list":["post-547101","post","type-post","status-publish","format-standard","has-post-thumbnail","category-wroclaw","tag-bedzie","tag-inne","tag-lokalizacje","tag-na","tag-pl","tag-poland","tag-polish","tag-polska","tag-polski","tag-regionie","tag-strzegomskiej","tag-tez","tag-trzy","tag-w","tag-we","tag-wiadukt","tag-wroclaw","tag-wroclawiu","tag-znamy"],"share_on_mastodon":{"url":"https:\/\/pubeurope.com\/@pl\/116894840007111159","error":""},"_links":{"self":[{"href":"https:\/\/www.europesays.com\/pl\/wp-json\/wp\/v2\/posts\/547101","targetHints":{"allow":["GET"]}}],"collection":[{"href":"https:\/\/www.europesays.com\/pl\/wp-json\/wp\/v2\/posts"}],"about":[{"href":"https:\/\/www.europesays.com\/pl\/wp-json\/wp\/v2\/types\/post"}],"author":[{"embeddable":true,"href":"https:\/\/www.europesays.com\/pl\/wp-json\/wp\/v2\/users\/2"}],"replies":[{"embeddable":true,"href":"https:\/\/www.europesays.com\/pl\/wp-json\/wp\/v2\/comments?post=547101"}],"version-history":[{"count":0,"href":"https:\/\/www.europesays.com\/pl\/wp-json\/wp\/v2\/posts\/547101\/revisions"}],"wp:featuredmedia":[{"embeddable":true,"href":"https:\/\/www.europesays.com\/pl\/wp-json\/wp\/v2\/media\/547102"}],"wp:attachment":[{"href":"https:\/\/www.europesays.com\/pl\/wp-json\/wp\/v2\/media?parent=547101"}],"wp:term":[{"taxonomy":"category","embeddable":true,"href":"https:\/\/www.europesays.com\/pl\/wp-json\/wp\/v2\/categories?post=547101"},{"taxonomy":"post_tag","embeddable":true,"href":"https:\/\/www.europesays.com\/pl\/wp-json\/wp\/v2\/tags?post=547101"}],"curies":[{"name":"wp","href":"https:\/\/api.w.org\/{rel}","templated":true}]}}