{"id":54720,"date":"2025-10-17T21:56:13","date_gmt":"2025-10-17T21:56:13","guid":{"rendered":"https:\/\/www.europesays.com\/pl\/54720\/"},"modified":"2025-10-17T21:56:13","modified_gmt":"2025-10-17T21:56:13","slug":"obraczka-dla-drogowych-recydywistow-resort-wpadl-na-rewolucyjny-pomysl","status":"publish","type":"post","link":"https:\/\/www.europesays.com\/pl\/54720\/","title":{"rendered":"Obr\u0105czka dla drogowych recydywist\u00f3w. Resort wpad\u0142 na rewolucyjny pomys\u0142"},"content":{"rendered":"<p class=\"ods-c-paragraph \">Jak zdradzi\u0142 w rozmowie z RMF FM minister sprawiedliwo\u015bci Waldemar \u017burek, resort rozwa\u017ca wprowadzenie obr\u0105czek, kt\u00f3re mo\u017cna by zak\u0142ada\u0107 na r\u0119k\u0119 kierowcom z orzeczonym zakazem prowadzenia pojazd\u00f3w i kt\u00f3re nadzorowa\u0142yby stosowanie si\u0119 do tego zakazu. Obr\u0105czka przekazywa\u0142aby policji informacj\u0119, czy dana osoba prowadzi samoch\u00f3d, czy jest tylko pasa\u017cerem. Na razie pomys\u0142 jest na etapie sondowania, czy mo\u017cliwa jest produkcja takich urz\u0105dze\u0144 i wprowadzenie projektu w \u017cycie.<\/p>\n<p class=\"ods-c-paragraph \">Zobacz tak\u017ce: <a data-section=\"zobacz-takze-body\" href=\"https:\/\/www.auto-swiat.pl\/wiadomosci\/aktualnosci\/ponad-7-tys-kierowcow-zlamalo-sadowy-zakaz-prowadzenia-pojazdow-czy-kary-sa\/mmxyqfp\" id=\"a154ffcf-9346-4c98-aed8-c8630c95e711\" rel=\"nofollow noopener\" target=\"_blank\">Eksperci alarmuj\u0105 \u2014 brak egzekwowania prawa wobec recydywist\u00f3w drogowych<\/a><\/p>\n<p>Dalszy ci\u0105g artyku\u0142u pod materia\u0142em wideo<\/p>\n<p> Jakie s\u0105 nowe rozwi\u0105zania dla kierowc\u00f3w \u0142ami\u0105cych zakazy? <\/p>\n<p> Kiedy ministerstwo rozwa\u017ca wprowadzenie obr\u0105czek? <\/p>\n<p> Ile os\u00f3b w 2024 roku otrzyma\u0142o zakazy prowadzenia pojazd\u00f3w? <\/p>\n<p> Jakie inne metody kontroli kierowc\u00f3w s\u0105 brane pod uwag\u0119? <\/p>\n<p>  Obr\u0105czki dla kierowc\u00f3w z zakazem prowadzania pojazd\u00f3w   <\/p>\n<p class=\"ods-c-paragraph \">\u2014 My produkujemy te urz\u0105dzenia w Polsce. Jeste\u015bmy w tym nie\u017ali i na razie prowadzimy sonda\u017ce. Chc\u0119 si\u0119 spotka\u0107 z producentami i zbada\u0107, czy jeste\u015bmy w stanie za\u0142o\u017cy\u0107 komu\u015b na r\u0119k\u0119 obr\u0105czk\u0119, kt\u00f3ra b\u0119dzie wiedzia\u0142a, czy prowadzi, czy jest pasa\u017cerem \u2014 powiedzia\u0142 Waldemar \u017burek w rozmowie z RMF FM.<\/p>\n<p class=\"ods-c-paragraph \">Ministerstwo Sprawiedliwo\u015bci we wrze\u015bniu przytoczy\u0142o alarmuj\u0105ce dane i zapowiedzia\u0142o kroki maj\u0105ce na celu skuteczniejsze zwalczanie tego typu przest\u0119pstw drogowych. W 2024 r. s\u0105dy orzek\u0142y zakazy wobec 13 tys. 84 kierowc\u00f3w, a w pierwszej po\u0142owie 2025 r. wobec 7 tys. 601. Wiele os\u00f3b nagminnie \u0142amie te zakazy, zwi\u0119kszaj\u0105c tym samym zagro\u017cenie na drogach. Niekt\u00f3rzy s\u0105 za to karani kolejnymi zakazami, kt\u00f3re ponownie \u0142ami\u0105. Resort sprawiedliwo\u015bci chce przerwa\u0107 to b\u0142\u0119dne ko\u0142o, m.in. wprowadzaj\u0105c nowe sposoby kontroli.<\/p>\n<p class=\"ods-c-paragraph \">Zobacz tak\u017ce: <a data-section=\"zobacz-takze-body\" href=\"https:\/\/www.auto-swiat.pl\/wiadomosci\/aktualnosci\/wielka-kontrola-kierowcow-lamiacych-zakazy-pilne-kontrole-ich-spraw\/5hkyqp9\" id=\"83b92536-6a9b-481a-a919-276a6cea3ea9\" rel=\"nofollow noopener\" target=\"_blank\">Drogowi recydywi\u015bci pod lup\u0105. Resort zapowiedzia\u0142 kontrole ich spraw<\/a><\/p>\n<p class=\"ods-c-paragraph \">Obok wspomnianych ju\u017c obr\u0105czek rozwi\u0105zaniem mo\u017ce by\u0107 wykorzystanie nowoczesnych kamer monitoringu. Mog\u0142yby identyfikowa\u0107 kierowc\u00f3w z zakazami dzi\u0119ki rozpoznawaniu twarzy i por\u00f3wnywaniu ich z baz danych po\u0142\u0105czon\u0105 z Centraln\u0105 Ewidencj\u0105 Pojazd\u00f3w i Kierowc\u00f3w.<\/p>\n<p class=\"ods-c-paragraph \">Waldemar \u017burek powiedzia\u0142 te\u017c w rozmowie z RMF FM, \u017ce problemem jest spos\u00f3b karania kierowc\u00f3w. Cz\u0119\u015b\u0107 wyrok\u00f3w zapada bez rozprawy, co oznacza, \u017ce s\u0119dziowie mog\u0105 nie sprawdza\u0107 Krajowego Rejestru S\u0105dowego i wydawa\u0107 kolejny zakaz, zamiast zastosowania innej, bardziej odstraszaj\u0105cej kary (za naruszenie s\u0105dowych zakaz\u00f3w grozi od 3 miesi\u0119cy do 5 lat pozbawienia wolno\u015bci). Szef resortu sprawiedliwo\u015bci zapowiedzia\u0142, \u017ce chce zmieni\u0107 w tej kwestii prawo.<\/p>\n","protected":false},"excerpt":{"rendered":"Jak zdradzi\u0142 w rozmowie z RMF FM minister sprawiedliwo\u015bci Waldemar \u017burek, resort rozwa\u017ca wprowadzenie obr\u0105czek, kt\u00f3re mo\u017cna by&hellip;\n","protected":false},"author":2,"featured_media":54721,"comment_status":"","ping_status":"","sticky":false,"template":"","format":"standard","meta":{"footnotes":"","_share_on_mastodon":"0"},"categories":[5],"tags":[32,33,11624,36,37,27,496,34,35,1380,28,31,48,25,46,42,38,40,39,41,47,29,30,793,26],"class_list":["post-54720","post","type-post","status-publish","format-standard","has-post-thumbnail","category-naglowki","tag-breaking-news","tag-breakingnews","tag-cc_tst0","tag-featured-news","tag-featurednews","tag-headlines","tag-kierowcy","tag-latest-news","tag-latestnews","tag-ministerstwo_sprawiedliwosci","tag-naglowki","tag-najwazniejsze-artykuly","tag-nat_styl","tag-news","tag-omp","tag-pl","tag-poland","tag-polish","tag-polska","tag-polski","tag-screening_general","tag-top-stories","tag-topstories","tag-waldemar_zurek","tag-wiadomosci"],"share_on_mastodon":{"url":"","error":""},"_links":{"self":[{"href":"https:\/\/www.europesays.com\/pl\/wp-json\/wp\/v2\/posts\/54720","targetHints":{"allow":["GET"]}}],"collection":[{"href":"https:\/\/www.europesays.com\/pl\/wp-json\/wp\/v2\/posts"}],"about":[{"href":"https:\/\/www.europesays.com\/pl\/wp-json\/wp\/v2\/types\/post"}],"author":[{"embeddable":true,"href":"https:\/\/www.europesays.com\/pl\/wp-json\/wp\/v2\/users\/2"}],"replies":[{"embeddable":true,"href":"https:\/\/www.europesays.com\/pl\/wp-json\/wp\/v2\/comments?post=54720"}],"version-history":[{"count":0,"href":"https:\/\/www.europesays.com\/pl\/wp-json\/wp\/v2\/posts\/54720\/revisions"}],"wp:featuredmedia":[{"embeddable":true,"href":"https:\/\/www.europesays.com\/pl\/wp-json\/wp\/v2\/media\/54721"}],"wp:attachment":[{"href":"https:\/\/www.europesays.com\/pl\/wp-json\/wp\/v2\/media?parent=54720"}],"wp:term":[{"taxonomy":"category","embeddable":true,"href":"https:\/\/www.europesays.com\/pl\/wp-json\/wp\/v2\/categories?post=54720"},{"taxonomy":"post_tag","embeddable":true,"href":"https:\/\/www.europesays.com\/pl\/wp-json\/wp\/v2\/tags?post=54720"}],"curies":[{"name":"wp","href":"https:\/\/api.w.org\/{rel}","templated":true}]}}