{"id":547463,"date":"2026-07-10T12:29:12","date_gmt":"2026-07-10T12:29:12","guid":{"rendered":"https:\/\/www.europesays.com\/pl\/547463\/"},"modified":"2026-07-10T12:29:12","modified_gmt":"2026-07-10T12:29:12","slug":"lublin-odpowiada-poslowi-michalowi-moskalowi-i-radnym-pis-historia-nie-powinna-byc-zakladnikiem-biezacej-polityki","status":"publish","type":"post","link":"https:\/\/www.europesays.com\/pl\/547463\/","title":{"rendered":"Lublin odpowiada pos\u0142owi Micha\u0142owi Moskalowi i radnym PiS. \u201eHistoria nie powinna by\u0107 zak\u0142adnikiem bie\u017c\u0105cej polityki\u201d"},"content":{"rendered":"<p>Komentarz w imieniu Miasta Lublin przekaza\u0142a Justyna G\u00f3\u017ad\u017a, rzecznik prasowy Prezydenta Miasta Lublin. Jak zaznaczy\u0142a, stanowisko samorz\u0105du w kwestiach dotycz\u0105cych pami\u0119ci historycznej pozostaje niezmienne.<\/p>\n<p>\u2013 Opowiadamy si\u0119 za prawd\u0105, szacunkiem dla ofiar oraz odpowiedzialn\u0105 rozmow\u0105 o naszej wsp\u00f3lnej, tak\u017ce trudnej historii. Lublin b\u0119dzie konsekwentnie wspiera\u0142 dzia\u0142ania s\u0142u\u017c\u0105ce pami\u0119ci, pojednaniu i dobros\u0105siedzkim relacjom polsko-ukrai\u0144skim \u2013 przekaza\u0142a Justyna G\u00f3\u017ad\u017a.<\/p>\n<p>Przedstawicielka miasta podkre\u015bli\u0142a, \u017ce trwa\u0142e pojednanie wymaga zar\u00f3wno krytycznego spojrzenia na wydarzenia historyczne, jak i odpowiedzialno\u015bci za przysz\u0142e relacje pomi\u0119dzy Polakami i Ukrai\u0144cami.<\/p>\n<p>\u201eHistoria nie powinna by\u0107 zak\u0142adnikiem bie\u017c\u0105cej polityki\u201d<\/p>\n<p>W stanowisku lubelskiego ratusza znalaz\u0142o si\u0119 wyra\u017ane wezwanie, aby pami\u0119\u0107 o ofiarach zbrodni wo\u0142y\u0144skiej nie by\u0142a wykorzystywana w bie\u017c\u0105cych sporach politycznych.<\/p>\n<p>\u2013 Historia nie powinna by\u0107 jednak zak\u0142adnikiem bie\u017c\u0105cej polityki. Tragedia Wo\u0142ynia zas\u0142uguje na prawd\u0119, godn\u0105 pami\u0119\u0107 i szacunek dla ofiar, a nie na wykorzystywanie jej jako narz\u0119dzia do podsycania wrogo\u015bci wobec wsp\u00f3\u0142czesnych obywateli \u2013 zaznaczy\u0142a rzeczniczka.<\/p>\n<p>Miasto wskazuje, \u017ce osoby sprzeciwiaj\u0105ce si\u0119 decyzjom ukrai\u0144skich w\u0142adz lub samorz\u0105d\u00f3w maj\u0105 prawo do protestu. Powinien on jednak zosta\u0107 skierowany do instytucji, kt\u00f3re odpowiadaj\u0105 za podejmowanie krytykowanych decyzji.<\/p>\n<p>Zdaniem ratusza nie ma podstaw, aby zarzuty kierowa\u0107 wobec polskich samorz\u0105d\u00f3w, kt\u00f3re nie uczestnicz\u0105 w przyjmowaniu uchwa\u0142 przez organy administracji lokalnej i regionalnej w Ukrainie oraz nie maj\u0105 wp\u0142ywu na ich tre\u015b\u0107.<\/p>\n<p>Ratusz sprzeciwia si\u0119 odpowiedzialno\u015bci zbiorowej<\/p>\n<p>Miasto Lublin oceni\u0142o r\u00f3wnie\u017c, \u017ce sp\u00f3r dotycz\u0105cy decyzji ukrai\u0144skich w\u0142adz nie powinien by\u0107 przenoszony na obywateli Ukrainy mieszkaj\u0105cych w Polsce.<\/p>\n<p>Jak podkre\u015blono w stanowisku, wsp\u00f3\u0142cze\u015bni Ukrai\u0144cy nie odpowiadaj\u0105 ani za zbrodnie pope\u0142nione ponad 80 lat temu, ani za aktualne uchwa\u0142y i stanowiska przyjmowane przez rady miejskie lub obwodowe w Ukrainie.<\/p>\n<p>\u2013 Je\u017celi chcemy by\u0107 wiarygodni w domaganiu si\u0119 prawdy historycznej, musimy odrzuci\u0107 zasad\u0119 odpowiedzialno\u015bci zbiorowej \u2013 zaznaczy\u0142a Justyna G\u00f3\u017ad\u017a.<\/p>\n<p>Rzeczniczka doda\u0142a, \u017ce mo\u017cliwe jest jednoczesne domaganie si\u0119 ekshumacji, godnych poch\u00f3wk\u00f3w i jednoznacznego nazwania pope\u0142nionych zbrodni oraz okazywanie szacunku wsp\u00f3\u0142czesnym obywatelom Ukrainy.<\/p>\n<p>\u2013 Mo\u017cna krytykowa\u0107 decyzje ukrai\u0144skich w\u0142adz, domaga\u0107 si\u0119 ekshumacji, godnych poch\u00f3wk\u00f3w i uczciwego nazwania zbrodni, a jednocze\u015bnie z szacunkiem traktowa\u0107 wsp\u00f3\u0142czesnych Ukrai\u0144c\u00f3w oraz polskie samorz\u0105dy, kt\u00f3re od lat rozwijaj\u0105 partnerstwo i wsp\u00f3\u0142prac\u0119 z miastami ukrai\u0144skimi \u2013 czytamy w stanowisku.<\/p>\n<p>Stanowisko lwowskiej komisji nie jest ostateczn\u0105 decyzj\u0105<\/p>\n<p>Miasto Lublin odnios\u0142o si\u0119 r\u00f3wnie\u017c do stanowiska przyj\u0119tego 6 lipca 2026 roku przez Komisj\u0119 Kultury, Polityki Informacyjnej i Promocji Lwowskiej Rady Obwodowej.<\/p>\n<p>Wed\u0142ug informacji przekazanych przez ratusz dokument ma obecnie charakter propozycji popartej przez cz\u0142onk\u00f3w komisji. Nie jest natomiast ostateczn\u0105 decyzj\u0105 Lwowskiej Rady Obwodowej, kt\u00f3ra pozostaje organem w\u0142a\u015bciwym do jej podj\u0119cia.<\/p>\n<p>Miasto zaznacza tym samym, \u017ce na obecnym etapie nie nale\u017cy przedstawia\u0107 stanowiska komisji jako wi\u0105\u017c\u0105cej uchwa\u0142y ca\u0142ej rady obwodowej.<\/p>\n<p>Lublin broni wsp\u00f3\u0142pracy partnerskiej ze Lwowem<\/p>\n<p>Ratusz podkre\u015bli\u0142, \u017ce wsp\u00f3\u0142praca partnerska Lublina ze Lwowem jest prowadzona zgodnie z obowi\u0105zuj\u0105cym prawem. Powo\u0142a\u0142 si\u0119 przy tym na artyku\u0142 172 ust\u0119p 2 Konstytucji Rzeczypospolitej Polskiej, kt\u00f3ry przyznaje jednostkom samorz\u0105du terytorialnego prawo do wsp\u00f3\u0142pracy ze spo\u0142eczno\u015bciami lokalnymi i regionalnymi innych pa\u0144stw.<\/p>\n<p>Partnerstwo obu miast ma opiera\u0107 si\u0119 na wieloletnich kontaktach samorz\u0105dowych oraz wsp\u00f3lnie realizowanych projektach. W ocenie w\u0142adz Lublina spory dotycz\u0105ce polityki historycznej nie powinny automatycznie prowadzi\u0107 do zrywania tej wsp\u00f3\u0142pracy.<\/p>\n<p>\u2013 Pami\u0119\u0107 o ofiarach wymaga prawdy i odwagi. Protest r\u00f3wnie\u017c wymaga odpowiedzialno\u015bci i powinien by\u0107 kierowany do w\u0142a\u015bciwych adresat\u00f3w. Tylko wtedy s\u0142u\u017cy sprawiedliwo\u015bci, a nie pog\u0142\u0119bianiu podzia\u0142\u00f3w, z czego korzystaj\u0105 wy\u0142\u0105cznie \u015brodowiska skrajne, po obu stronach granicy \u2013 przekaza\u0142a rzeczniczka.<\/p>\n<p>Miasto wskazuje na dialog w\u0142adz Polski i Ukrainy<\/p>\n<p>W\u0142adze Lublina pozytywnie oceni\u0142y utrzymywanie bezpo\u015bredniego dialogu pomi\u0119dzy przedstawicielami Polski i Ukrainy, mimo r\u00f3\u017cnic w ocenie wydarze\u0144 historycznych.<\/p>\n<p>W stanowisku przywo\u0142ano spotkanie prezydent\u00f3w Karola Nawrockiego i Wo\u0142odymyra Ze\u0142enskiego, a tak\u017ce rozmowy ministr\u00f3w spraw zagranicznych obu pa\u0144stw. Zdaniem ratusza pokazuj\u0105 one, \u017ce nawet najtrudniejsze kwestie powinny by\u0107 omawiane przez w\u0142a\u015bciwych partner\u00f3w politycznych i instytucjonalnych.<\/p>\n<p>Miasto wyrazi\u0142o jednocze\u015bnie zdziwienie narracj\u0105 przedstawion\u0105 przez pos\u0142a Micha\u0142a Moskala i radnych PiS, oceniaj\u0105c, \u017ce mo\u017ce by\u0107 ona sprzeczna ze stanowiskiem prezentowanym przez przedstawicieli najwy\u017cszych w\u0142adz pa\u0144stwowych.<\/p>\n<p>\u0179r\u00f3d\u0142o: UM Lublin<\/p>\n","protected":false},"excerpt":{"rendered":"Komentarz w imieniu Miasta Lublin przekaza\u0142a Justyna G\u00f3\u017ad\u017a, rzecznik prasowy Prezydenta Miasta Lublin. Jak zaznaczy\u0142a, stanowisko samorz\u0105du w&hellip;\n","protected":false},"author":2,"featured_media":547464,"comment_status":"","ping_status":"","sticky":false,"template":"","format":"standard","meta":{"footnotes":"","_share_on_mastodon":"0"},"categories":[51612],"tags":[1081,9665,86382,59191,42,38,40,39,41,7797,102262,107950,92926],"class_list":["post-547463","post","type-post","status-publish","format-standard","has-post-thumbnail","category-lublin","tag-lublin","tag-lwow","tag-michal-moskal","tag-pamiec-historyczna","tag-pl","tag-poland","tag-polish","tag-polska","tag-polski","tag-prawo-i-sprawiedliwosc","tag-stosunki-polsko-ukrainskie","tag-wspolpraca-samorzadowa","tag-zbrodnia-wolynska"],"share_on_mastodon":{"url":"https:\/\/pubeurope.com\/@pl\/116895689297291423","error":""},"_links":{"self":[{"href":"https:\/\/www.europesays.com\/pl\/wp-json\/wp\/v2\/posts\/547463","targetHints":{"allow":["GET"]}}],"collection":[{"href":"https:\/\/www.europesays.com\/pl\/wp-json\/wp\/v2\/posts"}],"about":[{"href":"https:\/\/www.europesays.com\/pl\/wp-json\/wp\/v2\/types\/post"}],"author":[{"embeddable":true,"href":"https:\/\/www.europesays.com\/pl\/wp-json\/wp\/v2\/users\/2"}],"replies":[{"embeddable":true,"href":"https:\/\/www.europesays.com\/pl\/wp-json\/wp\/v2\/comments?post=547463"}],"version-history":[{"count":0,"href":"https:\/\/www.europesays.com\/pl\/wp-json\/wp\/v2\/posts\/547463\/revisions"}],"wp:featuredmedia":[{"embeddable":true,"href":"https:\/\/www.europesays.com\/pl\/wp-json\/wp\/v2\/media\/547464"}],"wp:attachment":[{"href":"https:\/\/www.europesays.com\/pl\/wp-json\/wp\/v2\/media?parent=547463"}],"wp:term":[{"taxonomy":"category","embeddable":true,"href":"https:\/\/www.europesays.com\/pl\/wp-json\/wp\/v2\/categories?post=547463"},{"taxonomy":"post_tag","embeddable":true,"href":"https:\/\/www.europesays.com\/pl\/wp-json\/wp\/v2\/tags?post=547463"}],"curies":[{"name":"wp","href":"https:\/\/api.w.org\/{rel}","templated":true}]}}