{"id":547515,"date":"2026-07-10T12:59:12","date_gmt":"2026-07-10T12:59:12","guid":{"rendered":"https:\/\/www.europesays.com\/pl\/547515\/"},"modified":"2026-07-10T12:59:12","modified_gmt":"2026-07-10T12:59:12","slug":"pierwszy-wniosek-o-pieniadze-na-konsolidacje-szpitali-poznan-testuje-fundusz-medyczny","status":"publish","type":"post","link":"https:\/\/www.europesays.com\/pl\/547515\/","title":{"rendered":"Pierwszy wniosek o pieni\u0105dze na konsolidacj\u0119 szpitali. Pozna\u0144 testuje Fundusz Medyczny"},"content":{"rendered":"<p class=\"news__lead\">Uniwersytet Medyczny w Poznaniu jako pierwszy zg\u0142osi\u0142 projekt do konkursu Ministerstwa Zdrowia na wsparcie konsolidacji szpitali z Funduszu Medycznego. Wniosek dotyczy konsolidacji Uniwersyteckiego Szpitala Klinicznego oraz Ginekologiczno-Po\u0142o\u017cniczego Szpitala Klinicznego. To pierwszy praktyczny sprawdzian programu, kt\u00f3ry ma wspiera\u0107 nie tylko inwestycje, ale tak\u017ce zmian\u0119 organizacji leczenia.<\/p>\n<p>                                                                                                                                                                                                                                                                                    <a name=\"topic_0\">Konsolidacja szpitali w Poznaniu jako pierwszy test programu<\/a>  <\/p>\n<p>Od 1 lipca trwa nab\u00f3r do konkursu Ministerstwa Zdrowia, w kt\u00f3rym na procesy konsolidacji szpitali przeznaczono ponad 1 mld z\u0142 z Funduszu Medycznego. Resort zak\u0142ada, \u017ce program ma wspiera\u0107 tworzenie silniejszych organizacyjnie podmiot\u00f3w leczniczych, lepsze wykorzystanie infrastruktury i kadr oraz bardziej kompleksow\u0105 opiek\u0119 nad pacjentami.<\/p>\n<p>Pierwszy wniosek z\u0142o\u017cy\u0142 Uniwersytet Medyczny im. Karola Marcinkowskiego w Poznaniu. Projekt obejmuje konsolidacj\u0119 Uniwersyteckiego Szpitala Klinicznego oraz Ginekologiczno-Po\u0142o\u017cniczego Szpitala Klinicznego. Wed\u0142ug Ministerstwa Zdrowia po\u0142\u0105czenie potencja\u0142u obu plac\u00f3wek ma stworzy\u0107 silny wielospecjalistyczny o\u015brodek kliniczny, poprawi\u0107 koordynacj\u0119 leczenia i u\u0142atwi\u0107 pacjentom dost\u0119p do wysokospecjalistycznych \u015bwiadcze\u0144.<\/p>\n<p>  <a name=\"topic_1\">Od zasad konkursu do pierwszego wniosku<\/a>  <\/p>\n<p>PolitykaZdrowotna.com opisywa\u0142a ju\u017c zasady konkursu na konsolidacj\u0119 szpitali i w\u0105tpliwo\u015bci wok\u00f3\u0142 wyd\u0142u\u017cenia sieci szpitali do 2029 r. Teraz pojawi\u0142 si\u0119 pierwszy konkretny wniosek: Uniwersytet Medyczny w Poznaniu chce po\u0142\u0105czy\u0107 potencja\u0142 dw\u00f3ch szpitali klinicznych. To dobry moment, by sprawdzi\u0107, czy Fundusz Medyczny stanie si\u0119 narz\u0119dziem reorganizacji opieki, czy g\u0142\u00f3wnie \u017ar\u00f3d\u0142em finansowania inwestycji infrastrukturalnych.<\/p>\n<p>Program konsolidacji szpitali zosta\u0142 og\u0142oszony w kwietniu. Ministerstwo Zdrowia przeznaczy\u0142o na niego dok\u0142adnie 1,149 mld z\u0142. O \u015brodki mog\u0105 ubiega\u0107 si\u0119 podmioty, kt\u00f3re udokumentuj\u0105 decyzj\u0119 o po\u0142\u0105czeniu nie p\u00f3\u017aniej ni\u017c do 31 marca 2027 r. Nab\u00f3r wniosk\u00f3w rozpocz\u0105\u0142 si\u0119 1 lipca i potrwa do 30 pa\u017adziernika 2026 r.<\/p>\n<p>                                    Zobacz tak\u017ce:<br \/>\n                                    &#13;<br \/>\n                                        &#13;<\/p>\n<p>                                                <a href=\"https:\/\/politykazdrowotna.com\/artykul\/konsolidacja-szpitali-n2403507\" rel=\"nofollow noopener\" target=\"_blank\"><img decoding=\"async\" src=\"https:\/\/www.europesays.com\/pl\/wp-content\/uploads\/2026\/07\/thumb__2403507_1783407417.webp\" alt=\"Konsolidacja szpitali i finansowanie ochrony zdrowia tematem wtorkowego posiedzenia Zespo\u0142u Tr\u00f3jstronnego\" class=\"content-more__img\"\/><\/a><br \/>\n                                            &#13;<br \/>\n                                                            <a href=\"https:\/\/politykazdrowotna.com\/artykul\/konsolidacja-szpitali-n2403507\" class=\"content-more__link\" rel=\"nofollow noopener\" target=\"_blank\">&#13;<br \/>\n                                                Konsolidacja szpitali i finansowanie ochrony zdrowia tematem wtorkowego posiedzenia Zespo\u0142u Tr\u00f3jstronnego&#13;<br \/>\n                                            <\/a>&#13;<br \/>\n                                        &#13;<\/p>\n<p>Dofinansowanie mo\u017ce si\u0119ga\u0107 100 proc. warto\u015bci kosztorysowej projektu. Maksymalna dotacja wynosi 20 mln z\u0142 dla konsolidacji wewn\u0105trzpodmiotowej i 70 mln z\u0142 dla konsolidacji mi\u0119dzypodmiotowej. Pieni\u0105dze mog\u0105 zosta\u0107 przeznaczone na budow\u0119, przebudow\u0119, modernizacj\u0119 lub doposa\u017cenie infrastruktury wynikaj\u0105ce z proces\u00f3w konsolidacyjnych.<\/p>\n<p>  <a name=\"topic_2\">Fundusz Medyczny ma wspiera\u0107 zmian\u0119 organizacji leczenia<\/a>  <\/p>\n<p>W pozna\u0144skim projekcie kluczowe jest to, czy konsolidacja dw\u00f3ch szpitali klinicznych prze\u0142o\u017cy si\u0119 na lepsz\u0105 organizacj\u0119 \u015bcie\u017cki pacjenta. Ministerstwo Zdrowia opisuje po\u0142\u0105czenie potencja\u0142u Uniwersyteckiego Szpitala Klinicznego i Ginekologiczno-Po\u0142o\u017cniczego Szpitala Klinicznego jako spos\u00f3b na bardziej kompleksow\u0105 opiek\u0119, lepsz\u0105 koordynacj\u0119 leczenia oraz efektywniejsze wykorzystanie infrastruktury i zasob\u00f3w obu plac\u00f3wek.<\/p>\n<p>Sama inwestycja infrastrukturalna nie przes\u0105dza jeszcze o zmianie modelu opieki. Konsolidacja powinna ogranicza\u0107 dublowanie \u015bwiadcze\u0144, porz\u0105dkowa\u0107 role poszczeg\u00f3lnych jednostek, wzmacnia\u0107 kadry i skraca\u0107 \u015bcie\u017ck\u0119 pacjenta mi\u0119dzy diagnostyk\u0105, leczeniem zabiegowym, hospitalizacj\u0105 i opiek\u0105 specjalistyczn\u0105. W szpitalach klinicznych dochodzi do tego jeszcze rola dydaktyczna i naukowa, kt\u00f3ra wymaga stabilnej organizacji zaplecza medycznego.<\/p>\n<p>  <a name=\"topic_3\">Pozna\u0144 buduje wi\u0119ksze zaplecze kliniczne<\/a>  <\/p>\n<p>Wizyta minister zdrowia Jolanty Sobiera\u0144skiej-Grendy w Poznaniu obj\u0119\u0142a rozmowy z w\u0142adzami Uniwersytetu Medycznego oraz szpitali klinicznych o planowanej konsolidacji, wsparciu z Funduszu Medycznego i dalszym rozwoju infrastruktury medycznej. Minister odwiedzi\u0142a tak\u017ce budow\u0119 Centralnego Zintegrowanego Szpitala Klinicznego, jedn\u0105 z najwi\u0119kszych inwestycji medycznych realizowanych obecnie w Polsce.<\/p>\n<p>                                    Zobacz tak\u017ce:<br \/>\n                                    &#13;<br \/>\n                                        &#13;<\/p>\n<p>                                                <a href=\"https:\/\/politykazdrowotna.com\/artykul\/gruntowna-modernizacja-n2405010\" rel=\"nofollow noopener\" target=\"_blank\"><img decoding=\"async\" src=\"https:\/\/www.europesays.com\/pl\/wp-content\/uploads\/2026\/07\/thumb__2405010_1783592319.webp\" alt=\"Gruntowna modernizacja w szpitalu wojew\u00f3dzkim w Bia\u0142ymstoku. Koszt to ponad 11 mln z\u0142\" class=\"content-more__img\"\/><\/a><br \/>\n                                            &#13;<br \/>\n                                                            <a href=\"https:\/\/politykazdrowotna.com\/artykul\/gruntowna-modernizacja-n2405010\" class=\"content-more__link\" rel=\"nofollow noopener\" target=\"_blank\">&#13;<br \/>\n                                                Gruntowna modernizacja w szpitalu wojew\u00f3dzkim w Bia\u0142ymstoku. Koszt to ponad 11 mln z\u0142&#13;<br \/>\n                                            <\/a>&#13;<br \/>\n                                        &#13;<\/p>\n<p>Wed\u0142ug resortu w najbli\u017cszym czasie do u\u017cytku maj\u0105 zosta\u0107 oddane kolejne trzy modu\u0142y nowego szpitala. Kompleks ma obejmowa\u0107 m.in. komfortowe sale chorych, nowoczesne bloki operacyjne i pracownie kardiologii inwazyjnej, a tak\u017ce zaplecze dla kszta\u0142cenia przysz\u0142ych kadr medycznych i prowadzenia bada\u0144 naukowych.<\/p>\n<p>Ministerstwo Zdrowia wskazuje, \u017ce konsolidacja ma poprawia\u0107 efektywno\u015b\u0107 zarz\u0105dzania plac\u00f3wkami, podnosi\u0107 standard opieki, umo\u017cliwia\u0107 lepsze wykorzystanie kadr i infrastruktury oraz ogranicza\u0107 dublowanie \u015bwiadcze\u0144. Resort opisuje j\u0105 jako narz\u0119dzie do uporz\u0105dkowania struktury leczenia i dopasowania \u015bwiadcze\u0144 do demografii oraz realnych potrzeb pacjent\u00f3w w regionach.<\/p>\n<p>                                                                                                                                                                                                        ]]><\/p>\n","protected":false},"excerpt":{"rendered":"Uniwersytet Medyczny w Poznaniu jako pierwszy zg\u0142osi\u0142 projekt do konkursu Ministerstwa Zdrowia na wsparcie konsolidacji szpitali z Funduszu&hellip;\n","protected":false},"author":2,"featured_media":547516,"comment_status":"","ping_status":"","sticky":false,"template":"","format":"standard","meta":{"footnotes":"","_share_on_mastodon":"0"},"categories":[51609],"tags":[107959,107955,107958,107963,107962,107954,11341,42,38,40,39,41,1817,107961,107960,107957,107956],"class_list":["post-547515","post","type-post","status-publish","format-standard","has-post-thumbnail","category-poznan","tag-finansowanie-szpitali","tag-fundusz-medyczny","tag-ginekologiczno-polozniczy-szpital-kliniczny","tag-inwestycje-w-ochronie-zdrowiamedycyna-i-zdrowie","tag-inwestycje-w-ochronie-zdrowiazdrowie-publiczne","tag-konsolidacja-szpitali","tag-ministerstwo-zdrowia","tag-pl","tag-poland","tag-polish","tag-polska","tag-polski","tag-poznan","tag-reorganizacja-opieki","tag-szpitale-kliniczne","tag-uniwersytecki-szpital-kliniczny-w-poznaniu","tag-uniwersytet-medyczny-w-poznaniu"],"share_on_mastodon":{"url":"https:\/\/pubeurope.com\/@pl\/116895807938116363","error":""},"_links":{"self":[{"href":"https:\/\/www.europesays.com\/pl\/wp-json\/wp\/v2\/posts\/547515","targetHints":{"allow":["GET"]}}],"collection":[{"href":"https:\/\/www.europesays.com\/pl\/wp-json\/wp\/v2\/posts"}],"about":[{"href":"https:\/\/www.europesays.com\/pl\/wp-json\/wp\/v2\/types\/post"}],"author":[{"embeddable":true,"href":"https:\/\/www.europesays.com\/pl\/wp-json\/wp\/v2\/users\/2"}],"replies":[{"embeddable":true,"href":"https:\/\/www.europesays.com\/pl\/wp-json\/wp\/v2\/comments?post=547515"}],"version-history":[{"count":0,"href":"https:\/\/www.europesays.com\/pl\/wp-json\/wp\/v2\/posts\/547515\/revisions"}],"wp:featuredmedia":[{"embeddable":true,"href":"https:\/\/www.europesays.com\/pl\/wp-json\/wp\/v2\/media\/547516"}],"wp:attachment":[{"href":"https:\/\/www.europesays.com\/pl\/wp-json\/wp\/v2\/media?parent=547515"}],"wp:term":[{"taxonomy":"category","embeddable":true,"href":"https:\/\/www.europesays.com\/pl\/wp-json\/wp\/v2\/categories?post=547515"},{"taxonomy":"post_tag","embeddable":true,"href":"https:\/\/www.europesays.com\/pl\/wp-json\/wp\/v2\/tags?post=547515"}],"curies":[{"name":"wp","href":"https:\/\/api.w.org\/{rel}","templated":true}]}}