{"id":547544,"date":"2026-07-10T13:15:15","date_gmt":"2026-07-10T13:15:15","guid":{"rendered":"https:\/\/www.europesays.com\/pl\/547544\/"},"modified":"2026-07-10T13:15:15","modified_gmt":"2026-07-10T13:15:15","slug":"karol-nawrocki-mial-zwrocic-sie-do-dody-gwiazda-ujawnila-zlecil-mi","status":"publish","type":"post","link":"https:\/\/www.europesays.com\/pl\/547544\/","title":{"rendered":"Karol Nawrocki mia\u0142 zwr\u00f3ci\u0107 si\u0119 do Dody. Gwiazda ujawni\u0142a: zleci\u0142 mi"},"content":{"rendered":"<p><a href=\"https:\/\/plejada.pl\/temat\/doda-piosenkarka-dorota-rabczewska\/69zbzpz\" id=\"5c0e6ddd-728d-402b-8a80-c5a77c572178\" rel=\"nofollow noopener\" target=\"_blank\">Doda <\/a>na bie\u017c\u0105co informuje o swoich dzia\u0142aniach na rzecz poprawy losu bezdomnych zwierz\u0105t. Od kilku tygodni zapowiada r\u00f3wnie\u017c prace nad ustaw\u0105, kt\u00f3r\u0105 przed swoj\u0105 tragiczn\u0105 \u015bmierci\u0105 zajmowa\u0142 si\u0119 \u0141ukasz Litewka.&#8221;Do ko\u0144ca miesi\u0105ca w ko\u0144cu \u015bwiat\u0142o dzienne ujrzy ustawa, nad kt\u00f3r\u0105 pracujemy od zimy, by ratowa\u0107 bezdomne zwierz\u0119ta przed archaicznym prawem i bezdusznym systemem. Efekt naszej wielomiesi\u0119cznej pracy nareszcie b\u0119dzie mia\u0142 szans\u0119 pom\u00f3c&#8221; \u2014 <a href=\"https:\/\/plejada.pl\/newsy\/doda-pojawila-sie-w-kancelarii-prezydenta-to-jest-jakas-masakra\/vk9nfwn\" id=\"c922fea2-38b4-4d10-b237-4f1ffeb7cb26\" rel=\"nofollow noopener\" target=\"_blank\">napisa\u0142a pod koniec czerwca po wizycie w Kancelarii Prezydenta.<\/a> Dalszy ci\u0105g artyku\u0142u pod materia\u0142em wideo Karol Nawrocki mia\u0142 zwr\u00f3ci\u0107 si\u0119 do Dody. Gwiazda ujawni\u0142a kulisy<\/p>\n<p>Teraz w rozmowie z Plotkiem piosenkarka ujawni\u0142a, \u017ce ustawa ma nied\u0142ugo wej\u015b\u0107 do procedowania.<\/p>\n<p class=\"ods-o-quote__paragraph\">To jest ustawa, kt\u00f3r\u0105 prezydent Nawrocki zleci\u0142 mi i \u0141ukaszowi Litewce, \u017ceby j\u0105 stworzy\u0107 wraz z jego kancelari\u0105. Bardzo wa\u017cne jest, \u017ceby ta ustawa wesz\u0142a w \u017cycie. Pierwszy raz od 20 lat jest szansa, \u017ceby zmieni\u0107 los bezdomnych zwierz\u0105t. Ta ustawa naprawd\u0119 jest \u015bwietnie przygotowana, pod ka\u017cdym wzgl\u0119dem <\/p>\n<p>\u2014 wyjawi\u0142a.<\/p>\n<p>Artystka doda\u0142a, \u017ce w ustawie maj\u0105 zosta\u0107 zawarte aspekty, kt\u00f3re wcze\u015bniej nie by\u0142y brane pod uwag\u0119.<\/p>\n<p>&#8222;To na przyk\u0142ad krajowy rejestr ludzi zn\u0119caj\u0105cych si\u0119 nad zwierz\u0119tami, czy zakaz posiadania przez nich zwierz\u0105t do ko\u0144ca \u017cycia, kontrole i srogie kary za patoschroniska, nacisk na gminy, dofinansowanie walki z bezdomno\u015bci\u0105 poprzez kastracj\u0119, edukacja szkolna oparta o zwi\u0119kszanie poczucia empatii i potrzeby pomocy zwierz\u0119tom. I to, na co wszyscy czekaj\u0105 \u2014 kontrole schronisk z prawdziwego zdarzenia, bez szans na korupcj\u0119 i kolesiostwo&#8221; \u2014 zdradzi\u0142a.<\/p>\n<p>          <img class=\"ods-a-photo ods-a-photo--background\" src=\"https:\/\/www.europesays.com\/pl\/wp-content\/uploads\/2026\/07\/asGk9lBaHR0cHM6Ly9vY2RuLmV1L3B1bHNjbXMvTURBXy8yY2VhZTY0NTUzODUzN2Q2N2JmZjIxZWFhZjQ2NjViNi5qcGeRkwXNB.jpeg\" height=\"530\" width=\"940\" alt=\"Doda\" loading=\"lazy\" fetchpriority=\"auto\" decoding=\"auto\"\/>    <\/p>\n<p>Piotr Andrzejczak \/ MW Media<\/p>\n<p>  Doda  <\/p>\n<p>   Dzi\u0119kujemy, \u017ce przeczyta\u0142a\u015b\/e\u015b nasz artyku\u0142 do ko\u0144ca. W serwisie Plejada.pl ka\u017cdego dnia piszemy o najwa\u017cniejszych wydarzeniach show-biznesowych. B\u0105d\u017a na bie\u017c\u0105co!<a rel=\"nofollow noopener\" href=\"https:\/\/profile.google.com\/cp\/Cg0vZy8xMWJ6X19wdHBx\" id=\"ac1463d8-b49a-4cc4-a3fc-7a019d879c2b\" target=\"_blank\"> Obserwuj<\/a> Plejad\u0119 w Google. Odwied\u017a nas tak\u017ce na<a rel=\"nofollow noopener\" href=\"https:\/\/www.facebook.com\/plejadapl\" id=\"b48278a0-af8a-44f9-afc6-aae94a01f6a9\" target=\"_blank\"> Facebooku<\/a>,<a rel=\"nofollow noopener\" href=\"https:\/\/www.instagram.com\/plejadapl\/\" id=\"bb23a92d-7dd4-4f39-b532-d0c9281ef8de\" target=\"_blank\"> Instagramie<\/a>,<a rel=\"nofollow noopener\" href=\"https:\/\/www.youtube.com\/c\/plejada\" id=\"74163ad1-491c-416e-ba7b-9285ff0a52f8\" target=\"_blank\"> YouTubie<\/a> oraz<a rel=\"nofollow noopener\" href=\"https:\/\/www.tiktok.com\/@plejada_pl\" id=\"54fb8f16-afc6-4a13-8c0f-84fcfd1690e1\" target=\"_blank\"> TikToku<\/a>.Chcesz podzieli\u0107 si\u0119 ciekawym newsem lub zaproponowa\u0107 temat? Skontaktuj si\u0119 z nami, pisz\u0105c maila na adres: <a rel=\"nofollow noopener\" href=\"https:\/\/www.onet.pl\/styl-zycia\/plejada\/karol-nawrocki-mial-zwrocic-sie-do-dody-gwiazda-ujawnila-zlecil-mi\/mailto:plejada@redakcjaonet.pl\" id=\"4d4bc286-2463-4342-a43f-a02676102296\" target=\"_blank\">plejada@redakcjaonet.pl<\/a>.<script async src=\"\/\/www.instagram.com\/embed.js\"><\/script><script async src=\"\/\/www.tiktok.com\/embed.js\"><\/script><\/p>\n","protected":false},"excerpt":{"rendered":"Doda na bie\u017c\u0105co informuje o swoich dzia\u0142aniach na rzecz poprawy losu bezdomnych zwierz\u0105t. Od kilku tygodni zapowiada r\u00f3wnie\u017c&hellip;\n","protected":false},"author":2,"featured_media":547545,"comment_status":"","ping_status":"","sticky":false,"template":"","format":"standard","meta":{"footnotes":"","_share_on_mastodon":"0"},"categories":[62712],"tags":[61195,15920,690,43,48,125,46,55,47],"class_list":["post-547544","post","type-post","status-publish","format-standard","has-post-thumbnail","category-karol-nawrocki","tag-bottomfeed_styl","tag-doda","tag-karol-nawrocki","tag-karol_nawrocki","tag-nat_styl","tag-newsy","tag-omp","tag-phx","tag-screening_general"],"share_on_mastodon":{"url":"","error":""},"_links":{"self":[{"href":"https:\/\/www.europesays.com\/pl\/wp-json\/wp\/v2\/posts\/547544","targetHints":{"allow":["GET"]}}],"collection":[{"href":"https:\/\/www.europesays.com\/pl\/wp-json\/wp\/v2\/posts"}],"about":[{"href":"https:\/\/www.europesays.com\/pl\/wp-json\/wp\/v2\/types\/post"}],"author":[{"embeddable":true,"href":"https:\/\/www.europesays.com\/pl\/wp-json\/wp\/v2\/users\/2"}],"replies":[{"embeddable":true,"href":"https:\/\/www.europesays.com\/pl\/wp-json\/wp\/v2\/comments?post=547544"}],"version-history":[{"count":0,"href":"https:\/\/www.europesays.com\/pl\/wp-json\/wp\/v2\/posts\/547544\/revisions"}],"wp:featuredmedia":[{"embeddable":true,"href":"https:\/\/www.europesays.com\/pl\/wp-json\/wp\/v2\/media\/547545"}],"wp:attachment":[{"href":"https:\/\/www.europesays.com\/pl\/wp-json\/wp\/v2\/media?parent=547544"}],"wp:term":[{"taxonomy":"category","embeddable":true,"href":"https:\/\/www.europesays.com\/pl\/wp-json\/wp\/v2\/categories?post=547544"},{"taxonomy":"post_tag","embeddable":true,"href":"https:\/\/www.europesays.com\/pl\/wp-json\/wp\/v2\/tags?post=547544"}],"curies":[{"name":"wp","href":"https:\/\/api.w.org\/{rel}","templated":true}]}}