{"id":547555,"date":"2026-07-10T13:23:31","date_gmt":"2026-07-10T13:23:31","guid":{"rendered":"https:\/\/www.europesays.com\/pl\/547555\/"},"modified":"2026-07-10T13:23:31","modified_gmt":"2026-07-10T13:23:31","slug":"spor-o-pamiec-wolynia-i-partnerstwo-ze-lwowem-pis-zada-reakcji-prezydenta-lublina","status":"publish","type":"post","link":"https:\/\/www.europesays.com\/pl\/547555\/","title":{"rendered":"Sp\u00f3r o pami\u0119\u0107 Wo\u0142ynia i partnerstwo ze Lwowem. PiS \u017c\u0105da reakcji prezydenta Lublina"},"content":{"rendered":"<p>Konferencj\u0119 prasow\u0105 zorganizowano w pi\u0105tek, 10 lipca, w przededniu kolejnej rocznicy Krwawej Niedzieli na Wo\u0142yniu. Wzi\u0119li w niej udzia\u0142 pose\u0142 na Sejm RP Micha\u0142 Moskal, radni Prawa i Sprawiedliwo\u015bci w Radzie Miasta Lublin Robert Derewenda i Tomasz Gontarz oraz radny Rady Miasta \u015awidnik Marcin Magier.<\/p>\n<p>G\u0142\u00f3wnym tematem spotkania by\u0142a polityka historyczna prowadzona przez cz\u0119\u015b\u0107 ukrai\u0144skich w\u0142adz oraz jej wp\u0142yw na wsp\u00f3\u0142prac\u0119 samorz\u0105dow\u0105 Lublina ze Lwowem. Uczestnicy konferencji odnie\u015bli si\u0119 mi\u0119dzy innymi do informacji o planach og\u0142oszenia 2027 roku w obwodzie lwowskim rokiem Romana Szuchewycza i Ukrai\u0144skiej Powsta\u0144czej Armii.<\/p>\n<p>Politycy krytycznie ocenili r\u00f3wnie\u017c nadanie jednej z ukrai\u0144skich jednostek wojskowych nazwy odwo\u0142uj\u0105cej si\u0119 do \u201eBohater\u00f3w UPA\u201d. Ich zdaniem takie dzia\u0142ania godz\u0105 w pami\u0119\u0107 polskich ofiar zbrodni wo\u0142y\u0144skiej i wymagaj\u0105 jednoznacznej odpowiedzi ze strony polskich w\u0142adz, tak\u017ce na poziomie samorz\u0105dowym.<\/p>\n<p><img aria-describedby=\"caption-attachment-518110\" loading=\"lazy\" decoding=\"async\" class=\"wp-image-518110 size-medium\" src=\"https:\/\/www.europesays.com\/pl\/wp-content\/uploads\/2026\/07\/IN8A1883-640x427.jpg\" alt=\"Sp\u00f3r o pami\u0119\u0107 Wo\u0142ynia i partnerstwo ze Lwowem. PiS \u017c\u0105da reakcji prezydenta Lublina\" width=\"500\" height=\"334\"  \/><\/p>\n<p id=\"caption-attachment-518110\" class=\"wp-caption-text\">fot. lublin112.pl<\/p>\n<p>Micha\u0142 Moskal: milczenie Lublina jest nie do zaakceptowania<\/p>\n<p>Pose\u0142 Micha\u0142 Moskal rozpocz\u0105\u0142 wyst\u0105pienie od apelu o zdecydowan\u0105 reakcj\u0119 w\u0142adz Lublina.<\/p>\n<p>\u2013 Szanowni pa\u0144stwo, cisza jest czasami bardziej wymowna ni\u017c 1000 s\u0142\u00f3w. Dzisiaj jeste\u015bmy w przededniu kolejnej rocznicy Krwawej Niedzieli \u2013 powiedzia\u0142 parlamentarzysta.<\/p>\n<p>Wed\u0142ug Moskala w relacjach polsko-ukrai\u0144skich coraz cz\u0119\u015bciej dochodzi do sytuacji, w kt\u00f3rych polska wra\u017cliwo\u015b\u0107 historyczna nie jest respektowana. Jako przyk\u0142ady wskaza\u0142 dzia\u0142ania w\u0142adz pa\u0144stwowych Ukrainy oraz inicjatywy podejmowane we Lwowie i w obwodzie lwowskim.<\/p>\n<p>Pose\u0142 przypomnia\u0142, \u017ce Lw\u00f3w jest miastem partnerskim Lublina. W jego ocenie partnerstwo nie mo\u017ce oznacza\u0107 milczenia w sytuacji, gdy podejmowane s\u0105 inicjatywy dotycz\u0105ce os\u00f3b i organizacji odpowiedzialnych za zbrodnie na obywatelach II Rzeczypospolitej.<\/p>\n<p>\u2013 Chcemy, \u017ceby prezydent Krzysztof \u017buk si\u0119 wypowiedzia\u0142 w tej sprawie, \u017ceby przesta\u0142 ucieka\u0107, \u017ceby znalaz\u0142 sobie odwag\u0119 do tego, \u017ceby powiedzie\u0107 bardzo jasno, \u017ce te zachowania, kt\u00f3re wykonuje jego partner, mer Lwowa, s\u0105 niedopuszczalne \u2013 apelowa\u0142 Micha\u0142 Moskal.<\/p>\n<p>Parlamentarzysta przekonywa\u0142, \u017ce dalsza wsp\u00f3\u0142praca ze Lwowem powinna opiera\u0107 si\u0119 nie tylko na pomocy materialnej i kontaktach samorz\u0105dowych, lecz tak\u017ce na wzajemnym szacunku oraz odpowiedzialnym podej\u015bciu do historii.<\/p>\n<p>\u2013 Bo przyja\u017a\u0144 nie polega na tym, \u017ce my naszemu przyjacielowi b\u0119dziemy oddawa\u0107 wszystko, a nasz przyjaciel b\u0119dzie nas opluwa\u0142. Do przyja\u017ani trzeba dwojga \u2013 stwierdzi\u0142 pose\u0142.<\/p>\n<p>Sp\u00f3r o stanowisko Rady Miasta Lublin<\/p>\n<p>Istotn\u0105 cz\u0119\u015b\u0107 konferencji po\u015bwi\u0119cono projektowi stanowiska Rady Miasta Lublin dotycz\u0105cym gloryfikacji UPA oraz konieczno\u015bci ochrony pami\u0119ci o polskich ofiarach zbrodni wo\u0142y\u0144skiej.<\/p>\n<p>Jak przekazali organizatorzy konferencji, dokument uzyska\u0142 wcze\u015bniej pozytywne opinie dw\u00f3ch komisji Rady Miasta. Nie zosta\u0142 jednak przyj\u0119ty ani ostatecznie rozpatrzony podczas czerwcowej sesji. Projekt skierowano do zaopiniowania przez wszystkie komisje Rady Miasta, co \u2013 zdaniem polityk\u00f3w PiS \u2013 oznacza\u0142o odsuni\u0119cie sprawy na okres po wakacjach.<\/p>\n<p>Micha\u0142 Moskal oceni\u0142, \u017ce takie dzia\u0142anie by\u0142o pr\u00f3b\u0105 unikni\u0119cia politycznej odpowiedzialno\u015bci. Podkre\u015bla\u0142, \u017ce projekt mia\u0142 nie tylko upami\u0119tnia\u0107 ofiary, lecz tak\u017ce zobowi\u0105zywa\u0107 prezydenta Lublina do podj\u0119cia rozm\u00f3w z w\u0142adzami partnerskich miast ukrai\u0144skich.<\/p>\n<p>Pose\u0142 odni\u00f3s\u0142 si\u0119 r\u00f3wnie\u017c do odpowiedzi, kt\u00f3r\u0105 \u2013 wed\u0142ug uczestnik\u00f3w konferencji \u2013 prezydent Lublina przekaza\u0142 na interpelacj\u0119 radnego Tomasza Gontarza. Wynika\u0142o z niej, \u017ce sprawy mi\u0119dzynarodowe nale\u017c\u0105 do kompetencji w\u0142adz pa\u0144stwowych, a nie samorz\u0105dowych.<\/p>\n<p>Zdaniem Moskala taki argument nie powinien by\u0107 stosowany w odniesieniu do kontakt\u00f3w mi\u0119dzy miastami partnerskimi.<\/p>\n<p>\u2013 Uchwa\u0142a jest symbolem, no bo to rada miasta, nie tylko prezydent, ale przede wszystkim rada miasta w spos\u00f3b bezpo\u015bredni z wybor\u00f3w reprezentuje mieszka\u0144c\u00f3w \u2013 powiedzia\u0142.<\/p>\n<p>Jak doda\u0142, samorz\u0105d, kt\u00f3ry decyduje si\u0119 na formalne partnerstwo z zagranicznym miastem, powinien reagowa\u0107 r\u00f3wnie\u017c wtedy, gdy dzia\u0142ania partnera wywo\u0142uj\u0105 sprzeciw mieszka\u0144c\u00f3w lub dotycz\u0105 fundamentalnych kwestii historycznych.<\/p>\n<p><img aria-describedby=\"caption-attachment-518111\" loading=\"lazy\" decoding=\"async\" class=\"wp-image-518111 size-medium\" src=\"https:\/\/www.europesays.com\/pl\/wp-content\/uploads\/2026\/07\/IN8A1904-640x427.jpg\" alt=\"Sp\u00f3r o pami\u0119\u0107 Wo\u0142ynia i partnerstwo ze Lwowem. PiS \u017c\u0105da reakcji prezydenta Lublina\" width=\"500\" height=\"334\"  \/><\/p>\n<p id=\"caption-attachment-518111\" class=\"wp-caption-text\">fot. lublin112.pl<\/p>\n<p>Robert Derewenda: partnerstwo musi oznacza\u0107 wzajemno\u015b\u0107<\/p>\n<p>Radny Robert Derewenda zwr\u00f3ci\u0142 uwag\u0119 na skal\u0119 pomocy, jakiej Lublin udziela\u0142 ukrai\u0144skim samorz\u0105dom i mieszka\u0144com Ukrainy. Jego zdaniem wsparcie nie mo\u017ce prowadzi\u0107 do sytuacji, w kt\u00f3rej wsp\u00f3\u0142praca staje si\u0119 jednostronna.<\/p>\n<p>\u2013 Partnerstwo opiera si\u0119 na stosunkach partnerskich. Nie mo\u017ce by\u0107 sytuacji, kiedy gmina Lublin, miasto Lublin jest stawiane w\u0142a\u015bciwie w roli pewnego gospodarstwa pomocniczego dla miast partnerskich, dla podmiot\u00f3w ukrai\u0144skich, kt\u00f3rym pomagamy, dla kt\u00f3rych przeznaczamy nasze \u015brodki z bud\u017cetu miasta czy nawet po\u015bredniczymy w przekazywaniu tych \u015brodk\u00f3w \u2013 m\u00f3wi\u0142 radny.<\/p>\n<p>Derewenda podkre\u015bli\u0142, \u017ce samorz\u0105d ma obowi\u0105zek broni\u0107 prawdy historycznej, szczeg\u00f3lnie gdy dotyczy ona przodk\u00f3w mieszka\u0144c\u00f3w Polski i ofiar masowych zbrodni.<\/p>\n<p>\u2013 Kto ma si\u0119 za nich upomnie\u0107, je\u015bli nie Polacy? Nikt nas nie zwolni\u0142 z tego obowi\u0105zku i nigdy nie mo\u017ce zwolni\u0107. Nie przywr\u00f3cimy \u017cycia naszym rodakom, ale naszym obowi\u0105zkiem jest zadbanie o prawd\u0119 historyczn\u0105 \u2013 zaznaczy\u0142.<\/p>\n<p>Radny krytycznie oceni\u0142 spos\u00f3b procedowania projektu w lubelskiej Radzie Miasta. Przypomnia\u0142, \u017ce dokument mia\u0142 wezwa\u0107 prezydenta Lublina do rozm\u00f3w z w\u0142adzami samorz\u0105d\u00f3w, kt\u00f3re korzysta\u0142y ze wsparcia miasta.<\/p>\n<p>W jego ocenie skierowanie stanowiska do wszystkich komisji tu\u017c przed wakacyjn\u0105 przerw\u0105 oznacza\u0142o odsuni\u0119cie debaty na bli\u017cej nieokre\u015blony termin.<\/p>\n<p>\u2013 Jeste\u015bmy rad\u0105 miasta, jeste\u015bmy radnymi, kt\u00f3rzy zostali wybrani przez polskich obywateli i reprezentujemy interes Polski. Nie mo\u017cemy postawi\u0107 Lublina, gminy Lublin w roli gospodarstwa pomocniczego \u2013 stwierdzi\u0142 Robert Derewenda.<\/p>\n<p>Jak podkre\u015bli\u0142, prawdziwa wsp\u00f3\u0142praca powinna by\u0107 oparta na wzajemnym szacunku, prawdzie oraz gotowo\u015bci do rozmowy r\u00f3wnie\u017c o najtrudniejszych wydarzeniach historycznych.<\/p>\n<p><img aria-describedby=\"caption-attachment-518112\" loading=\"lazy\" decoding=\"async\" class=\"wp-image-518112 size-medium\" src=\"https:\/\/www.europesays.com\/pl\/wp-content\/uploads\/2026\/07\/IN8A1914-640x427.jpg\" alt=\"Sp\u00f3r o pami\u0119\u0107 Wo\u0142ynia i partnerstwo ze Lwowem. PiS \u017c\u0105da reakcji prezydenta Lublina\" width=\"500\" height=\"334\"  \/><\/p>\n<p id=\"caption-attachment-518112\" class=\"wp-caption-text\">fot. lublin112.pl<\/p>\n<p>Tomasz Gontarz wskazuje na decyzje innych miast<\/p>\n<p>Radny Tomasz Gontarz por\u00f3wna\u0142 sytuacj\u0119 w Lublinie z dzia\u0142aniami podejmowanymi przez samorz\u0105dy innych polskich miast. Jak m\u00f3wi\u0142, podobne stanowiska dotycz\u0105ce nazwania ukrai\u0144skiej jednostki wojskowej imieniem \u201eBohater\u00f3w UPA\u201d przyj\u0119to mi\u0119dzy innymi w Gda\u0144sku, Bia\u0142ymstoku, Rzeszowie i Przemy\u015blu.<\/p>\n<p>\u2013 Miasto Lublin jest pewnym ewenementem, je\u017celi chodzi o ca\u0142\u0105 Polsk\u0119, poniewa\u017c w kilku innych miastach tak\u0105 uchwa\u0142\u0119 pot\u0119piaj\u0105c\u0105 gest prezydenta Ze\u0142e\u0144skiego, czyli nazwania jednostki wojskowej imieniem bohater\u00f3w UPA, uda\u0142o si\u0119 uchwali\u0107 jednog\u0142o\u015bnie b\u0105d\u017a prawie jednog\u0142o\u015bnie \u2013 powiedzia\u0142 Gontarz.<\/p>\n<p>Radny poinformowa\u0142, \u017ce podczas ostatniej sesji przewodnicz\u0105cy klubu prezydenta Krzysztofa \u017buka, Piotr Chodu\u0144, zg\u0142osi\u0142 wniosek o skierowanie projektu do wszystkich komisji Rady Miasta. Oznacza to, \u017ce dokumentem mia\u0142yby si\u0119 zaj\u0105\u0107 mi\u0119dzy innymi komisje rewizyjna, bud\u017cetowo-ekonomiczna, sportu i turystyki oraz zdrowia publicznego.<\/p>\n<p>Zdaniem radnych PiS przyj\u0119cie takiego rozwi\u0105zania by\u0142o sposobem na zablokowanie projektu bez przeprowadzania bezpo\u015bredniego g\u0142osowania nad jego tre\u015bci\u0105.<\/p>\n<p>Gontarz argumentowa\u0142, \u017ce brak stanowiska ze strony Lublina mo\u017ce by\u0107 odczytywany jako przyzwolenie na dalsze dzia\u0142ania zwi\u0105zane z upami\u0119tnianiem UPA i Romana Szuchewycza.<\/p>\n<p>\u2013 Skoro my sami nie potrafili\u015bmy tutaj w Lublinie, w radzie miasta, zadba\u0107 o stanowisko, kt\u00f3re by jasno wyra\u017ca\u0142o, \u017ce to, co robi nasz partner ukrai\u0144ski, nam si\u0119 nie podoba, to trudno si\u0119 spodziewa\u0107, \u017ce je\u017celi sami siebie nie szanujemy, to nie b\u0119d\u0105 nas szanowa\u0107 za granic\u0105 \u2013 powiedzia\u0142 radny.<\/p>\n<p>Zaapelowa\u0142 jednocze\u015bnie o \u201eotrze\u017awienie\u201d ze strony w\u0142adz miasta oraz o jednoznaczny gest prezydenta Lublina wobec mera Lwowa.<\/p>\n<p><img aria-describedby=\"caption-attachment-518113\" loading=\"lazy\" decoding=\"async\" class=\"wp-image-518113 size-medium\" src=\"https:\/\/www.europesays.com\/pl\/wp-content\/uploads\/2026\/07\/IN8A1922-640x427.jpg\" alt=\"Sp\u00f3r o pami\u0119\u0107 Wo\u0142ynia i partnerstwo ze Lwowem. PiS \u017c\u0105da reakcji prezydenta Lublina\" width=\"500\" height=\"334\"  \/><\/p>\n<p id=\"caption-attachment-518113\" class=\"wp-caption-text\">fot. lublin112.pl<\/p>\n<p>\u015awidnik zapowiada w\u0142asny projekt uchwa\u0142y<\/p>\n<p>W konferencji uczestniczy\u0142 r\u00f3wnie\u017c radny Rady Miasta \u015awidnik Marcin Magier. Przypomnia\u0142 on o pomocy, kt\u00f3rej mieszka\u0144cy i samorz\u0105dy wschodniej Polski udzielili obywatelom Ukrainy po rozpocz\u0119ciu pe\u0142noskalowej wojny.<\/p>\n<p>Jak podkre\u015bli\u0142, uchod\u017acy znale\u017ali schronienie w prywatnych domach, organizowano zbi\u00f3rki, transport z przej\u015b\u0107 granicznych oraz miejsca tymczasowego pobytu. W jego ocenie w\u0142a\u015bnie skala udzielonego wsparcia daje polskim samorz\u0105dom moralne prawo do domagania si\u0119 szacunku dla polskiej pami\u0119ci.<\/p>\n<p>\u2013 Nikt r\u00f3wnie\u017c nie mo\u017ce milcze\u0107. \u015awidnik by\u0142 jednym z samorz\u0105d\u00f3w, zreszt\u0105 wi\u0119kszo\u015b\u0107 samorz\u0105d\u00f3w na \u015bcianie wschodniej, kt\u00f3ry jako jeden z pierwszych wyci\u0105gn\u0105\u0142 t\u0119 pomocn\u0105 r\u0119k\u0119 dla uchod\u017ac\u00f3w z Ukrainy \u2013 m\u00f3wi\u0142 Magier.<\/p>\n<p>Radny poinformowa\u0142, \u017ce do przewodnicz\u0105cego Rady Miasta \u015awidnik zostanie skierowana propozycja uchwa\u0142y pot\u0119piaj\u0105cej gloryfikowanie cz\u0142onk\u00f3w i przyw\u00f3dc\u00f3w UPA.<\/p>\n<p>\u2013 My wykazali\u015bmy si\u0119 szacunkiem i tego samego b\u0119dziemy wymaga\u0107 od naszych s\u0105siad\u00f3w, od naszych partner\u00f3w. Nie przeciwko ludziom, ale przeciwko z\u0142ej w\u0142adzy i z\u0142ym rozwi\u0105zaniom, kt\u00f3re chc\u0105 zaproponowa\u0107 \u2013 zaznaczy\u0142.<\/p>\n<p>Magier podkre\u015bla\u0142, \u017ce stanowisko nie jest wymierzone w obywateli Ukrainy, lecz ma stanowi\u0107 sprzeciw wobec konkretnych decyzji politycznych i dzia\u0142a\u0144 w obszarze pami\u0119ci historycznej.<\/p>\n<p>Politycy przedstawili postulaty wobec w\u0142adz Lublina<\/p>\n<p>Uczestnicy konferencji domagaj\u0105 si\u0119 przede wszystkim publicznego stanowiska prezydenta Krzysztofa \u017buka. Oczekuj\u0105, \u017ce zwr\u00f3ci si\u0119 on bezpo\u015brednio do mera Lwowa i przedstawi sprzeciw wobec inicjatyw gloryfikuj\u0105cych UPA oraz Romana Szuchewycza.<\/p>\n<p>Kolejnym postulatem jest wznowienie prac nad projektem stanowiska Rady Miasta Lublin. Zdaniem polityk\u00f3w dokument powinien zosta\u0107 rozpatrzony bez dalszej zw\u0142oki i bez kierowania go do komisji, kt\u00f3rych zakres dzia\u0142ania nie jest bezpo\u015brednio zwi\u0105zany z polityk\u0105 historyczn\u0105 lub wsp\u00f3\u0142prac\u0105 mi\u0119dzynarodow\u0105.<\/p>\n<p>Przedstawiciele PiS oczekuj\u0105 tak\u017ce, \u017ce dalsza wsp\u00f3\u0142praca partnerska Lublina ze Lwowem b\u0119dzie uzale\u017cniona od przestrzegania zasady wzajemno\u015bci. Podkre\u015blaj\u0105, \u017ce udzielanie pomocy nie mo\u017ce oznacza\u0107 rezygnacji z obrony polskiej pami\u0119ci i interes\u00f3w.<\/p>\n<p>Micha\u0142 Moskal zaznaczy\u0142, \u017ce kwestia podej\u015bcia Ukrainy do tradycji OUN-UPA powinna by\u0107 r\u00f3wnie\u017c elementem debaty dotycz\u0105cej przysz\u0142ych relacji tego pa\u0144stwa z Uni\u0105 Europejsk\u0105 i NATO. Wed\u0142ug parlamentarzysty Polska powinna w tej sprawie prezentowa\u0107 jednolite stanowisko polityczne.<\/p>\n<p>\u2013 Jest to sprawa fundamentalna dla szacunku wobec naszego narodu i tego, jak b\u0119dzie wygl\u0105da\u0107 polityka mi\u0119dzynarodowa Polski, nie dla nas, tylko dla przysz\u0142ych pokole\u0144. Tego, czy Polska b\u0119dzie krajem szanowanym \u2013 powiedzia\u0142 pose\u0142.<\/p>\n<p><img aria-describedby=\"caption-attachment-518114\" loading=\"lazy\" decoding=\"async\" class=\"wp-image-518114 size-medium\" src=\"https:\/\/www.europesays.com\/pl\/wp-content\/uploads\/2026\/07\/IN8A1935-640x427.jpg\" alt=\"Sp\u00f3r o pami\u0119\u0107 Wo\u0142ynia i partnerstwo ze Lwowem. PiS \u017c\u0105da reakcji prezydenta Lublina\" width=\"500\" height=\"334\"  \/><\/p>\n<p id=\"caption-attachment-518114\" class=\"wp-caption-text\">fot. lublin112.pl<\/p>\n<p>Oczekiwanie na stanowisko lubelskiego ratusza<\/p>\n<p>Konferencja mia\u0142a charakter jednoznacznie krytyczny wobec prezydenta Lublina oraz radnych jego klubu. Politycy PiS zarzucili w\u0142adzom miasta unikanie debaty i brak reakcji na dzia\u0142ania podejmowane przez ukrai\u0144skiego partnera.<\/p>\n<p>Sprawa projektu stanowiska mo\u017ce powr\u00f3ci\u0107 pod obrady Rady Miasta po zako\u0144czeniu wakacyjnej przerwy. Politycy PiS zapowiadaj\u0105, \u017ce b\u0119d\u0105 nadal domaga\u0107 si\u0119 jego rozpatrzenia oraz bezpo\u015bredniej reakcji prezydenta Lublina.<\/p>\n","protected":false},"excerpt":{"rendered":"Konferencj\u0119 prasow\u0105 zorganizowano w pi\u0105tek, 10 lipca, w przededniu kolejnej rocznicy Krwawej Niedzieli na Wo\u0142yniu. Wzi\u0119li w niej&hellip;\n","protected":false},"author":2,"featured_media":547556,"comment_status":"","ping_status":"","sticky":false,"template":"","format":"standard","meta":{"footnotes":"","_share_on_mastodon":"0"},"categories":[51612],"tags":[105881,51933,1081,9665,86382,42,38,40,39,41,107221,89944,8088],"class_list":["post-547555","post","type-post","status-publish","format-standard","has-post-thumbnail","category-lublin","tag-krwawa-niedziela","tag-krzysztof-zuk","tag-lublin","tag-lwow","tag-michal-moskal","tag-pl","tag-poland","tag-polish","tag-polska","tag-polski","tag-roman-szuchewycz","tag-rzez-wolynska","tag-upa"],"share_on_mastodon":{"url":"https:\/\/pubeurope.com\/@pl\/116895901803634607","error":""},"_links":{"self":[{"href":"https:\/\/www.europesays.com\/pl\/wp-json\/wp\/v2\/posts\/547555","targetHints":{"allow":["GET"]}}],"collection":[{"href":"https:\/\/www.europesays.com\/pl\/wp-json\/wp\/v2\/posts"}],"about":[{"href":"https:\/\/www.europesays.com\/pl\/wp-json\/wp\/v2\/types\/post"}],"author":[{"embeddable":true,"href":"https:\/\/www.europesays.com\/pl\/wp-json\/wp\/v2\/users\/2"}],"replies":[{"embeddable":true,"href":"https:\/\/www.europesays.com\/pl\/wp-json\/wp\/v2\/comments?post=547555"}],"version-history":[{"count":0,"href":"https:\/\/www.europesays.com\/pl\/wp-json\/wp\/v2\/posts\/547555\/revisions"}],"wp:featuredmedia":[{"embeddable":true,"href":"https:\/\/www.europesays.com\/pl\/wp-json\/wp\/v2\/media\/547556"}],"wp:attachment":[{"href":"https:\/\/www.europesays.com\/pl\/wp-json\/wp\/v2\/media?parent=547555"}],"wp:term":[{"taxonomy":"category","embeddable":true,"href":"https:\/\/www.europesays.com\/pl\/wp-json\/wp\/v2\/categories?post=547555"},{"taxonomy":"post_tag","embeddable":true,"href":"https:\/\/www.europesays.com\/pl\/wp-json\/wp\/v2\/tags?post=547555"}],"curies":[{"name":"wp","href":"https:\/\/api.w.org\/{rel}","templated":true}]}}