{"id":547696,"date":"2026-07-10T14:45:14","date_gmt":"2026-07-10T14:45:14","guid":{"rendered":"https:\/\/www.europesays.com\/pl\/547696\/"},"modified":"2026-07-10T14:45:14","modified_gmt":"2026-07-10T14:45:14","slug":"wolyn-w-pamieci-polakow","status":"publish","type":"post","link":"https:\/\/www.europesays.com\/pl\/547696\/","title":{"rendered":"Wo\u0142y\u0144 w pami\u0119ci Polak\u00f3w"},"content":{"rendered":"<p>Za symbol kulminacji zbrodni uznaje si\u0119 11 lipca 1943 r., okre\u015blany mianem krwawej niedzieli. Tego dnia oddzia\u0142y ukrai\u0144skich nacjonalist\u00f3w zaatakowa\u0142y jednocze\u015bnie ok. 100 polskich miejscowo\u015bci na Wo\u0142yniu.\u00a0&#8211; W brutalny spos\u00f3b zostali zamordowani mieszka\u0144cy tych miejscowo\u015bci, ofiarami by\u0142y g\u0142\u00f3wnie kobiety, dzieci i starcy &#8211; przypomina dr Robert Derewenda, dyrektor Instytutu Pami\u0119ci Narodowej w Lublinie.<\/p>\n<p>Wed\u0142ug szacunk\u00f3w historyk\u00f3w, tylko tego jednego dnia mog\u0142o zgin\u0105\u0107 ok. 8 tys. Polak\u00f3w. W ca\u0142ym okresie zbrodni liczba ofiar si\u0119ga od 120 do 134 tys. obywateli II Rzeczypospolitej.<\/p>\n<p>Jak podkre\u015bla historyk, o wyj\u0105tkowym charakterze tej tragedii \u015bwiadczy nie tylko liczba zabitych, ale tak\u017ce spos\u00f3b, w jaki dokonywano mord\u00f3w.\u00a0&#8211; Nie chodzi\u0142o tylko o to, aby doprowadzi\u0107 do \u015bmierci Polak\u00f3w, ale aby zada\u0107 im jak najwi\u0119cej b\u00f3lu. Poprzez terror chciano zmusi\u0107 pozosta\u0142ych mieszka\u0144c\u00f3w do opuszczenia tych teren\u00f3w &#8211; m\u00f3wi.<\/p>\n<p>Historycy wskazuj\u0105, \u017ce zbrodnia by\u0142a elementem dzia\u0142a\u0144 zmierzaj\u0105cych do stworzenia pa\u0144stwa jednolitego narodowo. Ofiary nie mia\u0142y dok\u0105d ucieka\u0107 &#8211; Polska znajdowa\u0142a si\u0119 pod niemieck\u0105 okupacj\u0105, a mo\u017cliwo\u015bci schronienia praktycznie nie istnia\u0142y. Cho\u0107 od tych wydarze\u0144 min\u0119\u0142o ponad osiem dekad, wiele rodzin nadal nie doczeka\u0142o si\u0119 mo\u017cliwo\u015bci godnego pochowania swoich bliskich. Dlatego jednym z najwa\u017cniejszych zada\u0144 pozostaj\u0105 poszukiwania miejsc poch\u00f3wku oraz prowadzenie ekshumacji.\u00a0&#8211; To jest nasz podstawowy obowi\u0105zek, zar\u00f3wno chrze\u015bcija\u0144ski, jak i narodowy &#8211; pochowa\u0107 naszych rodak\u00f3w. Do dzi\u015b wiele rodzin nie mo\u017ce nawet zapali\u0107 \u015bwiecy w miejscu, gdzie spoczywaj\u0105 ich bliscy &#8211; podkre\u015bla dr Derewenda.<\/p>\n<p>Instytut Pami\u0119ci Narodowej Oddzia\u0142 w Lublinie prowadzi \u015bledztwa dotycz\u0105ce zbrodni wo\u0142y\u0144skiej, a tak\u017ce badania archeologiczne i identyfikacyjne. W ostatnich tygodniach prace prowadzono m.in. w Hucie Pieniackiej. Zdaniem dyrektora lubelskiego oddzia\u0142u IPN, skala zniszcze\u0144 i liczba miejsc wymagaj\u0105cych przebadania sprawiaj\u0105, \u017ce proces ten b\u0119dzie trwa\u0142 jeszcze wiele lat.<\/p>\n<p>R\u00f3wnolegle kontynuowane s\u0105 badania naukowe. IPN Oddzia\u0142 w Lublinie opracowuje relacje \u015bwiadk\u00f3w zebrane jeszcze podczas II wojny \u015bwiatowej. Powsta\u0142y ju\u017c trzy tomy dokument\u00f3w &#8222;Zbrodnia wo\u0142y\u0144ska&#8221;, zawieraj\u0105cych opisy wydarze\u0144 spisane przez osoby, kt\u00f3rym uda\u0142o si\u0119 prze\u017cy\u0107.<\/p>\n<p>&#8211; Pa\u0144stwo polskie nieustannie prowadzi badania nad zbrodni\u0105 wo\u0142y\u0144sk\u0105. Nie zaprzestali\u015bmy ich nawet po wybuchu pe\u0142noskalowej wojny w Ukrainie. Nikt nie zwolni\u0142 nas z obowi\u0105zku badania historii naszych przodk\u00f3w &#8211; zaznacza historyk.<\/p>\n<p>Dr Derewenda zwraca jednocze\u015bnie uwag\u0119, \u017ce pami\u0119\u0107 o Wo\u0142yniu nie powinna prowadzi\u0107 do odpowiedzialno\u015bci zbiorowej. Przypomina, \u017ce wielu Ukrai\u0144c\u00f3w ratowa\u0142o swoich polskich s\u0105siad\u00f3w, cz\u0119sto ryzykuj\u0105c w\u0142asnym \u017cyciem.\u00a0&#8211; Znamy nazwiska sprawiedliwych Ukrai\u0144c\u00f3w, kt\u00f3rzy ostrzegali Polak\u00f3w, ukrywali ich i nie chcieli uczestniczy\u0107 w zbrodniach. To oni powinni by\u0107 wzorem do na\u015bladowania &#8211; m\u00f3wi.<\/p>\n<p>Jednocze\u015bnie krytycznie odnosi si\u0119 do przypadk\u00f3w gloryfikowania dzia\u0142aczy UPA we wsp\u00f3\u0142czesnej Ukrainie.\u00a0&#8211; Nie da si\u0119 z bandyt\u00f3w zrobi\u0107 bohater\u00f3w. Bohater\u00f3w trzeba szuka\u0107 w\u015br\u00f3d tych, kt\u00f3rzy ratowali ludzkie \u017cycie &#8211; podkre\u015bla historyk.<\/p>\n<p>Zdaniem dyrektora IPN, tylko rzetelne badania, godne upami\u0119tnienie wszystkich ofiar oraz otwarte m\u00f3wienie o faktach mog\u0105 sta\u0107 si\u0119 fundamentem uczciwego dialogu historycznego mi\u0119dzy Polsk\u0105 a Ukrain\u0105.\u00a0&#8211; Naszym obowi\u0105zkiem jest prawda i \u015bwiadectwo tej prawdy -podsumowuje dr Derewenda.<\/p>\n<p>11 lipca w Lublinie odb\u0119d\u0105 si\u0119 obchody Narodowego Dnia Pami\u0119ci o Polakach &#8211; Ofiarach Ludob\u00f3jstwa dokonanego przez OUN i UPA. Pocz\u0105tek uroczysto\u015bci rozpocznie si\u0119 Msz\u0105 \u015bw. o godz. 10 w ko\u015bciele garnizonowym. Szczeg\u00f3\u0142owy harmonogram uroczysto\u015bci na stronie IPN Lublin.<\/p>\n","protected":false},"excerpt":{"rendered":"Za symbol kulminacji zbrodni uznaje si\u0119 11 lipca 1943 r., okre\u015blany mianem krwawej niedzieli. Tego dnia oddzia\u0142y ukrai\u0144skich&hellip;\n","protected":false},"author":2,"featured_media":547697,"comment_status":"","ping_status":"","sticky":false,"template":"","format":"standard","meta":{"footnotes":"","_share_on_mastodon":"0"},"categories":[51612],"tags":[52515,106924,79019,52517,1081,107990,52514,42,38,40,39,41,52516,92926],"class_list":["post-547696","post","type-post","status-publish","format-standard","has-post-thumbnail","category-lublin","tag-archidiecezja-lubelska","tag-dr-robert-derewenda","tag-ipn-lublin","tag-kosciol-w-lublinie","tag-lublin","tag-oddzialowa-komisja-scigania-zbrodni-przeciwko-narodowi-polskiemu","tag-parafie-archidiecezji-lubelskiej","tag-pl","tag-poland","tag-polish","tag-polska","tag-polski","tag-wiadomosci-z-kosciola-lubelskiego","tag-zbrodnia-wolynska"],"share_on_mastodon":{"url":"https:\/\/pubeurope.com\/@pl\/116896224107408539","error":""},"_links":{"self":[{"href":"https:\/\/www.europesays.com\/pl\/wp-json\/wp\/v2\/posts\/547696","targetHints":{"allow":["GET"]}}],"collection":[{"href":"https:\/\/www.europesays.com\/pl\/wp-json\/wp\/v2\/posts"}],"about":[{"href":"https:\/\/www.europesays.com\/pl\/wp-json\/wp\/v2\/types\/post"}],"author":[{"embeddable":true,"href":"https:\/\/www.europesays.com\/pl\/wp-json\/wp\/v2\/users\/2"}],"replies":[{"embeddable":true,"href":"https:\/\/www.europesays.com\/pl\/wp-json\/wp\/v2\/comments?post=547696"}],"version-history":[{"count":0,"href":"https:\/\/www.europesays.com\/pl\/wp-json\/wp\/v2\/posts\/547696\/revisions"}],"wp:featuredmedia":[{"embeddable":true,"href":"https:\/\/www.europesays.com\/pl\/wp-json\/wp\/v2\/media\/547697"}],"wp:attachment":[{"href":"https:\/\/www.europesays.com\/pl\/wp-json\/wp\/v2\/media?parent=547696"}],"wp:term":[{"taxonomy":"category","embeddable":true,"href":"https:\/\/www.europesays.com\/pl\/wp-json\/wp\/v2\/categories?post=547696"},{"taxonomy":"post_tag","embeddable":true,"href":"https:\/\/www.europesays.com\/pl\/wp-json\/wp\/v2\/tags?post=547696"}],"curies":[{"name":"wp","href":"https:\/\/api.w.org\/{rel}","templated":true}]}}