{"id":54799,"date":"2025-10-17T23:13:07","date_gmt":"2025-10-17T23:13:07","guid":{"rendered":"https:\/\/www.europesays.com\/pl\/54799\/"},"modified":"2025-10-17T23:13:07","modified_gmt":"2025-10-17T23:13:07","slug":"po-spotkaniu-trump-zelenski-trump-chce-pokazac-ze-ma-dobra-wole","status":"publish","type":"post","link":"https:\/\/www.europesays.com\/pl\/54799\/","title":{"rendered":"Po spotkaniu Trump-Ze\u0142enski. &#8222;Trump chce pokaza\u0107, \u017ce ma dobr\u0105 wol\u0119&#8221;"},"content":{"rendered":"<p class=\"ods-c-paragraph \">Wo\u0142odymyr Ze\u0142enski przyby\u0142 w pi\u0105tek do Waszyngtonu na spotkanie z Donaldem Trumpem. Tematem rozmowy by\u0142o m.in. wsparcie Ukrainy w wojnie z Rosj\u0105. \u2014 Oczywi\u015bcie, \u017ce W\u0142adimir Putin usi\u0142uje sobie kupi\u0107 troch\u0119 czasu. Ca\u0142y czas [r\u00f3\u017cne osoby] mnie rozgrywa\u0142y w ten spos\u00f3b, ale nie wyszed\u0142em na tym \u017ale. My\u015bl\u0119, \u017ce Putin chce si\u0119 dogada\u0107 \u2014 m\u00f3wi\u0142 prezydent USA.<\/p>\n<p class=\"ods-c-paragraph \">Spotkanie Donalda Trumpa z Wo\u0142odymyrem Ze\u0142enskim komentuje dla Onetu <a href=\"https:\/\/wiadomosci.onet.pl\/tylko-w-onecie\/fronty-wojny-ekspert-nato-i-polska-niegotowe-na-starcie-z-rosja-oblalismy-test\/tftk2p9\" id=\"9914c81b-0425-4101-b7f8-4030cf3fb0b6\" rel=\"nofollow noopener\" target=\"_blank\">p\u0142k rez., prof. Dariusz Kozerawski z Uniwersytetu Jagielo\u0144skiego<\/a>.<\/p>\n<p class=\"ods-c-paragraph \">\u2014 To by\u0142o takie teatrum ze strony Trumpa. Ameryka\u0144ski prezydent chce pokaza\u0107, \u017ce ma dobr\u0105 wol\u0119, je\u017celi chodzi o konflikt w Ukrainie. Niestety, od wielu miesi\u0119cy obserwujemy, \u017ce tak naprawd\u0119 dzia\u0142ania Trumpa przynosz\u0105 wi\u0119cej korzy\u015bci Federacji Rosyjskiej ni\u017c Ukrainie \u2014 komentuje.<\/p>\n<p class=\"ods-c-paragraph \">Ekspert jest zdania, \u017ce dzi\u0119ki dotychczasowej polityce Trumpa, Putin zyskuje czas, aby realizowa\u0107 swoje cele strategiczne w Ukrainie, czyli blokowa\u0107 jej proces integracji z Zachodem.<\/p>\n<p class=\"ods-c-paragraph \">. \u2014 Spotkanie na Alasce to by\u0142 ogromny sukces Putina. Trump wyci\u0105gn\u0105\u0142 go z izolacji mi\u0119dzynarodowej i niebytu. Tak naprawd\u0119 Trump robi Putinowi mi\u0119dzynarodowy PR i buduje mu pozycj\u0119 \u2014 uwa\u017ca.<\/p>\n<p>Dalszy ci\u0105g artyku\u0142u pod materia\u0142em wideo<br \/>\n   Tomahawki dla Ukrainy to nie tylko kwestia militarna<\/p>\n<p class=\"ods-c-paragraph \">Analityk zauwa\u017ca, \u017ce ameryka\u0144ski prezydent wci\u0105\u017c bardzo pozytywnie wypowiada si\u0119 o Putinie. \u2014 Nie przeszkadza mu, \u017ce co dwa, trzy dni kilkaset rosyjskich dron\u00f3w i kilkadziesi\u0105t pocisk\u00f3w niszczy nie tylko infrastruktur\u0119 w Ukrainie, ale te\u017c zabija tam ludzi \u2014 podkre\u015bla.<\/p>\n<p class=\"ods-c-paragraph \">Rozm\u00f3wca Onetu uwa\u017ca, \u017ce Trump nie ma konkretnego planu na zako\u0144czenie wojny w Ukrainie, a jego dzia\u0142ania nazywa &#8222;dyplomacj\u0105 emocjonaln\u0105&#8221;. \u2014 Trump podziwia dyktator\u00f3w, a Putina ju\u017c na pewno. To nie przypadek, \u017ce Trump ma \u015bwietne relacje z Wiktorem Orbanem, autorytarnym przyw\u00f3dc\u0105 w strukturach NATO i UE. Tego si\u0119 g\u0142o\u015bno nie m\u00f3wi ze wzgl\u0119du na poprawno\u015b\u0107 polityczn\u0105, ale Orban to ko\u0144 troja\u0144ski Putina w strukturach europejskich \u2014 m\u00f3wi.<\/p>\n<p class=\"ods-c-paragraph \">W\u0142a\u015bnie na W\u0119grzech maj\u0105 odby\u0107 si\u0119 rozmowy mi\u0119dzy Trumpem a Putinem, a o tym spotkaniu r\u00f3wnie\u017c wspomnia\u0142 dzi\u015b ameryka\u0144ski prezydent. \u2014 Nie s\u0105dz\u0119, aby rozmowy w Budapeszcie mia\u0142y cokolwiek zmieni\u0107 \u2014 kwituje prof. Kozerawski.<\/p>\n<p class=\"ods-c-paragraph \">Ukraina wci\u0105\u017c nie mo\u017ce doprosi\u0107 si\u0119 od Amerykan\u00f3w Tomahawk\u00f3w, pocisk\u00f3w dalekiego zasi\u0119gu. Spotkanie z Ze\u0142enskim r\u00f3wnie\u017c nie przynios\u0142o pod tym wzgl\u0119dem prze\u0142omu.<\/p>\n<p class=\"ods-c-paragraph \">Prof. Kozerawski jest przekonany, \u017ce w kwestii przekazania Tomahawk\u00f3w nie chodzi nawet o sprawy czysto militarne. \u2014 Tu chodzi o polityk\u0119. Ze\u0142enski ma Flamingo. To pociski, kt\u00f3re maj\u0105 zasi\u0119g do 3 tys. km i Ukraina mocno rozp\u0119dza si\u0119 z ich produkcj\u0105. Tomahawki s\u0105 wa\u017cne jednak w wymiarze politycznym. Gdyby Amerykanie wyrazili zgod\u0119 na ich dostawy i u\u017cycie w Ukrainie, to by oznacza\u0142o, \u017ce w znacz\u0105cy spos\u00f3b zaanga\u017cowali si\u0119 militarnie w ten konflikt. Nie zanosi si\u0119 jednak, by Trump chcia\u0142 takiej konfrontacji z Putinem \u2014 uwa\u017ca.<\/p>\n<p>   Decyzja o zawieszeniu broni w Ukrainie? &#8222;Trzeba patrze\u0107 w stron\u0119 Pekinu&#8221;<\/p>\n<p class=\"ods-c-paragraph \">Rozm\u00f3wca Onetu zwraca uwag\u0119 na jeszcze jedn\u0105 kwesti\u0119. \u2014 Decyzja o tym, czy dojdzie do zawieszenia broni w Ukrainie, nie zale\u017cy tylko od Putina. Tu trzeba bardziej patrze\u0107 w stron\u0119 Xi Jinpinga i Pekinu. Federacja Rosyjska jest bardzo mocno uzale\u017cniona od Chin w wymiarze gospodarczym, politycznym i militarnym \u2014 argumentuje.<\/p>\n<p class=\"ods-c-paragraph \">Prof. Kozerawski przypomina niedawne s\u0142owa sekretarza generalnego NATO, kt\u00f3ry wskaza\u0142, \u017ce Chiny mog\u0105 zmusi\u0107 Federacj\u0119 Rosyjsk\u0105 do prowokacji zbrojnej przeciwko NATO na jej wschodniej flance, po to by Chiny mog\u0142y realizowa\u0107 swoje cele, np. na Tajwanie. \u2014 Wida\u0107, \u017ce to mo\u017ce by\u0107 po\u0142\u0105czona operacja hybrydowa lub militarna w wymiarze geostrategicznym. Chiny wykorzystuj\u0105 w swojej polityce du\u017co s\u0142absz\u0105 i mniejsz\u0105 Federacj\u0119 Rosyjsk\u0105 \u2014 puentuje.<\/p>\n<p class=\"ods-c-paragraph \">P\u0142k rez. prof. zw. dr hab. Dariusz Kozerawski \u2014 pracownik Katedry Bezpiecze\u0144stwa Narodowego Uniwersytetu Jagiello\u0144skiego. Pu\u0142kownik rezerwy Wojska Polskiego, by\u0142y rektor-komendant Akademii Obrony Narodowej, kierownik Katedry Strategii i Geostrategii, cz\u0142onek Bractwa Weteran\u00f3w w Polsce oraz Stowarzyszenia Kombatant\u00f3w Misji Pokojowych ONZ. Prowadzi\u0142 seminaria i wyk\u0142ady z zakresu strategii i bezpiecze\u0144stwa w Parlamencie Europejskim, Sztabie Wojskowym UE, NATO Defense College w Rzymie oraz Baltic Defense College w Tartu. Uczestniczy\u0142 w operacjach mi\u0119dzynarodowych, prowadzi\u0142 badania w strefach dzia\u0142a\u0144 wojennych i stabilizacyjnych w: Bo\u015bni i Hercegowinie, Kosowie, Iraku, Afganistanie, Mo\u0142dawii, Jordanii, Armenii. Kierowa\u0142 misjami szkoleniowymi NATO w Bagdadzie i Kijowie. Badacz\/ekspert zajmuj\u0105cy si\u0119 bezpiecze\u0144stwem mi\u0119dzynarodowym, narodowym, strategi\u0105 bezpiecze\u0144stwa, edukacj\u0105 dla bezpiecze\u0144stwa oraz studiami nad konfliktami zbrojnymi. Uczestnik Strategicznego Przegl\u0105du Bezpiecze\u0144stwa Narodowego RP, wsp\u00f3\u0142pracuje z Kwater\u0105 G\u0142\u00f3wn\u0105 NATO oraz RAND Corporation. <\/p>\n","protected":false},"excerpt":{"rendered":"Wo\u0142odymyr Ze\u0142enski przyby\u0142 w pi\u0105tek do Waszyngtonu na spotkanie z Donaldem Trumpem. Tematem rozmowy by\u0142o m.in. wsparcie Ukrainy&hellip;\n","protected":false},"author":2,"featured_media":54800,"comment_status":"","ping_status":"","sticky":false,"template":"","format":"standard","meta":{"footnotes":""},"categories":[5],"tags":[32,33,44,36,37,27,49,34,35,28,31,48,160,25,46,42,38,40,39,41,47,29,30,415,71,26,408,309],"class_list":{"0":"post-54799","1":"post","2":"type-post","3":"status-publish","4":"format-standard","5":"has-post-thumbnail","7":"category-naglowki","8":"tag-breaking-news","9":"tag-breakingnews","10":"tag-donald_trump","11":"tag-featured-news","12":"tag-featurednews","13":"tag-headlines","14":"tag-kraj","15":"tag-latest-news","16":"tag-latestnews","17":"tag-naglowki","18":"tag-najwazniejsze-artykuly","19":"tag-nat_styl","20":"tag-nato","21":"tag-news","22":"tag-omp","23":"tag-pl","24":"tag-poland","25":"tag-polish","26":"tag-polska","27":"tag-polski","28":"tag-screening_general","29":"tag-top-stories","30":"tag-topstories","31":"tag-ukraina","32":"tag-usa","33":"tag-wiadomosci","34":"tag-wladimir_putin","35":"tag-wolodymyr_zelenski"},"share_on_mastodon":{"url":"","error":""},"_links":{"self":[{"href":"https:\/\/www.europesays.com\/pl\/wp-json\/wp\/v2\/posts\/54799","targetHints":{"allow":["GET"]}}],"collection":[{"href":"https:\/\/www.europesays.com\/pl\/wp-json\/wp\/v2\/posts"}],"about":[{"href":"https:\/\/www.europesays.com\/pl\/wp-json\/wp\/v2\/types\/post"}],"author":[{"embeddable":true,"href":"https:\/\/www.europesays.com\/pl\/wp-json\/wp\/v2\/users\/2"}],"replies":[{"embeddable":true,"href":"https:\/\/www.europesays.com\/pl\/wp-json\/wp\/v2\/comments?post=54799"}],"version-history":[{"count":0,"href":"https:\/\/www.europesays.com\/pl\/wp-json\/wp\/v2\/posts\/54799\/revisions"}],"wp:featuredmedia":[{"embeddable":true,"href":"https:\/\/www.europesays.com\/pl\/wp-json\/wp\/v2\/media\/54800"}],"wp:attachment":[{"href":"https:\/\/www.europesays.com\/pl\/wp-json\/wp\/v2\/media?parent=54799"}],"wp:term":[{"taxonomy":"category","embeddable":true,"href":"https:\/\/www.europesays.com\/pl\/wp-json\/wp\/v2\/categories?post=54799"},{"taxonomy":"post_tag","embeddable":true,"href":"https:\/\/www.europesays.com\/pl\/wp-json\/wp\/v2\/tags?post=54799"}],"curies":[{"name":"wp","href":"https:\/\/api.w.org\/{rel}","templated":true}]}}