{"id":548277,"date":"2026-07-10T20:32:14","date_gmt":"2026-07-10T20:32:14","guid":{"rendered":"https:\/\/www.europesays.com\/pl\/548277\/"},"modified":"2026-07-10T20:32:14","modified_gmt":"2026-07-10T20:32:14","slug":"szef-bbn-w-telewizji-wpolsce24","status":"publish","type":"post","link":"https:\/\/www.europesays.com\/pl\/548277\/","title":{"rendered":"Szef BBN w telewizji wPolsce24"},"content":{"rendered":"<p>&#13;<\/p>\n<p>&#13;<br \/>\n    10.07.2026&#13;<br \/>\n    Szef BBN w telewizji wPolsce24&#13;<br \/>\n    &#8222;Prowadzimy z Ukrain\u0105 strategiczny, pragmatyczny dialog, bo Ukraina walczy z naszym wsp\u00f3lnym wrogiem, czyli z Rosj\u0105 &#8211; to jest w naszym interesie. Ale nie ma absolutnie naszej zgody na gloryfikacj\u0119 UPA. To jest kompletnie nieakceptowalne. To sprawa godno\u015bciowa i Prezydent Karol Nawrocki jest bardzo asertywny, je\u015bli chodzi o t\u0119 cz\u0119\u015b\u0107 stosunk\u00f3w dwustronnych&#8221; &#8211; m\u00f3wi\u0142 Szef BBN Bartosz Grodecki w rozmowie z redaktorem Marcinem Wik\u0142o na antenie telewizji wPolsce24.&#13;\n  <\/p>\n<p>&#13;<\/p>\n<p>Szef BBN potwierdzi\u0142 r\u00f3wnie\u017c, \u017ce inicjatywa spotkania prezydent\u00f3w Karola Nawrockiego i Wo\u0142odymyra Ze\u0142enskiego podczas szczytu NATO w Ankarze wysz\u0142a od strony ukrai\u0144skiej. Rozmowa trwa\u0142a ponad godzin\u0119 i w du\u017cej mierze dotyczy\u0142a kwestii historycznych.<\/p>\n<p>Minister Grodecki podkre\u015bli\u0142, \u017ce Ukrai\u0144cy \u201emusz\u0105 zmierzy\u0107 si\u0119 z tym, co si\u0119 wydarzy\u0142o\u201d. &#8222;Je\u017celi b\u0119d\u0105 to ukrywa\u0107 i na tym budowa\u0107 sw\u00f3j mit, b\u0119dzie to dla nich strategiczny b\u0142\u0105d, do Europy na pewno z tym nie wejd\u0105&#8221; &#8211; m\u00f3wi\u0142. W ocenie Szefa BBN, \u201eprezydent Ze\u0142enski rozpocz\u0105\u0142 ten proces i prezydent Ze\u0142enski powinien go zamkn\u0105\u0107\u201d. &#8222;Nie widz\u0119 tutaj \u017cadnej przestrzeni do tego, \u017ceby win\u0119 jakkolwiek rozk\u0142ada\u0107&#8221; &#8211; podkre\u015bli\u0142.<\/p>\n<p>Minister odni\u00f3s\u0142 si\u0119 r\u00f3wnie\u017c do kwestii wpisania przez ukrai\u0144sk\u0105 organizacj\u0119 Szefa KPRP Zbigniewa Boguckiego na list\u0119 \u201ewrog\u00f3w Ukrainy\u201d. &#8222;Je\u017celi osoby jawnie gloryfikuj\u0105ce UPA wpisuj\u0105 naszych urz\u0119dnik\u00f3w pa\u0144stwowych, polityk\u00f3w na list\u0119 os\u00f3b niepo\u017c\u0105danych, to przypomn\u0119, my mamy takie narz\u0119dzia jak System Informacyjny Schengen. Te narz\u0119dzia s\u0105 w r\u0119kach rz\u0105du, mo\u017cna skorzysta\u0107 &#8211; to jest zakaz wjazdu do Europy. Nie widz\u0119 powod\u00f3w, dlaczego nasi urz\u0119dnicy maj\u0105 by\u0107 pi\u0119tnowani na Ukrainie za s\u0142owa prawdy w kwestii UPA, a my mamy by\u0107 w tej kwestii zupe\u0142nie bierni. (\u2026) Tak\u0105 list\u0119 10-15 nazwisk mogliby\u015bmy spokojnie skonstruowa\u0107&#8221; &#8211; powiedzia\u0142.<\/p>\n<p>Szef BBN by\u0142 pytany tak\u017ce o wydatki na potrzeby si\u0142 zbrojnych. &#8222;Z SAFE zrobiono politycznego bo\u017cka, tymczasem m\u00f3wimy o d\u0142ugu. To trzeba b\u0119dzie sp\u0142aci\u0107&#8221; &#8211; zauwa\u017cy\u0142. Zdaniem ministra, warto si\u0119 te\u017c zastanowi\u0107 nad jako\u015bci\u0105 wydatkowania tych \u015brodk\u00f3w, bo \u201edochodzi do nas coraz wi\u0119cej g\u0142os\u00f3w, \u017ce zakupy realizowane z SAFE powinny by\u0107 jednak finansowane z Funduszu Wsparcia Si\u0142 Zbrojnych, a SAFE powinien s\u0142u\u017cy\u0107 finansowaniu inwestycji i modernizacji polskiej armii\u201d.\u00a0<\/p>\n<p>W sprawie przekazania stronie ukrai\u0144skiej rakiet do systemu Patriot minister Grodecki zwr\u00f3ci\u0142 uwag\u0119, \u017ce decyzje o donacjach sprz\u0119tu s\u0105 podejmowane uchwa\u0142\u0105 Rady Ministr\u00f3w i obj\u0119te s\u0105 klauzul\u0105. &#8222;Jest to uwsp\u00f3lnianie pewnego problemu komunikacyjnego, kt\u00f3ry jest po stronie rz\u0105du. (\u2026) To rola Ministra Obrony Narodowej, kt\u00f3ry powinien wyj\u015b\u0107 i powiedzie\u0107, dlaczego akurat do takiej donacji dosz\u0142o i zamkn\u0105\u0107 temat&#8221; &#8211; podsumowa\u0142.<\/p>\n<p>        \t  \t  &#13;<br \/>\n  &#13;<br \/>\n  &#13;<\/p>\n","protected":false},"excerpt":{"rendered":"&#13; &#13; 10.07.2026&#13; Szef BBN w telewizji wPolsce24&#13; &#8222;Prowadzimy z Ukrain\u0105 strategiczny, pragmatyczny dialog, bo Ukraina walczy z&hellip;\n","protected":false},"author":2,"featured_media":548278,"comment_status":"","ping_status":"","sticky":false,"template":"","format":"standard","meta":{"footnotes":"","_share_on_mastodon":"0"},"categories":[62712],"tags":[787,70440,21323,690,45810,43377,70441],"class_list":["post-548277","post","type-post","status-publish","format-standard","has-post-thumbnail","category-karol-nawrocki","tag-bbn","tag-bezpieczenstwo-polski","tag-biuro-bezpieczenstwa-narodowego","tag-karol-nawrocki","tag-prezydent-rp","tag-rada-bezpieczenstwa-narodowego","tag-stanislaw-koziej"],"share_on_mastodon":{"url":"https:\/\/pubeurope.com\/@pl\/116897588420626853","error":""},"_links":{"self":[{"href":"https:\/\/www.europesays.com\/pl\/wp-json\/wp\/v2\/posts\/548277","targetHints":{"allow":["GET"]}}],"collection":[{"href":"https:\/\/www.europesays.com\/pl\/wp-json\/wp\/v2\/posts"}],"about":[{"href":"https:\/\/www.europesays.com\/pl\/wp-json\/wp\/v2\/types\/post"}],"author":[{"embeddable":true,"href":"https:\/\/www.europesays.com\/pl\/wp-json\/wp\/v2\/users\/2"}],"replies":[{"embeddable":true,"href":"https:\/\/www.europesays.com\/pl\/wp-json\/wp\/v2\/comments?post=548277"}],"version-history":[{"count":0,"href":"https:\/\/www.europesays.com\/pl\/wp-json\/wp\/v2\/posts\/548277\/revisions"}],"wp:featuredmedia":[{"embeddable":true,"href":"https:\/\/www.europesays.com\/pl\/wp-json\/wp\/v2\/media\/548278"}],"wp:attachment":[{"href":"https:\/\/www.europesays.com\/pl\/wp-json\/wp\/v2\/media?parent=548277"}],"wp:term":[{"taxonomy":"category","embeddable":true,"href":"https:\/\/www.europesays.com\/pl\/wp-json\/wp\/v2\/categories?post=548277"},{"taxonomy":"post_tag","embeddable":true,"href":"https:\/\/www.europesays.com\/pl\/wp-json\/wp\/v2\/tags?post=548277"}],"curies":[{"name":"wp","href":"https:\/\/api.w.org\/{rel}","templated":true}]}}