{"id":548859,"date":"2026-07-11T03:11:22","date_gmt":"2026-07-11T03:11:22","guid":{"rendered":"https:\/\/www.europesays.com\/pl\/548859\/"},"modified":"2026-07-11T03:11:22","modified_gmt":"2026-07-11T03:11:22","slug":"zamieszki-we-lwowie-ujawniaja-napiecia-wokol-mobilizacji","status":"publish","type":"post","link":"https:\/\/www.europesays.com\/pl\/548859\/","title":{"rendered":"Zamieszki we Lwowie ujawniaj\u0105 napi\u0119cia wok\u00f3\u0142 mobilizacji"},"content":{"rendered":"<p>   <a href=\"https:\/\/defence24.pl\/strona-autora\/wojciech-koziol\" target=\"_self\" class=\"article-author-block__avatar-wrap\" rel=\"nofollow noopener\"><img loading=\"lazy\" decoding=\"async\" src=\"https:\/\/www.europesays.com\/pl\/wp-content\/uploads\/2026\/07\/8QEoofg0C2O1R6JMTSUEkikQs55GL0w3pR2wRV5S.auyp.jpg\" alt=\"\"  width=\"100\" height=\"100\" author=\"Defence24.pl\" caption=\"\" fullscreen=\"https:\/\/cdn.defence24.pl\/2023\/12\/11\/1920xpx\/8QEoofg0C2O1R6JMTSUEkikQs55GL0w3pR2wRV5S.mhx4.jpg\" class=\"img article-author-block__avatar img-avatar\"\/><\/a><br \/>\n      10 lipca 2026, 17:52<\/p>\n<p>\n      2 min.\n    <\/p>\n<p>  <img decoding=\"async\" src=\"https:\/\/www.europesays.com\/pl\/wp-content\/uploads\/2026\/07\/kimR8utkp54eAIMxuVGmltpvQfVn3qXLyAg4TiyB.iznm.png\" alt=\"\"  width=\"800\" height=\"450\" author=\"\u0410\u043b\u0435\u0441\u044c \u0423\u0441\u0446\u0456\u043d\u0430\u045e\/pexels.com\" fetchpriority=\"high\" class=\"img image-with-caption__image\"\/><br \/>\n        Autor. \u0410\u043b\u0435\u0441\u044c \u0423\u0441\u0446\u0456\u043d\u0430\u045e\/pexels.com<\/p>\n<p>We Lwowie dosz\u0142o do gwa\u0142townych zamieszek zwi\u0105zanych z akcj\u0105 mobilizacyjn\u0105. T\u0142um otoczy\u0142 i przewr\u00f3ci\u0142 samoch\u00f3d pracownik\u00f3w Terytorialnego Centrum Rekrutacji (TCK), dosz\u0142o do niszczenia mienia wojskowego oraz star\u0107 fizycznych. Incydent wywo\u0142a\u0142 ostr\u0105 reakcj\u0119 ukrai\u0144skich w\u0142adz lokalnych i centralnych oraz podkre\u015bli\u0142 rosn\u0105ce napi\u0119cia wok\u00f3\u0142 mobilizacji.<\/p>\n<p class=\"paragraph-module\">Wed\u0142ug informacji przekazanych <a href=\"https:\/\/www.pravda.com.ua\/news\/2026\/07\/08\/8043147\/\" rel=\"nofollow noopener\" target=\"_blank\">przez rzeczniczk\u0119 lwowskiej policji Alin\u0119 Podrejko<\/a> oraz lwowskie Regionalne Centrum Rekrutacji, patrol policji wsp\u00f3lnie z funkcjonariuszami TCK przeprowadzi\u0142 kontrol\u0119 dokument\u00f3w 30-letniego m\u0119\u017cczyzny. M\u0119\u017cczyzna by\u0142 poszukiwany za uchylanie si\u0119 od s\u0142u\u017cby wojskowej. Po weryfikacji zosta\u0142 zatrzymany i przekazany do jednostki w celu przeprowadzenia bada\u0144 lekarskich (WLK).<\/p>\n<p class=\"paragraph-module\">Na miejscu zebra\u0142 si\u0119 agresywny t\u0142um \u2013 wed\u0142ug cz\u0119\u015bci relacji nawet ok. 200 os\u00f3b. Ludzie otoczyli pojazd s\u0142u\u017cbowy TCK, skandowali \u201eHa\u0144ba!\u201d, uszkodzili samoch\u00f3d (m.in. wybili szyby) i ostatecznie go przewr\u00f3cili. Dosz\u0142o te\u017c do agresji wobec \u017co\u0142nierzy. Policja interweniowa\u0142a, jednak wed\u0142ug \u015bwiadk\u00f3w funkcjonariusze pocz\u0105tkowo obawiali si\u0119 u\u017cy\u0107 si\u0142y wobec t\u0142umu.<\/p>\n<p class=\"paragraph-module\">Do zaj\u015b\u0107 na ulicach miasta odnie\u015bli si\u0119 ukrai\u0144scy politycy, w tym mer Lwowa Andrij Sadowy czy szef kancelarii prezydenta Kyry\u0142o Budanow \u2013 \u201eJe\u015bli dzisiaj zrywasz ubranie i bijesz \u017co\u0142nierza swojej armii, pomy\u015bl, kto jutro b\u0119dzie ci\u0119 chroni\u0142 przed wrog\u0105 armi\u0105, kt\u00f3ra b\u0119dzie tak samo bi\u0107 i zrywa\u0107 ubranie, ale ju\u017c z ciebie\u201d \u2013 napisa\u0142 na X, \u017c\u0105daj\u0105c jednocze\u015bnie jak najszybszego wyja\u015bnienia ca\u0142ej sytuacji.<\/p>\n<blockquote class=\"twitter-tweet\">\n<p lang=\"uk\" dir=\"ltr\">\u042f\u043a\u0449\u043e \u0432\u0438 \u0441\u044c\u043e\u0433\u043e\u0434\u043d\u0456 \u0437\u0440\u0438\u0432\u0430\u0454\u0442\u0435 \u043e\u0434\u044f\u0433 \u0442\u0430 \u0431\u02bc\u0454\u0442\u0435 \u0432\u0456\u0439\u0441\u044c\u043a\u043e\u0432\u043e\u0441\u043b\u0443\u0436\u0431\u043e\u0432\u0446\u044f \u0441\u0432\u043e\u0454\u0457 \u0430\u0440\u043c\u0456\u0457, \u043f\u043e\u0434\u0443\u043c\u0430\u0439\u0442\u0435, \u0445\u0442\u043e \u0437\u0430\u0432\u0442\u0440\u0430 \u0431\u0443\u0434\u0435 \u0437\u0430\u0445\u0438\u0449\u0430\u0442\u0438 \u0432\u0430\u0441 \u0432\u0456\u0434 \u0432\u043e\u0440\u043e\u0436\u043e\u0457 \u0430\u0440\u043c\u0456\u0457, \u044f\u043a\u0430 \u0431\u0443\u0434\u0435 \u0442\u0430\u043a \u0441\u0430\u043c\u043e \u0431\u0438\u0442\u0438 \u0442\u0430 \u0437\u0440\u0438\u0432\u0430\u0442\u0438 \u043e\u0434\u044f\u0433, \u0430\u043b\u0435 \u0432\u0436\u0435 \u0437 \u0432\u0430\u0441. <\/p>\n<p>\u041e\u0447\u0456\u043a\u0443\u044e \u0441\u043f\u0440\u0430\u0432\u0435\u0434\u043b\u0438\u0432\u043e\u0457 \u0440\u0435\u0430\u043a\u0446\u0456\u0457 \u0432\u0456\u0434 \u043f\u0440\u0430\u0432\u043e\u043e\u0445\u043e\u0440\u043e\u043d\u043d\u0438\u0445 \u043e\u0440\u0433\u0430\u043d\u0456\u0432 \u043d\u0430 \u043f\u043e\u0434\u0456\u0457 \u0443 \u041b\u044c\u0432\u043e\u0432\u0456.<\/p>\n<p>\u2014 Kyrylo Budanov (@Kyrylo_Budanov) <a href=\"https:\/\/x.com\/Kyrylo_Budanov\/status\/2075122101233623429?ref_src=twsrc%5Etfw\" rel=\"nofollow\">July 9, 2026<\/a><\/p><\/blockquote>\n<p class=\"paragraph-module\">Biuro Prokuratora Generalnego Ukrainy wszcz\u0119\u0142o post\u0119powania w sprawie ataku na pojazd wojskowy oraz ataku na funkcjonariusza. S\u0142u\u017cba Bezpiecze\u0144stwa Ukrainy (SBU) i policja prowadz\u0105 \u015bledztwa m.in. w sprawie utrudniania dzia\u0142a\u0144 Si\u0142 Zbrojnych.<\/p>\n","protected":false},"excerpt":{"rendered":"10 lipca 2026, 17:52 2 min. Autor. \u0410\u043b\u0435\u0441\u044c \u0423\u0441\u0446\u0456\u043d\u0430\u045e\/pexels.com We Lwowie dosz\u0142o do gwa\u0142townych zamieszek zwi\u0105zanych z akcj\u0105&hellip;\n","protected":false},"author":2,"featured_media":548860,"comment_status":"","ping_status":"","sticky":false,"template":"","format":"standard","meta":{"footnotes":"","_share_on_mastodon":"0"},"categories":[14],"tags":[32,33,27,19455,34,35,9665,12706,28,31,25,40,41,18486,80,29,30,415,26,892,2278,82,83,84],"class_list":["post-548859","post","type-post","status-publish","format-standard","has-post-thumbnail","category-swiat","tag-breaking-news","tag-breakingnews","tag-headlines","tag-kyrylo-budanow","tag-latest-news","tag-latestnews","tag-lwow","tag-mobilizacja","tag-naglowki","tag-najwazniejsze-artykuly","tag-news","tag-polish","tag-polski","tag-sily-zbrojne-ukrainy","tag-swiat","tag-top-stories","tag-topstories","tag-ukraina","tag-wiadomosci","tag-wojna","tag-wojna-na-ukrainie","tag-world","tag-world-news","tag-worldnews"],"share_on_mastodon":{"url":"https:\/\/pubeurope.com\/@pl\/116899158074616567","error":""},"_links":{"self":[{"href":"https:\/\/www.europesays.com\/pl\/wp-json\/wp\/v2\/posts\/548859","targetHints":{"allow":["GET"]}}],"collection":[{"href":"https:\/\/www.europesays.com\/pl\/wp-json\/wp\/v2\/posts"}],"about":[{"href":"https:\/\/www.europesays.com\/pl\/wp-json\/wp\/v2\/types\/post"}],"author":[{"embeddable":true,"href":"https:\/\/www.europesays.com\/pl\/wp-json\/wp\/v2\/users\/2"}],"replies":[{"embeddable":true,"href":"https:\/\/www.europesays.com\/pl\/wp-json\/wp\/v2\/comments?post=548859"}],"version-history":[{"count":0,"href":"https:\/\/www.europesays.com\/pl\/wp-json\/wp\/v2\/posts\/548859\/revisions"}],"wp:featuredmedia":[{"embeddable":true,"href":"https:\/\/www.europesays.com\/pl\/wp-json\/wp\/v2\/media\/548860"}],"wp:attachment":[{"href":"https:\/\/www.europesays.com\/pl\/wp-json\/wp\/v2\/media?parent=548859"}],"wp:term":[{"taxonomy":"category","embeddable":true,"href":"https:\/\/www.europesays.com\/pl\/wp-json\/wp\/v2\/categories?post=548859"},{"taxonomy":"post_tag","embeddable":true,"href":"https:\/\/www.europesays.com\/pl\/wp-json\/wp\/v2\/tags?post=548859"}],"curies":[{"name":"wp","href":"https:\/\/api.w.org\/{rel}","templated":true}]}}