{"id":549432,"date":"2026-07-11T09:42:14","date_gmt":"2026-07-11T09:42:14","guid":{"rendered":"https:\/\/www.europesays.com\/pl\/549432\/"},"modified":"2026-07-11T09:42:14","modified_gmt":"2026-07-11T09:42:14","slug":"polska-medalistka-me-konczy-kariere-oficjalnie-to-oglosila","status":"publish","type":"post","link":"https:\/\/www.europesays.com\/pl\/549432\/","title":{"rendered":"Polska medalistka ME ko\u0144czy karier\u0119. Oficjalnie to og\u0142osi\u0142a"},"content":{"rendered":"<p>30-latka to jedna z czo\u0142owych biegaczek znad Wis\u0142y w ostatnich latach. Specjalizowa\u0142a si\u0119 w biegu na 1500 m. W dorobku ma srebrne i br\u0105zowe medale mistrzostw Europy na otwartym stadionie oraz w hali. Wyst\u0119powa\u0142a tak\u017ce na igrzyskach olimpijskich w Rio de Janeiro w 2016 r. Awansowa\u0142a w\u00f3wczas do fina\u0142u rywalizacji na 1500 m, kt\u00f3r\u0105 zako\u0144czy\u0142a na 10. miejscu.<\/p>\n<p> Dalszy ci\u0105g artyku\u0142u pod materia\u0142em wideo <\/p>\n<p>Polka przygotowywa\u0142a si\u0119 r\u00f3wnie\u017c do start\u00f3w na igrzyskach w 2020 i 2024 r., jednak za ka\u017cdym razem plany krzy\u017cowa\u0142y jej kontuzje. To w\u0142a\u015bnie problemy zdrowotne wielokrotnie hamowa\u0142y jej rozw\u00f3j i nie pozwala\u0142y w pe\u0142ni wykorzysta\u0107 potencja\u0142u. Teraz wiemy ju\u017c, \u017ce kolejnego wyst\u0119pu nie b\u0119dzie. 30-letnia zawodniczka urodzona w Maroku [jej ojciec pochodzi z tego kraju \u2014 przyp. red.] og\u0142osi\u0142a bowiem oficjalne zako\u0144czenie kariery.<\/p>\n<p>     Sofia Ennaoui wyda\u0142a o\u015bwiadczenie. Oto jego pe\u0142na tre\u015b\u0107<\/p>\n<p>&#8222;S\u0105 takie historie, kt\u00f3re wydaje si\u0119, \u017ce b\u0119d\u0105 trwa\u0142y zawsze. A\u017c pewnego dnia przychodzi moment, w kt\u00f3rym trzeba postawi\u0107 ostatni\u0105 kropk\u0119.<\/p>\n<p>Dzisiaj ko\u0144cz\u0119 swoj\u0105 sportow\u0105 karier\u0119.<\/p>\n<p>Pisz\u0105c te s\u0142owa, wracam my\u015blami do dziewczyny, kt\u00f3ra wiele lat temu przysz\u0142a na pierwszy trening, nie wiedz\u0105c jeszcze, jak bardzo lekkoatletyka zmieni jej \u017cycie. Nie wiedzia\u0142a, ile razy b\u0119dzie si\u0119 cieszy\u0107, ile razy p\u0142aka\u0107, jak cz\u0119sto b\u0119dzie musia\u0142a zaczyna\u0107 od nowa. Nie wiedzia\u0142a, dok\u0105d zaprowadzi j\u0105 ta droga, jak wiele miejsc dzi\u0119ki niej zobaczy i ilu niezwyk\u0142ych ludzi spotka.<\/p>\n<p>Sport da\u0142 mi znacznie wi\u0119cej ni\u017c medale, wyniki, rekordy i miejsca na podium. Da\u0142 mi do\u015bwiadczenia, kt\u00f3rych nie da si\u0119 zmierzy\u0107 stoperem. Nauczy\u0142 mnie cierpliwo\u015bci, pokory, odwagi, konsekwencji i podnoszenia si\u0119 wtedy, kiedy wydawa\u0142o si\u0119, \u017ce nie mam ju\u017c si\u0142y. Pokaza\u0142 mi, jak wiele cz\u0142owiek mo\u017ce znie\u015b\u0107, ale tak\u017ce jak wa\u017cne jest, aby umie\u0107 si\u0119 zatrzyma\u0107, spojrze\u0107 wok\u00f3\u0142 i naprawd\u0119 prze\u017cy\u0107 chwil\u0119, na kt\u00f3r\u0105 tak d\u0142ugo pracowa\u0142.<\/p>\n<p>Przez lata cz\u0119sto my\u015bla\u0142am o kolejnym treningu, nast\u0119pnym starcie, kolejnym celu. Dzi\u015b wiem, \u017ce warto by\u0142o mocniej celebrowa\u0107 r\u00f3wnie\u017c te najmniejsze zwyci\u0119stwa. Ka\u017cdy zdrowo przepracowany tydzie\u0144. Ka\u017cdy powr\u00f3t po kontuzji. Ka\u017cdy trening, podczas kt\u00f3rego czu\u0142am, \u017ce zn\u00f3w jestem sob\u0105. Ka\u017cdy u\u015bcisk po biegu, rozmow\u0119 w szatni, wsp\u00f3ln\u0105 podr\u00f3\u017c, \u015bmiech na obozie i s\u0142owa wsparcia wypowiedziane wtedy, kiedy najbardziej ich potrzebowa\u0142am.<\/p>\n<p>Bo nigdy nie wiemy, kiedy jedna z najpi\u0119kniejszych historii naszego \u017cycia zacznie zbli\u017ca\u0107 si\u0119 do ostatniego rozdzia\u0142u.<\/p>\n<p>Dlatego dzisiaj chc\u0119 powiedzie\u0107: cieszcie si\u0119 drog\u0105. Nie odk\u0142adajcie rado\u015bci na moment, kiedy osi\u0105gniecie najwi\u0119kszy cel. Czerpcie gar\u015bciami z ka\u017cdego do\u015bwiadczenia, spotkania i miejsca, w kt\u00f3rym stawia Was \u017cycie. Wynik pozostaje w tabelach, ale to ludzie, emocje i wspomnienia zostaj\u0105 w nas na zawsze.<\/p>\n<p>Dzi\u0119kuj\u0119 wszystkim trenerom, fizjoterapeutom, lekarzom, psychologom, mened\u017cerom i osobom, kt\u00f3re ka\u017cdego dnia pracowa\u0142y na sukces, pod kt\u00f3rym cz\u0119sto widnia\u0142o tylko moje nazwisko. Za wiedz\u0119, cierpliwo\u015b\u0107, uczciwo\u015b\u0107, wymagania i wiar\u0119 r\u00f3wnie\u017c wtedy, kiedy ja sama na chwil\u0119 j\u0105 traci\u0142am.<\/p>\n<p>Dzi\u0119kuj\u0119 zawodniczkom i zawodnikom, z kt\u00f3rymi mog\u0142am trenowa\u0107, rywalizowa\u0107, podr\u00f3\u017cowa\u0107 i dzieli\u0107 najpi\u0119kniejsze, ale te\u017c najtrudniejsze momenty. To dzi\u0119ki Wam sport nigdy nie by\u0142 wy\u0142\u0105cznie samotn\u0105 walk\u0105 z czasem.<\/p>\n<p>     <img class=\"ods-a-photo ods-a-photo--background\" src=\"https:\/\/www.europesays.com\/pl\/wp-content\/uploads\/2026\/07\/w_qk9lBaHR0cHM6Ly9vY2RuLmV1L3B1bHNjbXMvTURBXy9jZjhkMGY3MjFiNmVlZGE2OTI3NWQ5NmEzZDNkZGI2My5qcGeRkwXNB.jpeg\" height=\"530\" width=\"940\" alt=\"Sofia Ennaoui\" loading=\"lazy\" fetchpriority=\"auto\" decoding=\"auto\"\/>    <\/p>\n<p>BSR Agency \/ Contributor \/ Getty Images<\/p>\n<p>  Sofia Ennaoui  <\/p>\n<p>Dzi\u0119kuj\u0119 wszystkim organizacjom, wojsku, klubom, partnerom, sponsorom i firmom, kt\u00f3re zaufa\u0142y mi na r\u00f3\u017cnych etapach tej drogi. Ludziom, kt\u00f3rzy otwierali przede mn\u0105 drzwi, pozwalali si\u0119 rozwija\u0107 i pokazali mi \u015bwiat znacznie wi\u0119kszy ni\u017c bie\u017cnia.<\/p>\n<p>Dzi\u0119kuj\u0119 kibicom. Za ka\u017cd\u0105 wiadomo\u015b\u0107, ka\u017cde wypowiedziane z trybun moje imi\u0119, ka\u017cd\u0105 flag\u0119 i ka\u017cde wzruszenie, kt\u00f3re dzielili\u015bcie razem ze mn\u0105. Nieraz nie mieli\u015bcie \u015bwiadomo\u015bci, \u017ce jedno Wasze zdanie wystarcza\u0142o, abym kolejnego dnia ponownie za\u0142o\u017cy\u0142a buty i spr\u00f3bowa\u0142a jeszcze raz.<\/p>\n<p>Najbardziej dzi\u0119kuj\u0119 jednak moim najbli\u017cszym. Za to, \u017ce byli\u015bcie obok nie tylko wtedy, kiedy wygrywa\u0142am. Za cierpliwo\u015b\u0107 wobec nieobecno\u015bci, zm\u0119czenia, \u0142ez, napi\u0119cia i \u017cycia podporz\u0105dkowanego treningom. Za to, \u017ce przypominali\u015bcie mi, i\u017c poza wynikiem r\u00f3wnie\u017c jestem kim\u015b wa\u017cnym.<\/p>\n<p>Dzi\u0119kuj\u0119 tak\u017ce samej sobie. Tej ma\u0142ej dziewczynie, kt\u00f3ra odwa\u017cy\u0142a si\u0119 marzy\u0107. Zawodniczce, kt\u00f3ra wiele razy upada\u0142a, ale jeszcze cz\u0119\u015bciej pr\u00f3bowa\u0142a wsta\u0107. Kobiecie, kt\u00f3ra dzi\u015b potrafi spojrze\u0107 na ca\u0142\u0105 t\u0119 drog\u0119 z wdzi\u0119czno\u015bci\u0105, a nie tylko przez pryzmat tego, co mog\u0142o wydarzy\u0107 si\u0119 inaczej.<\/p>\n<p>Reprezentowanie Polski by\u0142o jednym z najwi\u0119kszych zaszczyt\u00f3w mojego \u017cycia. Ka\u017cdy start z or\u0142em na piersi ni\u00f3s\u0142 ze sob\u0105 emocje, kt\u00f3rych nie da si\u0119 opisa\u0107 s\u0142owami. Jestem dumna z ka\u017cdego medalu, ka\u017cdego fina\u0142u i ka\u017cdego wyniku, ale r\u00f3wnie mocno z chwil, w kt\u00f3rych mimo przeciwno\u015bci nie przesta\u0142am walczy\u0107.<\/p>\n<p>Nie odchodz\u0119 ze sportu z poczuciem straty. Odchodz\u0119 z sercem pe\u0142nym ludzi, miejsc, emocji i wspomnie\u0144. Sport na zawsze pozostanie cz\u0119\u015bci\u0105 mnie w sposobie, w jaki my\u015bl\u0119, pracuj\u0119, podejmuj\u0119 wyzwania i patrz\u0119 na \u015bwiat.<\/p>\n<p>Ko\u0144czy si\u0119 moja historia jako zawodniczki, ale nie ko\u0144czy si\u0119 moja historia ze sportem.<\/p>\n<p>Przede mn\u0105 nowa droga. Jeszcze jej dok\u0142adnie nie znam, ale wiem, \u017ce zabieram na ni\u0105 wszystko, czego nauczy\u0142a mnie bie\u017cnia. Zabieram odwag\u0119, konsekwencj\u0119, pokor\u0119 i przekonanie, \u017ce ka\u017cdy koniec mo\u017ce by\u0107 pocz\u0105tkiem czego\u015b r\u00f3wnie pi\u0119knego.<\/p>\n<p>Dzi\u0119kuj\u0119, \u017ce byli\u015bcie cz\u0119\u015bci\u0105 tej historii.<\/p>\n<p>To by\u0142a jak dot\u0105d najpi\u0119kniejsza podr\u00f3\u017c mojego \u017cycia&#8221;.<\/p>\n","protected":false},"excerpt":{"rendered":"30-latka to jedna z czo\u0142owych biegaczek znad Wis\u0142y w ostatnich latach. Specjalizowa\u0142a si\u0119 w biegu na 1500 m.&hellip;\n","protected":false},"author":2,"featured_media":549433,"comment_status":"","ping_status":"","sticky":false,"template":"","format":"standard","meta":{"footnotes":"","_share_on_mastodon":"0"},"categories":[12],"tags":[61195,522,48,46,42,38,40,39,41,47,108353,130],"class_list":["post-549432","post","type-post","status-publish","format-standard","has-post-thumbnail","category-polska","tag-bottomfeed_styl","tag-lekkoatletyka","tag-nat_styl","tag-omp","tag-pl","tag-poland","tag-polish","tag-polska","tag-polski","tag-screening_general","tag-sofia_ennaoui","tag-wiadomosci_sportowe"],"share_on_mastodon":{"url":"https:\/\/pubeurope.com\/@pl\/116900695664553811","error":""},"_links":{"self":[{"href":"https:\/\/www.europesays.com\/pl\/wp-json\/wp\/v2\/posts\/549432","targetHints":{"allow":["GET"]}}],"collection":[{"href":"https:\/\/www.europesays.com\/pl\/wp-json\/wp\/v2\/posts"}],"about":[{"href":"https:\/\/www.europesays.com\/pl\/wp-json\/wp\/v2\/types\/post"}],"author":[{"embeddable":true,"href":"https:\/\/www.europesays.com\/pl\/wp-json\/wp\/v2\/users\/2"}],"replies":[{"embeddable":true,"href":"https:\/\/www.europesays.com\/pl\/wp-json\/wp\/v2\/comments?post=549432"}],"version-history":[{"count":0,"href":"https:\/\/www.europesays.com\/pl\/wp-json\/wp\/v2\/posts\/549432\/revisions"}],"wp:featuredmedia":[{"embeddable":true,"href":"https:\/\/www.europesays.com\/pl\/wp-json\/wp\/v2\/media\/549433"}],"wp:attachment":[{"href":"https:\/\/www.europesays.com\/pl\/wp-json\/wp\/v2\/media?parent=549432"}],"wp:term":[{"taxonomy":"category","embeddable":true,"href":"https:\/\/www.europesays.com\/pl\/wp-json\/wp\/v2\/categories?post=549432"},{"taxonomy":"post_tag","embeddable":true,"href":"https:\/\/www.europesays.com\/pl\/wp-json\/wp\/v2\/tags?post=549432"}],"curies":[{"name":"wp","href":"https:\/\/api.w.org\/{rel}","templated":true}]}}