{"id":549563,"date":"2026-07-11T11:02:30","date_gmt":"2026-07-11T11:02:30","guid":{"rendered":"https:\/\/www.europesays.com\/pl\/549563\/"},"modified":"2026-07-11T11:02:30","modified_gmt":"2026-07-11T11:02:30","slug":"luksusowe-elektryki-exlantix-zadebiutowaly-w-trojmiescie","status":"publish","type":"post","link":"https:\/\/www.europesays.com\/pl\/549563\/","title":{"rendered":"Luksusowe elektryki Exlantix zadebiutowa\u0142y w Tr\u00f3jmie\u015bcie"},"content":{"rendered":"<p>            <a href=\"https:\/\/s-trojmiasto.pl\/zdj\/c\/n\/9\/4368\/1920x0\/4368792-Prezentacja-marki-Exlantix-w-Filharmonii-Baltyckiej.webp\" target=\"_blank\" data-slide-name=\"850218\" data-lightbox-target=\"photo full\" data-sub-html=\"&lt;h4&gt;Prezentacja marki Exlantix w Filharmonii Ba\u0142tyckiej &lt;\/h4&gt;&lt;p&gt;fot. Jakub Steinborn\/Trojmiasto.pl&lt;\/p&gt;&#010;\" class=\"photoMarker__link\" data-filter-brightness=\"brightness--100\" rel=\"nofollow noopener\"><\/p>\n<p>    <img decoding=\"async\" style=\"height:500px; aspect-ratio: 1.5\/1; filter:brightness(1);\" alt=\"Prezentacja marki Exlantix w Filharmonii Ba\u0142tyckiej \" src=\"https:\/\/www.europesays.com\/pl\/wp-content\/uploads\/2026\/07\/4368792-Prezentacja-marki-Exlantix-w-Filharmonii-Baltyckiej.webp\" class=\"photoMarker__img \" data-slider=\"img\" fetchpriority=\"high\"\/><\/p>\n<p>            <\/a><\/p>\n<p class=\"lead\">Grupa Plichta nie zwalnia tempa &#8211; w\u0142a\u015bnie zaprezentowa\u0142a now\u0105 mark\u0119 w\u00a0swojej ofercie. To Exlantix, chi\u0144ska marka luksusowych samochod\u00f3w elektrycznych, nale\u017c\u0105ca do koncernu Chery. 9 lipca odby\u0142 si\u0119 oficjalny <a href=\"https:\/\/www.trojmiasto.pl\/dom\/Debiut-i753.html\" class=\"parse-link\" title=\"Debiut\" rel=\"nofollow noopener\" target=\"_blank\">debiut<\/a> i\u00a0prezentacja marki w\u00a0barwach Grupy Plichta. <\/p>\n<p>                                    <a data-tklik=\"139346\" href=\"https:\/\/katalog.trojmiasto.pl\/motoryzacja\/salony_samochodowe\/\" rel=\"nofollow noopener\" target=\"_blank\"><br \/>\n                                                    Katalog.trojmiasto.pl \u2013<br \/>\n                                                                    Salony samochodowe w Tr\u00f3jmie\u015bcie<br \/>\n                                                                    <\/a><\/p>\n<p>                <a data-tklik=\"139346\" href=\"https:\/\/katalog.trojmiasto.pl\/motoryzacja\/salony_samochodowe\/\" rel=\"nofollow noopener\" target=\"_blank\"><br \/>\n                    wi\u0119cej<\/p>\n<p>                <\/a><\/p>\n<p>Co ciekawe, wydarzenie organizowane przez Grup\u0119 Plichta rozpocz\u0119\u0142o si\u0119 w\u00a0gdy\u0144skiej marinie. Zaproszeni go\u015bcie najpierw odbyli rejs po zatoce, \u017ceby finalnie dop\u0142yn\u0105\u0107 do Gda\u0144ska, a\u00a0konkretnie do <a data-tklik=\"416904\" href=\"https:\/\/mapa.trojmiasto.pl\/#\/location\/-14.35,203.44\/map\/-14.41,203.27,6,b\" onclick=\"openMap(this.href); return false;\" target=\"_blank\" title=\"zobacz na mapie Gda\u0144ska\" rel=\"nofollow noopener\">Filharmonii Ba\u0142tyckiej<img decoding=\"async\" class=\"icon-map\" src=\"https:\/\/www.trojmiasto.pl\/_img\/svg\/ico-map-flat.svg\" alt=\"Mapka\"\/><\/a>. To w\u0142a\u015bnie na O\u0142owiance byli\u015bmy \u015bwiadkami najwa\u017cniejszych wydarze\u0144.<\/p>\n<p>Po uroczystej kolacji i\u00a0prezentacji marki nadszed\u0142 czas na moment kulminacyjny, czyli zaprezentowanie samochod\u00f3w oferowanych przez mark\u0119 Exlantix.<\/p>\n<p>\n            <a href=\"https:\/\/s-trojmiasto.pl\/zdj\/c\/n\/9\/4368\/1920x0\/4368793-Prezentacja-marki-Exlantix-w-Filharmonii-Baltyckiej.webp\" target=\"_blank\" data-slide-name=\"850219\" data-lightbox-target=\"photo full\" data-sub-html=\"&lt;h4&gt;Prezentacja marki Exlantix w Filharmonii Ba\u0142tyckiej &lt;\/h4&gt;&lt;p&gt;fot. Jakub Steinborn\/Trojmiasto.pl&lt;\/p&gt;&#010;\" class=\"photoMarker__link\" data-filter-brightness=\"brightness--100\" rel=\"nofollow noopener\"><\/p>\n<p>    <img decoding=\"async\" style=\"height:500px; aspect-ratio: 1.5\/1; filter:brightness(1);\" alt=\"Prezentacja marki Exlantix w Filharmonii Ba\u0142tyckiej \" src=\"https:\/\/www.europesays.com\/pl\/wp-content\/uploads\/2026\/07\/4368793-Prezentacja-marki-Exlantix-w-Filharmonii-Baltyckiej.webp\" class=\"photoMarker__img lazy\" data-slider=\"img\"\/><\/p>\n<p>            <\/a><\/p>\n<p>Tam, gdzie design <a href=\"https:\/\/www.trojmiasto.pl\/dom\/Spot-i1639.html\" class=\"parse-link\" title=\"Spot\" rel=\"nofollow noopener\" target=\"_blank\">spotyka<\/a> legend\u0119. Jak Atlantyda wy\u0142aniaj\u0105ca si\u0119 z\u00a0g\u0142\u0119bin, Exlantix redefiniuje poj\u0119cie nowoczesnego luksusu. P\u0142ynne linie nadwozia, inspirowane harmoni\u0105 natury, otwieraj\u0105 nowy rozdzia\u0142 w\u00a0Grupie Plichta&#8221; &#8211; czytamy w\u00a0mediach spo\u0142eczno\u015bciowych Grupy Plichta.<\/p>\n<p>W Polsce Exlantix oferuje dwa bogato wyposa\u017cone modele &#8211; liftbacka Exlantix ES oraz SUV-a Exlantix ET. Ceny ES i\u00a0ET wynosz\u0105 obecnie odpowiednio 329 900 z\u0142 i\u00a0349 900 z\u0142. <\/p>\n<p>                                    <a data-tklik=\"185370\" href=\"https:\/\/katalog.trojmiasto.pl\/motoryzacja\/oklejanie_samochodow\/\" rel=\"nofollow noopener\" target=\"_blank\"><br \/>\n                                                    Katalog.trojmiasto.pl \u2013<br \/>\n                                                                    Oklejanie samochod\u00f3w &#8211; Gda\u0144sk, Gdynia, Sopot<br \/>\n                                                                    <\/a><\/p>\n<p>                <a data-tklik=\"185370\" href=\"https:\/\/katalog.trojmiasto.pl\/motoryzacja\/oklejanie_samochodow\/\" rel=\"nofollow noopener\" target=\"_blank\"><br \/>\n                    wi\u0119cej<\/p>\n<p>                <\/a><\/p>\n<p>\n            <a href=\"https:\/\/s-trojmiasto.pl\/zdj\/c\/n\/9\/4368\/1920x0\/4368774-Prezentacja-marki-Exlantix-w-Filharmonii-Baltyckiej.webp\" target=\"_blank\" data-slide-name=\"850200\" data-lightbox-target=\"photo full\" data-sub-html=\"&lt;h4&gt;Prezentacja marki Exlantix w Filharmonii Ba\u0142tyckiej &lt;\/h4&gt;&lt;p&gt;fot. Jakub Steinborn\/Trojmiasto.pl&lt;\/p&gt;&#010;\" class=\"photoMarker__link\" data-filter-brightness=\"brightness--100\" rel=\"nofollow noopener\"><\/p>\n<p>    <img decoding=\"async\" style=\"height:500px; aspect-ratio: 1.5\/1; filter:brightness(1);\" alt=\"Prezentacja marki Exlantix w Filharmonii Ba\u0142tyckiej \" src=\"https:\/\/www.europesays.com\/pl\/wp-content\/uploads\/2026\/07\/4368774-Prezentacja-marki-Exlantix-w-Filharmonii-Baltyckiej.webp\" class=\"photoMarker__img lazy\" data-slider=\"img\"\/><\/p>\n<p>            <\/a><\/p>\n<p>Model ES oferuje 480 KM, nap\u0119d na wszystkie ko\u0142a, 4,2 s\u00a0do &#8222;setki&#8221; i\u00a0nawet 600 km zasi\u0119gu na jednym \u0142adowaniu. Natomiast wi\u0119kszy ET to r\u00f3wnie\u017c 480 KM i\u00a04,8 s\u00a0od 0 do 100 km\/h. Zasi\u0119g do 556 km. <\/p>\n<p>Oba auta oferuj\u0105 naprawd\u0119 bogate wyposa\u017cenie, posiadaj\u0105 m.in. pneumatyczne zawieszenie, 15,6-calowy ekran 2,5 K, 21-calowy HUD, system audio z\u00a023 g\u0142o\u015bnikami i\u00a0Dolby Atmos 3D, panoramiczny dach, 3-strefow\u0105 klimatyzacj\u0119, kamery 540 stopni czy pakiet system\u00f3w ADAS L2+.<\/p>\n<p>Salon Exlantix Plichta powstaje w\u00a0miasteczku Grupy Plichta na Szad\u00f3\u0142kach, przy tr\u00f3jmiejskiej obwodnicy. <\/p>\n","protected":false},"excerpt":{"rendered":"Grupa Plichta nie zwalnia tempa &#8211; w\u0142a\u015bnie zaprezentowa\u0142a now\u0105 mark\u0119 w\u00a0swojej ofercie. To Exlantix, chi\u0144ska marka luksusowych samochod\u00f3w&hellip;\n","protected":false},"author":2,"featured_media":549564,"comment_status":"","ping_status":"","sticky":false,"template":"","format":"standard","meta":{"footnotes":"","_share_on_mastodon":"0"},"categories":[51610],"tags":[89204,59925,1830,647,8698,2263,108385,108383,1048,1064,97865,11021,8775,8773,8752,4037,1142,1072,42,52033,108384,38,40,39,41,9948,1248,1063,4000,1323,8774],"class_list":["post-549563","post","type-post","status-publish","format-standard","has-post-thumbnail","category-gdansk","tag-auto-elektryczne","tag-barwa","tag-chery","tag-debiut","tag-design","tag-elektryk","tag-exlantix","tag-exlantix-plichta","tag-gdansk","tag-gdynia","tag-grupa-plichta","tag-koncern","tag-kulinaria","tag-lifestyle","tag-luksus","tag-marka","tag-moda","tag-oferta","tag-pl","tag-plichta","tag-plichta-exlantix","tag-poland","tag-polish","tag-polska","tag-polski","tag-prezentacja","tag-samochod","tag-sopot","tag-trojmiasto","tag-uroda","tag-wnetrza"],"share_on_mastodon":{"url":"https:\/\/pubeurope.com\/@pl\/116901010505987157","error":""},"_links":{"self":[{"href":"https:\/\/www.europesays.com\/pl\/wp-json\/wp\/v2\/posts\/549563","targetHints":{"allow":["GET"]}}],"collection":[{"href":"https:\/\/www.europesays.com\/pl\/wp-json\/wp\/v2\/posts"}],"about":[{"href":"https:\/\/www.europesays.com\/pl\/wp-json\/wp\/v2\/types\/post"}],"author":[{"embeddable":true,"href":"https:\/\/www.europesays.com\/pl\/wp-json\/wp\/v2\/users\/2"}],"replies":[{"embeddable":true,"href":"https:\/\/www.europesays.com\/pl\/wp-json\/wp\/v2\/comments?post=549563"}],"version-history":[{"count":0,"href":"https:\/\/www.europesays.com\/pl\/wp-json\/wp\/v2\/posts\/549563\/revisions"}],"wp:featuredmedia":[{"embeddable":true,"href":"https:\/\/www.europesays.com\/pl\/wp-json\/wp\/v2\/media\/549564"}],"wp:attachment":[{"href":"https:\/\/www.europesays.com\/pl\/wp-json\/wp\/v2\/media?parent=549563"}],"wp:term":[{"taxonomy":"category","embeddable":true,"href":"https:\/\/www.europesays.com\/pl\/wp-json\/wp\/v2\/categories?post=549563"},{"taxonomy":"post_tag","embeddable":true,"href":"https:\/\/www.europesays.com\/pl\/wp-json\/wp\/v2\/tags?post=549563"}],"curies":[{"name":"wp","href":"https:\/\/api.w.org\/{rel}","templated":true}]}}