{"id":549745,"date":"2026-07-11T12:59:43","date_gmt":"2026-07-11T12:59:43","guid":{"rendered":"https:\/\/www.europesays.com\/pl\/549745\/"},"modified":"2026-07-11T12:59:43","modified_gmt":"2026-07-11T12:59:43","slug":"ogromne-zniszczenia-po-wybuchu-butli-z-gazem-w-domu-jednorodzinnym-jedna-osoba-zostala-poszkodowana","status":"publish","type":"post","link":"https:\/\/www.europesays.com\/pl\/549745\/","title":{"rendered":"Ogromne zniszczenia po wybuchu butli z gazem w domu jednorodzinnym. Jedna osoba zosta\u0142a poszkodowana"},"content":{"rendered":"\n<p>                <a target=\"_blank\" href=\"http:\/\/www.wykop.pl\/dodaj\/link\/?url=https%3A%2F%2Fwww.radiowroclaw.pl%2Farticles%2Fview%2F162205%2FOgromne-zniszczenia-po-wybuchu-butli-z-gazem-w-domu-jednorodzinnym-Jedna-osoba-zostala-poszkodowana&amp;title=Ogromne+zniszczenia+po+wybuchu+butli+z+gazem+w+domu+jednorodzinnym.+Jedna+osoba+zosta%C5%82a+poszkodowana&amp;desc=W+miejscowo%C5%9Bci+Owsianka+%28powiat+wroc%C5%82awski%29+dosz%C5%82o+do+wybuchu+butli+z+gazem+w+%C5%9Brodku+domu.+Cz%C4%99%C5%9B%C4%87+budynku+uleg%C5%82a+bardzo+powa%C5%BCnym+zniszczeniom.+S%C5%82u%C5%BCby+s%C4%85+ju%C5%BC+na+miejscu+i+zabezpieczaj%C4%85+teren.\" rel=\"nofollow noopener\"><img decoding=\"async\" alt=\"Dodaj do Wykop.pl\" src=\"https:\/\/www.radiowroclaw.pl\/nlayout\/layout\/wykop-social.svg\"\/><\/a><\/p>\n<p>    <a href=\"https:\/\/www.europesays.com\/pl\/wp-content\/uploads\/2026\/07\/g6i7EpUmqW.jpg\" class=\"RWGalleryGroup\" rel=\"RWGallery\" data-fancybox=\"RWGallery\" data-caption=\"W Owsiance (powiat wroc\u0142awski) dosz\u0142o do wybuchu butli z gazem\" title=\"W Owsiance (powiat wroc\u0142awski) dosz\u0142o do wybuchu butli z gazem\"><img decoding=\"async\" src=\"https:\/\/www.europesays.com\/pl\/wp-content\/uploads\/2026\/07\/g6i7EpUmqW.jpg\" class=\"w-100\" alt=\"Ogromne zniszczenia po wybuchu butli z gazem w domu jednorodzinnym. Jedna osoba zosta\u0142a poszkodowana \u2013 W Owsiance (powiat wroc\u0142awski) dosz\u0142o do wybuchu butli z gazem\"\/><\/a>W Owsiance (powiat wroc\u0142awski) dosz\u0142o do wybuchu butli z gazem<\/p>\n<p>fot. K\u0105ty Wroc\u0142awskie na Sygnale<\/p>\n<p>W miejscowo\u015bci Owsianka (powiat wroc\u0142awski) dosz\u0142o do wybuchu butli z gazem w \u015brodku domu. Cz\u0119\u015b\u0107 budynku uleg\u0142a bardzo powa\u017cnym zniszczeniom. S\u0142u\u017cby s\u0105 ju\u017c na miejscu i zabezpieczaj\u0105 teren.<\/p>\n<p style=\"text-align: justify;\">Dom jednorodzinnym w miejscowo\u015bci Owsianka uleg\u0142 bardzo powa\u017cnym uszkodzeniom po wybuchu butli z gazem. Po godzinie 21:00 s\u0142u\u017cby ratunkowe otrzyma\u0142y zg\u0142oszenie dotycz\u0105ce\u00a0tego zdarzenia i natychmiast ruszy\u0142y do akcji.<\/p>\n<p style=\"text-align: justify;\">Si\u0142a eksplozji doprowadzi\u0142a do uszkodzenia znacznej cz\u0119\u015bci konstrukcji domu. Jedna osoba zosta\u0142a poszkodowana. Stra\u017cacy zabezpieczyli teren oraz podj\u0119cli dzia\u0142ania maj\u0105ce na celu wyeliminowanie dalszego zagro\u017cenia. Sprawdzaj\u0105 r\u00f3wnie\u017c stabinlo\u015b\u0107 budynku.<\/p>\n<p style=\"text-align: justify;\">Obecnie trwa ustalanie dok\u0142adnych okoliczno\u015bci oraz przyczyn wybuchu.<\/p>\n<p>            <a name=\"Gallery\"\/><\/p>\n<p>                                                                <a class=\"RWGalleryGroup\" rel=\"RWGallery nofollow noopener\" data-fancybox=\"RWGallery\" data-caption=\"Wybuch butli z gazem doprowadzi\u0142 do ogromnych zniszcze\u0144 w domu \/fot. K\u0105ty Wroc\u0142awskie na Sygnale\" title=\"Wybuch butli z gazem doprowadzi\u0142 do ogromnych zniszcze\u0144 w domu \/fot. K\u0105ty Wroc\u0142awskie na Sygnale\" href=\"https:\/\/www.radiowroclaw.pl\/img\/articles\/162205\/Ogromne-zniszczenia-po-wybuchu-butli-z-gazem-w-domu-jednorodzinnym-Jedna-osoba-zostala-poszkodowana-2-6a514dca63dbf-798n.jpg\" target=\"_blank\">&#13;<\/p>\n<p>                                        <img decoding=\"async\" src=\"https:\/\/www.europesays.com\/pl\/wp-content\/uploads\/2026\/07\/Ogromne-zniszczenia-po-wybuchu-butli-z-gazem-w-domu-jednorodzinnym-Jedna-osoba-zostala-poszkodowana-.jpeg\" class=\"img-cover\" alt=\"Ogromne zniszczenia po wybuchu butli z gazem w domu jednorodzinnym. Jedna osoba zosta\u0142a poszkodowana - 4\"\/>                                    &#13;<br \/>\n                                <\/a><\/p>\n<p>        <a name=\"Comments\"\/><br \/>\n    \ufeff<\/p>\n<p>\t\t\t\t<a name=\"Comments\"\/><\/p>\n<p>\t\t\t\t\tDodaj\u0105c komentarz do artyku\u0142u akceptujesz<br \/>\n\t\t\t\t\t<a class=\"fw-bold\" href=\"https:\/\/www.radiowroclaw.pl\/articles\/view\/97405\" title=\"regulamin strony\" rel=\"nofollow noopener\" target=\"_blank\">regulamin strony<\/a>.<br \/>\n\t\t\t\t\tRadio Wroc\u0142aw nie odpowiada za tre\u015b\u0107 komentarzy.<\/p>\n","protected":false},"excerpt":{"rendered":"W Owsiance (powiat wroc\u0142awski) dosz\u0142o do wybuchu butli z gazem fot. K\u0105ty Wroc\u0142awskie na Sygnale W miejscowo\u015bci Owsianka&hellip;\n","protected":false},"author":2,"featured_media":549746,"comment_status":"","ping_status":"","sticky":false,"template":"","format":"standard","meta":{"footnotes":"","_share_on_mastodon":"0"},"categories":[51607],"tags":[108418,93117,108419,31603,108420,58659,7216,42,6022,38,40,39,41,72528,31600,1853,108417,44413,33735,56667],"class_list":["post-549745","post","type-post","status-publish","format-standard","has-post-thumbnail","category-wroclaw","tag-butli","tag-domu","tag-gazem","tag-jedna","tag-jednorodzinnym","tag-ogromne","tag-osoba","tag-pl","tag-po","tag-poland","tag-polish","tag-polska","tag-polski","tag-poszkodowana","tag-w","tag-wroclaw","tag-wybuchu","tag-z","tag-zniszczenia","tag-zostala"],"share_on_mastodon":{"url":"https:\/\/pubeurope.com\/@pl\/116901470396293802","error":""},"_links":{"self":[{"href":"https:\/\/www.europesays.com\/pl\/wp-json\/wp\/v2\/posts\/549745","targetHints":{"allow":["GET"]}}],"collection":[{"href":"https:\/\/www.europesays.com\/pl\/wp-json\/wp\/v2\/posts"}],"about":[{"href":"https:\/\/www.europesays.com\/pl\/wp-json\/wp\/v2\/types\/post"}],"author":[{"embeddable":true,"href":"https:\/\/www.europesays.com\/pl\/wp-json\/wp\/v2\/users\/2"}],"replies":[{"embeddable":true,"href":"https:\/\/www.europesays.com\/pl\/wp-json\/wp\/v2\/comments?post=549745"}],"version-history":[{"count":0,"href":"https:\/\/www.europesays.com\/pl\/wp-json\/wp\/v2\/posts\/549745\/revisions"}],"wp:featuredmedia":[{"embeddable":true,"href":"https:\/\/www.europesays.com\/pl\/wp-json\/wp\/v2\/media\/549746"}],"wp:attachment":[{"href":"https:\/\/www.europesays.com\/pl\/wp-json\/wp\/v2\/media?parent=549745"}],"wp:term":[{"taxonomy":"category","embeddable":true,"href":"https:\/\/www.europesays.com\/pl\/wp-json\/wp\/v2\/categories?post=549745"},{"taxonomy":"post_tag","embeddable":true,"href":"https:\/\/www.europesays.com\/pl\/wp-json\/wp\/v2\/tags?post=549745"}],"curies":[{"name":"wp","href":"https:\/\/api.w.org\/{rel}","templated":true}]}}