{"id":550310,"date":"2026-07-11T18:50:25","date_gmt":"2026-07-11T18:50:25","guid":{"rendered":"https:\/\/www.europesays.com\/pl\/550310\/"},"modified":"2026-07-11T18:50:25","modified_gmt":"2026-07-11T18:50:25","slug":"wstrzasy-w-zakladach-gorniczych-lubin-gornikow-ewakuowano","status":"publish","type":"post","link":"https:\/\/www.europesays.com\/pl\/550310\/","title":{"rendered":"Wstrz\u0105sy w Zak\u0142adach G\u00f3rniczych Lubin. G\u00f3rnik\u00f3w ewakuowano"},"content":{"rendered":"<p><a name=\"eztoc42248860_0_3\" id=\"eztoc42248860_0_3\"\/>Sobotnie wstrz\u0105sy w Zag\u0142\u0119biu Miedziowym. Ewakuacja g\u00f3rnik\u00f3w<\/p>\n<p>Jak poinformowa\u0142 PAP dyrektor Departamentu Komunikacji KGHM Polska Mied\u017a Miros\u0142aw Kuk, w sobot\u0119 rano mia\u0142 miejsce wstrz\u0105s w Zak\u0142adach G\u00f3rniczych Lubin. \u2013\u00a0Trwa akcja wycofywania za\u0142ogi, w kt\u00f3rej bior\u0105 udzia\u0142 ratownicy. Trzynastu g\u00f3rnik\u00f3w jest ju\u017c bezpiecznych,\u00a0a siedmiu znajduje si\u0119 w strefie zagro\u017cenia \u2013 m\u00f3wi\u0142 przed po\u0142udniem.<\/p>\n<p>Po oko\u0142o dw\u00f3ch godzinach biuro\u00a0prasowe KGHM poda\u0142o, \u017ce akcja ratunkowa zosta\u0142a ju\u017c zako\u0144czona. \u201eWed\u0142ug wst\u0119pnych ustale\u0144 jedna osoba dozna\u0142a lekkich obra\u017ce\u0144. Przyczyny zdarzenia zbada specjalna komisja\u201d &#8211; podano w komunikacie.<\/p>\n<p>Obecnie g\u00f3rnicy\u00a0znajduj\u0105 si\u0119 pod opiek\u0105 lekarzy. Ich stan jest dobry.\u00a0Przyczyny zdarzenia zbada specjalna komisja. Do wstrz\u0105su dosz\u0142o w sobot\u0119 o godz. 8.11. \u201eNiezw\u0142ocznie po zdarzeniu rozpocz\u0119\u0142a si\u0119 akcja ratunkowa z udzia\u0142em JRGH&#8221; \u2013 przekaza\u0142o KGHM.<\/p>\n<p>\u0179r\u00f3d\u0142o: Radio ZET<\/p>\n<p>By\u0142e\u015b \u015bwiadkiem czego\u015b niespodziewanego? Masz temat, kt\u00f3rym powinni\u015bmy si\u0119 zaj\u0105\u0107?<\/p>\n<p>Zg\u0142o\u015b spraw\u0119 przez <a href=\"https:\/\/wiadomosci.radiozet.pl\/czerwony-telefon\" target=\"_blank\" title=\"Czerwony telefon Radia Zet\" rel=\"nofollow noopener\">Czerwony telefon Radia ZET<\/a><\/p>\n","protected":false},"excerpt":{"rendered":"Sobotnie wstrz\u0105sy w Zag\u0142\u0119biu Miedziowym. Ewakuacja g\u00f3rnik\u00f3w Jak poinformowa\u0142 PAP dyrektor Departamentu Komunikacji KGHM Polska Mied\u017a Miros\u0142aw Kuk,&hellip;\n","protected":false},"author":2,"featured_media":550311,"comment_status":"","ping_status":"","sticky":false,"template":"","format":"standard","meta":{"footnotes":"","_share_on_mastodon":"0"},"categories":[52220],"tags":[17214,18033,3953,52221,20322,42,38,40,39,41],"class_list":["post-550310","post","type-post","status-publish","format-standard","has-post-thumbnail","category-kghm","tag-dolnoslaskie","tag-gornictwo","tag-kghm","tag-kghm-polska-miedz","tag-kopalnia","tag-pl","tag-poland","tag-polish","tag-polska","tag-polski"],"share_on_mastodon":{"url":"https:\/\/pubeurope.com\/@pl\/116902849636608462","error":""},"_links":{"self":[{"href":"https:\/\/www.europesays.com\/pl\/wp-json\/wp\/v2\/posts\/550310","targetHints":{"allow":["GET"]}}],"collection":[{"href":"https:\/\/www.europesays.com\/pl\/wp-json\/wp\/v2\/posts"}],"about":[{"href":"https:\/\/www.europesays.com\/pl\/wp-json\/wp\/v2\/types\/post"}],"author":[{"embeddable":true,"href":"https:\/\/www.europesays.com\/pl\/wp-json\/wp\/v2\/users\/2"}],"replies":[{"embeddable":true,"href":"https:\/\/www.europesays.com\/pl\/wp-json\/wp\/v2\/comments?post=550310"}],"version-history":[{"count":0,"href":"https:\/\/www.europesays.com\/pl\/wp-json\/wp\/v2\/posts\/550310\/revisions"}],"wp:featuredmedia":[{"embeddable":true,"href":"https:\/\/www.europesays.com\/pl\/wp-json\/wp\/v2\/media\/550311"}],"wp:attachment":[{"href":"https:\/\/www.europesays.com\/pl\/wp-json\/wp\/v2\/media?parent=550310"}],"wp:term":[{"taxonomy":"category","embeddable":true,"href":"https:\/\/www.europesays.com\/pl\/wp-json\/wp\/v2\/categories?post=550310"},{"taxonomy":"post_tag","embeddable":true,"href":"https:\/\/www.europesays.com\/pl\/wp-json\/wp\/v2\/tags?post=550310"}],"curies":[{"name":"wp","href":"https:\/\/api.w.org\/{rel}","templated":true}]}}