{"id":550339,"date":"2026-07-11T19:13:10","date_gmt":"2026-07-11T19:13:10","guid":{"rendered":"https:\/\/www.europesays.com\/pl\/550339\/"},"modified":"2026-07-11T19:13:10","modified_gmt":"2026-07-11T19:13:10","slug":"iran-grozi-zerwaniem-porozumienia-oskarza-usa-o-lamanie-ustalen","status":"publish","type":"post","link":"https:\/\/www.europesays.com\/pl\/550339\/","title":{"rendered":"Iran grozi zerwaniem porozumienia. Oskar\u017ca USA o \u0142amanie ustale\u0144"},"content":{"rendered":"<p>Ambasador Iranu przy ONZ Amir Said Irawani zagrozi\u0142, \u017ce jego kraj nie b\u0119dzie zwi\u0105zany postanowieniami zawartymi w protokole porozumienia, je\u015bli strona ameryka\u0144ska kontynuuje nieprzestrzeganie zobowi\u0105za\u0144 \u2014 przekaza\u0142a w sobot\u0119 ira\u0144ska pa\u0144stwowa telewizja.<\/p>\n<p> Dalszy ci\u0105g artyku\u0142u pod materia\u0142em wideo Iran grozi zerwaniem ustale\u0144<\/p>\n<p>\u2014 Je\u015bli USA nadal nie b\u0119d\u0105 wywi\u0105zywa\u0107 si\u0119 ze swoich zobowi\u0105za\u0144 zawartych w protokole porozumienia, Iran nie b\u0119dzie zobligowany do uszanowania ustale\u0144 jego dotycz\u0105cych w tym\u017ce dokumencie \u2014 przekaza\u0142 Saidi.<\/p>\n<p>Minister spraw zagranicznych Iranu Abbas Aragczi opublikowa\u0142 na platformie X wpis, w kt\u00f3rym wskaza\u0142 palcem na Waszyngton. Wed\u0142ug szefa ira\u0144skiej dyplomacji to strona ameryka\u0144ska nie dotrzymuje warunk\u00f3w wst\u0119pnego porozumienia pokojowego.<\/p>\n<p>&#8222;Iran dotrzymuje s\u0142owa, w przeciwie\u0144stwie do ameryka\u0144skiego Departamentu Skarbu, kt\u00f3ry \u0142amie punkt dziewi\u0105ty wst\u0119pnego porozumienia&#8221; \u2014 czytamy w komunikacie Aragczego. Chodzi o zapisy dotycz\u0105ce zniesienia sankcji ekonomicznych na\u0142o\u017conych na ira\u0144skie instytucje finansowe.<\/p>\n<p>Waszyngton i Teheran podpisa\u0142y 17 czerwca wst\u0119pne porozumienie zak\u0142adaj\u0105ce rozejm w konflikcie zbrojnym, kt\u00f3ry wybuch\u0142 28 lutego po ira\u0144skim ataku na ameryka\u0144skie bazy w regionie Zatoki Perskiej. Dokument przewiduje 60-dniowy okres, w kt\u00f3rym obie strony maj\u0105 wypracowa\u0107 warunki ostatecznego traktatu pokojowego.<\/p>\n<p>      Jeszcze niedawno og\u0142asza\u0142 sukces. Dzi\u015b Trump zn\u00f3w znalaz\u0142 si\u0119 w pu\u0142apce   <img class=\"ods-a-photo ods-a-photo--background\" src=\"https:\/\/www.europesays.com\/pl\/wp-content\/uploads\/2026\/07\/1783797190_734_k6rk9lBaHR0cHM6Ly9vY2RuLmV1L3B1bHNjbXMvTURBXy8zMTVkNmU1ZTViZDdjNThjMDY4MjM1MzFiNTc5MzBhYy5qcGeRlQLNA.jpeg\" height=\"300\" width=\"450\" alt=\"Donald Trump podczas szczytu NATO w Ankarze, 8 lipca 2026 r.\" loading=\"lazy\" fetchpriority=\"low\" decoding=\"async\"\/>  Eskalacja napi\u0119\u0107 i gro\u017aby Trumpa<\/p>\n<p>Relacje mi\u0119dzy pa\u0144stwami ponownie si\u0119 zaostrzy\u0142y w minionym tygodniu. Dosz\u0142o do nowych atak\u00f3w z obu stron, a Waszyngton i Teheran wzajemnie obwiniaj\u0105 si\u0119 o nieprzestrzeganie zapis\u00f3w wst\u0119pnego porozumienia, kt\u00f3re mia\u0142o zako\u0144czy\u0107 wojn\u0119.<\/p>\n<p>Prezydent USA Donald Trump o\u015bwiadczy\u0142 przed kilkoma dniami, \u017ce rozejm dobieg\u0142 ko\u0144ca. Zareagowa\u0142 w ten spos\u00f3b na informacje o planach zamachu ze strony Iranu na jego \u017cycie. Trump zagrozi\u0142 trwaj\u0105cymi rok atakami, kt\u00f3re sko\u0144czy\u0142yby si\u0119 &#8222;ca\u0142kowitym zdziesi\u0105tkowaniem i zniszczeniem wszystkich obszar\u00f3w Iranu&#8221;.<\/p>\n<p>Czytaj te\u017c:<\/p>\n","protected":false},"excerpt":{"rendered":"Ambasador Iranu przy ONZ Amir Said Irawani zagrozi\u0142, \u017ce jego kraj nie b\u0119dzie zwi\u0105zany postanowieniami zawartymi w protokole&hellip;\n","protected":false},"author":2,"featured_media":550340,"comment_status":"","ping_status":"","sticky":false,"template":"","format":"standard","meta":{"footnotes":"","_share_on_mastodon":"0"},"categories":[14],"tags":[61195,32,33,44,1898,27,663,34,35,28,31,48,25,46,1191,40,41,47,80,6627,29,30,71,4396,26,82,83,84],"class_list":["post-550339","post","type-post","status-publish","format-standard","has-post-thumbnail","category-swiat","tag-bottomfeed_styl","tag-breaking-news","tag-breakingnews","tag-donald_trump","tag-dyplomacja","tag-headlines","tag-iran","tag-latest-news","tag-latestnews","tag-naglowki","tag-najwazniejsze-artykuly","tag-nat_styl","tag-news","tag-omp","tag-onz","tag-polish","tag-polski","tag-screening_general","tag-swiat","tag-teheran","tag-top-stories","tag-topstories","tag-usa","tag-waszyngton","tag-wiadomosci","tag-world","tag-world-news","tag-worldnews"],"share_on_mastodon":{"url":"https:\/\/pubeurope.com\/@pl\/116902940245840917","error":""},"_links":{"self":[{"href":"https:\/\/www.europesays.com\/pl\/wp-json\/wp\/v2\/posts\/550339","targetHints":{"allow":["GET"]}}],"collection":[{"href":"https:\/\/www.europesays.com\/pl\/wp-json\/wp\/v2\/posts"}],"about":[{"href":"https:\/\/www.europesays.com\/pl\/wp-json\/wp\/v2\/types\/post"}],"author":[{"embeddable":true,"href":"https:\/\/www.europesays.com\/pl\/wp-json\/wp\/v2\/users\/2"}],"replies":[{"embeddable":true,"href":"https:\/\/www.europesays.com\/pl\/wp-json\/wp\/v2\/comments?post=550339"}],"version-history":[{"count":0,"href":"https:\/\/www.europesays.com\/pl\/wp-json\/wp\/v2\/posts\/550339\/revisions"}],"wp:featuredmedia":[{"embeddable":true,"href":"https:\/\/www.europesays.com\/pl\/wp-json\/wp\/v2\/media\/550340"}],"wp:attachment":[{"href":"https:\/\/www.europesays.com\/pl\/wp-json\/wp\/v2\/media?parent=550339"}],"wp:term":[{"taxonomy":"category","embeddable":true,"href":"https:\/\/www.europesays.com\/pl\/wp-json\/wp\/v2\/categories?post=550339"},{"taxonomy":"post_tag","embeddable":true,"href":"https:\/\/www.europesays.com\/pl\/wp-json\/wp\/v2\/tags?post=550339"}],"curies":[{"name":"wp","href":"https:\/\/api.w.org\/{rel}","templated":true}]}}