{"id":550654,"date":"2026-07-11T23:07:14","date_gmt":"2026-07-11T23:07:14","guid":{"rendered":"https:\/\/www.europesays.com\/pl\/550654\/"},"modified":"2026-07-11T23:07:14","modified_gmt":"2026-07-11T23:07:14","slug":"windows-11-potrafi-zuzyc-nawet-30-gb-ram-winna-ma-byc-ta-funkcja","status":"publish","type":"post","link":"https:\/\/www.europesays.com\/pl\/550654\/","title":{"rendered":"Windows 11 potrafi zu\u017cy\u0107 nawet 30 GB RAM. Winna ma by\u0107 ta funkcja"},"content":{"rendered":"<p style=\"text-align:justify\">U\u017cytkownicy zwracaj\u0105 uwag\u0119 na jedn\u0105\u00a0z aplikacji Windowsa 11, kt\u00f3ra mo\u017ce zjada\u0107 za du\u017co pami\u0119ci RAM. Chodzi o \u0141\u0105cze z telefonem, kt\u00f3re wed\u0142ug licznych zg\u0142osze\u0144 na Reddicie oraz forach Microsoftu, w niekt\u00f3rych przypadkach zaczyna stopniowo zajmowa\u0107 ogromne ilo\u015bci pami\u0119ci RAM, doprowadzaj\u0105c do wyra\u017anego spadku wydajno\u015bci ca\u0142ego systemu.<\/p>\n<p style=\"text-align:justify\">Jeden z u\u017cytkownik\u00f3w podczas grania zauwa\u017cy\u0142, i\u017c proces Cross Device Service zu\u017cywa od 25 do 30 GB pami\u0119ci RAM. Dodatkowo powi\u0105zane procesy jeszcze bardziej zwi\u0119ksza\u0142y wykorzystanie zasob\u00f3w, przez co Mened\u017cer zada\u0144 otwiera\u0142 si\u0119 dopiero po kilku minutach, a pr\u0119dko\u015b\u0107 po\u0142\u0105czenia internetowego spad\u0142a z oko\u0142o 900 Mb\/s do 150 Mb\/s.<\/p>\n<p>Nie jest to nowy problem<\/p>\n<p style=\"text-align:justify\">Ten problem jest jednak znany od conajmniej trzech lat. Wielu u\u017cytkownik\u00f3w opisuje sytuacje, w kt\u00f3rych Cross Device Service poch\u0142ania od 15 do 20 GB pami\u0119ci RAM, a jedynym sposobem na przywr\u00f3cenie normalnego dzia\u0142ania komputera jest r\u0119czne zako\u0144czenie procesu w Mened\u017cerze zada\u0144. Pojawiaj\u0105 si\u0119 tak\u017ce informacje o wykorzystaniu ponad 90% dost\u0119pnej pami\u0119ci.<\/p>\n<blockquote><p>&#13;<\/p>\n<p style=\"text-align:justify\">Jeden z u\u017cytkownik\u00f3w podczas grania zauwa\u017cy\u0142, i\u017c proces Cross Device Service zu\u017cywa od 25 do 30 GB pami\u0119ci RAM. Dodatkowo powi\u0105zane procesy jeszcze bardziej zwi\u0119ksza\u0142y wykorzystanie zasob\u00f3w, przez co Mened\u017cer zada\u0144 otwiera\u0142 si\u0119 dopiero po kilku minutach, a pr\u0119dko\u015b\u0107 po\u0142\u0105czenia internetowego spad\u0142a z oko\u0142o 900 Mb\/s do 150 Mb\/s.<\/p>\n<p>&#13;\n<\/p><\/blockquote>\n<p style=\"text-align:justify\">Cross Device Service odpowiada za dzia\u0142anie funkcji \u0141\u0105cze z telefonem i pracuje w tle. To w\u0142a\u015bnie dzi\u0119ki niemu\u00a0mo\u017cliwe jest synchronizowanie powiadomie\u0144, udost\u0119pnianie schowka pomi\u0119dzy urz\u0105dzeniami, zdalna obs\u0142uga telefonu oraz korzystanie z funkcji Resume pozwalaj\u0105cej kontynuowa\u0107 prac\u0119 na r\u00f3\u017cnych urz\u0105dzeniach. W normalnych warunkach us\u0142uga dzia\u0142a praktycznie niezauwa\u017calnie, wi\u0119c nie powinna znacz\u0105co obci\u0105\u017ca\u0107 komputera.<\/p>\n<p style=\"text-align:justify\">Wed\u0142ug u\u017cytkownik\u00f3w problem pojawia si\u0119 wtedy, gdy proces wpada w p\u0119tl\u0119 i\u00a0stopniowo zwi\u0119ksza wykorzystanie pami\u0119ci zamiast zwalnia\u0107 niepotrzebne zasoby. Liczba podobnych zg\u0142osze\u0144 sugeruje, \u017ce problem mo\u017ce dotyczy\u0107 cz\u0119\u015bci komputer\u00f3w z Windowsem 11, aczkolwiek nie wiadomo tak naprawd\u0119 jaka jest jego skala ani czy obejmuje ka\u017cdy sprz\u0119t z tym systemem operacyjnym.<\/p>\n<p>Zalecenie Microsoftu<\/p>\n<p style=\"text-align:justify\">Microsoft zaleca przede wszystkim zainstalowanie najnowszych aktualizacji systemu Windows oraz aplikacji \u0141\u0105cze z telefonem. Dodatkowo u\u017cytkownicy mog\u0105 wy\u0142\u0105czy\u0107 Mobile Devices z program\u00f3w uruchamianych podczas startu systemu, cho\u0107 wiele os\u00f3b informuje, \u017ce nie rozwi\u0105zuje to problemu w ka\u017cdej sytuacji.<\/p>\n<p style=\"text-align:justify\">W praktyce najbardziej skutecznym rozwi\u0105zaniem okazuje si\u0119 ca\u0142kowite wy\u0142\u0105czenie funkcji \u0141\u0105cze z telefonem, je\u017celi u\u017cytkownik nie korzysta regularnie z synchronizacji pomi\u0119dzy komputerem i smartfonem lub zauwa\u017cy\u0142 nietypowo wysokie wykorzystanie pami\u0119ci RAM.<\/p>\n<p>Problem, kt\u00f3rego mo\u017cna nie zauwa\u017cy\u0107<\/p>\n<p style=\"text-align:justify\">Wysokie zu\u017cycie pami\u0119ci operacyjnej mo\u017ce prowadzi\u0107 do zauwa\u017calnego spadku wydajno\u015bci nawet na komputerach wyposa\u017conych w du\u017c\u0105 ilo\u015b\u0107 RAM, a u\u017cytkownik cz\u0119sto nie zdaje sobie sprawy, \u017ce \u017ar\u00f3d\u0142em problemu jest systemowa us\u0142uga dzia\u0142aj\u0105ca w tle.<\/p>\n<p class=\"m-0\">Spodoba\u0142o Ci si\u0119? Podziel si\u0119 ze znajomymi!<\/p>\n","protected":false},"excerpt":{"rendered":"U\u017cytkownicy zwracaj\u0105 uwag\u0119 na jedn\u0105\u00a0z aplikacji Windowsa 11, kt\u00f3ra mo\u017ce zjada\u0107 za du\u017co pami\u0119ci RAM. Chodzi o \u0141\u0105cze&hellip;\n","protected":false},"author":2,"featured_media":550655,"comment_status":"","ping_status":"","sticky":false,"template":"","format":"standard","meta":{"footnotes":"","_share_on_mastodon":"0"},"categories":[20],"tags":[1308,120,118,119,3863,42,38,40,39,41,116,114,115,121,117,878],"class_list":["post-550654","post","type-post","status-publish","format-standard","has-post-thumbnail","category-nauka-i-technika","tag-microsoft","tag-nauka","tag-nauka-i-technika","tag-naukatechnika","tag-pamiec-ram","tag-pl","tag-poland","tag-polish","tag-polska","tag-polski","tag-science","tag-science-and-technology","tag-sciencetechnology","tag-technika","tag-technology","tag-windows"],"share_on_mastodon":{"url":"https:\/\/pubeurope.com\/@pl\/116903860403756752","error":""},"_links":{"self":[{"href":"https:\/\/www.europesays.com\/pl\/wp-json\/wp\/v2\/posts\/550654","targetHints":{"allow":["GET"]}}],"collection":[{"href":"https:\/\/www.europesays.com\/pl\/wp-json\/wp\/v2\/posts"}],"about":[{"href":"https:\/\/www.europesays.com\/pl\/wp-json\/wp\/v2\/types\/post"}],"author":[{"embeddable":true,"href":"https:\/\/www.europesays.com\/pl\/wp-json\/wp\/v2\/users\/2"}],"replies":[{"embeddable":true,"href":"https:\/\/www.europesays.com\/pl\/wp-json\/wp\/v2\/comments?post=550654"}],"version-history":[{"count":0,"href":"https:\/\/www.europesays.com\/pl\/wp-json\/wp\/v2\/posts\/550654\/revisions"}],"wp:featuredmedia":[{"embeddable":true,"href":"https:\/\/www.europesays.com\/pl\/wp-json\/wp\/v2\/media\/550655"}],"wp:attachment":[{"href":"https:\/\/www.europesays.com\/pl\/wp-json\/wp\/v2\/media?parent=550654"}],"wp:term":[{"taxonomy":"category","embeddable":true,"href":"https:\/\/www.europesays.com\/pl\/wp-json\/wp\/v2\/categories?post=550654"},{"taxonomy":"post_tag","embeddable":true,"href":"https:\/\/www.europesays.com\/pl\/wp-json\/wp\/v2\/tags?post=550654"}],"curies":[{"name":"wp","href":"https:\/\/api.w.org\/{rel}","templated":true}]}}