{"id":550752,"date":"2026-07-12T00:36:36","date_gmt":"2026-07-12T00:36:36","guid":{"rendered":"https:\/\/www.europesays.com\/pl\/550752\/"},"modified":"2026-07-12T00:36:36","modified_gmt":"2026-07-12T00:36:36","slug":"niedzielny-mecz-polska-japonia-zadecyduje-o-awansie-super-nowosci","status":"publish","type":"post","link":"https:\/\/www.europesays.com\/pl\/550752\/","title":{"rendered":"Niedzielny mecz Polska \u2013 Japonia zadecyduje o awansie &#8211; Super Nowo\u015bci"},"content":{"rendered":"<p> 0 <img fetchpriority=\"high\" decoding=\"async\" width=\"1024\" height=\"682\" src=\"https:\/\/www.europesays.com\/pl\/wp-content\/uploads\/2026\/07\/PO-1024x682.jpg\" alt=\"\" class=\" penci-lazy wp-image-113127\"  \/>Fot. volleyballworld <\/p>\n<p class=\"has-medium-font-size wp-block-paragraph\">Polskie siatkarki po pora\u017cce w Osace z Brazyli\u0105 1-3 wci\u0105\u017c nie s\u0105 pewne udzia\u0142u w turnieju fina\u0142owego Ligi Narod\u00f3w. W sobot\u0119 dru\u017cyna Stefano Lavariniego mia\u0142a dzie\u0144 przerwy, a w niedziel\u0119 zmierzy si\u0119 z Japoni\u0105 i to spotkanie zadecyduje o awansie.<\/p>\n<p class=\"wp-block-paragraph\">SIATK\u00d3WKA. LIGA NAROD\u00d3W<\/p>\n<p class=\"wp-block-paragraph\">W poprzednim sezonie siedem zwyci\u0119stw odniesionych w fazie zasadniczej (w trzech turniejach) wystarczy\u0142o, by awansowa\u0107 do turnieju fina\u0142owego Ligi Narod\u00f3w. W obecnych rozgrywkach tabela jest bardziej sp\u0142aszczona, a do walki o udzia\u0142 w Final Eight w\u0142\u0105czy\u0142y si\u0119 na finiszu Kanadyjki oraz Holenderki. \u201eOranje\u201d po pi\u0105tkowym zwyci\u0119stwie nad Niemkami 3:0 awansowa\u0142y na czwarte miejsce w tabeli.<\/p>\n<p class=\"wp-block-paragraph\">Pewne udzia\u0142u w decyduj\u0105cym etapie Ligi Narod\u00f3w s\u0105 Amerykanki, Brazylijki oraz W\u0142oszki. Pi\u0119\u0107 kolejnych reprezentacji w tabeli ma na koncie siedem zwyci\u0119stw, ale w tym gronie bia\u0142o-czerwone maj\u0105 najgorszy bilans. Dziewi\u0105te w klasyfikacji Chinki s\u0105 pewne udzia\u0142u w turnieju fina\u0142owym, bowiem s\u0105 jego gospodarzem \u2013 zawody rozegrane zostan\u0105 w Makau w dniach 22-26 lipca.<\/p>\n<p class=\"wp-block-paragraph\">Podopieczne Lavariniego w sobot\u0119 b\u0119d\u0105 mia\u0142y czas na regeneracj\u0119, a niedzielne starcie z Japonkami (pocz\u0105tek, godz. 12.20) b\u0119dzie dla Polek meczem o by\u0107 albo nie by\u0107. Niewykluczone, \u017ce i dla Azjatek b\u0119dzie to pojedynek o wszystko, ale gospodynie turnieju w Osace w sobot\u0119 zagraj\u0105 jeszcze z Turcj\u0105.<\/p>\n<p class=\"wp-block-paragraph\">PRZECZYTAJ TE\u017b: <a href=\"https:\/\/supernowosci24.pl\/sport\/siatkowka\/porazka-reprezentacji-polski-z-brazylia-ale-szanse-na-finalowu-turniej-wciaz-istnieja-wideo\/\" rel=\"nofollow noopener\" target=\"_blank\">Pora\u017cka reprezentacji Polski z Brazyli\u0105, ale szanse na fina\u0142owu turniej wci\u0105\u017c istniej\u0105 (wideo)<\/a><\/p>\n<p> Mo\u017ce Ci\u0119 zainteresowa\u0107<\/p>\n","protected":false},"excerpt":{"rendered":"0 Fot. volleyballworld Polskie siatkarki po pora\u017cce w Osace z Brazyli\u0105 1-3 wci\u0105\u017c nie s\u0105 pewne udzia\u0142u w&hellip;\n","protected":false},"author":2,"featured_media":550753,"comment_status":"","ping_status":"","sticky":false,"template":"","format":"standard","meta":{"footnotes":"","_share_on_mastodon":"0"},"categories":[12],"tags":[12614,42,38,40,39,41,17094,66125,51615],"class_list":["post-550752","post","type-post","status-publish","format-standard","has-post-thumbnail","category-polska","tag-liga-narodow","tag-pl","tag-poland","tag-polish","tag-polska","tag-polski","tag-tauron-liga","tag-vnl","tag-volleyball"],"share_on_mastodon":{"url":"https:\/\/pubeurope.com\/@pl\/116904210113354386","error":""},"_links":{"self":[{"href":"https:\/\/www.europesays.com\/pl\/wp-json\/wp\/v2\/posts\/550752","targetHints":{"allow":["GET"]}}],"collection":[{"href":"https:\/\/www.europesays.com\/pl\/wp-json\/wp\/v2\/posts"}],"about":[{"href":"https:\/\/www.europesays.com\/pl\/wp-json\/wp\/v2\/types\/post"}],"author":[{"embeddable":true,"href":"https:\/\/www.europesays.com\/pl\/wp-json\/wp\/v2\/users\/2"}],"replies":[{"embeddable":true,"href":"https:\/\/www.europesays.com\/pl\/wp-json\/wp\/v2\/comments?post=550752"}],"version-history":[{"count":0,"href":"https:\/\/www.europesays.com\/pl\/wp-json\/wp\/v2\/posts\/550752\/revisions"}],"wp:featuredmedia":[{"embeddable":true,"href":"https:\/\/www.europesays.com\/pl\/wp-json\/wp\/v2\/media\/550753"}],"wp:attachment":[{"href":"https:\/\/www.europesays.com\/pl\/wp-json\/wp\/v2\/media?parent=550752"}],"wp:term":[{"taxonomy":"category","embeddable":true,"href":"https:\/\/www.europesays.com\/pl\/wp-json\/wp\/v2\/categories?post=550752"},{"taxonomy":"post_tag","embeddable":true,"href":"https:\/\/www.europesays.com\/pl\/wp-json\/wp\/v2\/tags?post=550752"}],"curies":[{"name":"wp","href":"https:\/\/api.w.org\/{rel}","templated":true}]}}