{"id":551035,"date":"2026-07-12T05:16:12","date_gmt":"2026-07-12T05:16:12","guid":{"rendered":"https:\/\/www.europesays.com\/pl\/551035\/"},"modified":"2026-07-12T05:16:12","modified_gmt":"2026-07-12T05:16:12","slug":"szok-w-las-vegas-walka-mcgregora-przerwana-w-pierwszej-rundzie","status":"publish","type":"post","link":"https:\/\/www.europesays.com\/pl\/551035\/","title":{"rendered":"Szok w Las Vegas. Walka McGregora przerwana w pierwszej rundzie"},"content":{"rendered":"\n<p class=\"contentpart contentpart--default contentpart--text\" data-position=\"0\">Obaj spotkali si\u0119 w oktagonie <a href=\"https:\/\/sportowefakty.wp.pl\/mma\/ufc\" rel=\"nofollow noopener\" target=\"_blank\">UFC<\/a>\u00a0po raz drugi. Po raz pierwszy zmierzyli si\u0119 w sierpniu 2013 roku, kiedy rywalizowali w dywizji pi\u00f3rkowej.<\/p>\n<p class=\"contentpart contentpart--default contentpart--text\" data-position=\"1\">Wtedy lepszy okaza\u0142 si\u0119 <a href=\"https:\/\/sportowefakty.wp.pl\/mma\/conor-mcgregor\" rel=\"nofollow noopener\" target=\"_blank\">Conor McGregor<\/a>, kt\u00f3ry zwyci\u0119\u017cy\u0142 na punkty. Irlandczyk przyst\u0105pi\u0142 do tego pojedynku po pi\u0119cioletniej przerwie i dw\u00f3ch pora\u017ckach z Dustinem Poirierem. Drugie starcie zako\u0144czy\u0142o si\u0119 okropnym z\u0142amaniem nogi Irlandczyka.<\/p>\n<p>  <img decoding=\"async\" src=\"https:\/\/v.wpimg.pl\/X3dwLnN2d1IFFTpdYUl6R0ZNbgcnEHQREVV2TGEGbUtRT2MdOlZ2RBQUKABgQjQcDRotCStBd1IAAWMeIlM7VgwYIAorQAdEFFk_GCkQJQ\" alt=\"\" width=\"45\" height=\"58\" loading=\"lazy\"\/>  <\/p>\n<p class=\"contentpart contentpart--default contentpart--text\" data-position=\"2\">Pomimo tego baga\u017cu do\u015bwiadcze\u0144 &#8222;The Notorious&#8221; wszed\u0142 do klatki w swoim stylu, maszeruj\u0105c dziarsko. Jak si\u0119 p\u00f3\u017aniej okaza\u0142o, by\u0142a to dobra mina do z\u0142ej gry.<\/p>\n<p class=\"contentpart contentpart--default contentpart--text\" data-position=\"3\">McGregor zacz\u0105\u0142 od efektownego, ale r\u00f3wnie szalonego lataj\u0105cego kopni\u0119cia. Hawajczyk nie da\u0142 si\u0119 jednak trafi\u0107, a McGregor wyl\u0105dowa\u0142 w parterze. Holloway zada\u0142 kilka cios\u00f3w z g\u00f3ry. Po chwili Irlandczyk wsta\u0142 do st\u00f3jki i po raz drugi ruszy\u0142 z seri\u0105 cios\u00f3w, zn\u00f3w l\u0105duj\u0105c na deskach. Okaza\u0142o si\u0119, \u017ce ju\u017c w pierwszej dozna\u0142 kontuzji prawej nogi. Mike Beltran przerwa\u0142 starcie po zaledwie 1 minucie i 9 sekundach.<\/p>\n<p class=\"contentpart contentpart--default contentpart--text\" data-position=\"4\">Po walce w Las Vegas i &#8222;wielkim&#8221; powrocie legendy pozosta\u0142 ogromny niesmak. Po zako\u0144czonym starciu organizacja pokaza\u0142a powt\u00f3rki wej\u015bcia McGregora do oktagonu. Nie mo\u017cna wykluczy\u0107, \u017ce by\u0142y podw\u00f3jny mistrz UFC wyszed\u0142 do walki z kontuzj\u0105.<\/p>\n<p class=\"contentpart contentpart--default contentpart--text\" data-position=\"5\">Dla McGregora by\u0142a to 29 walka w formule MMA. Irlandczyk zanotowa\u0142 22 zwyci\u0119stwa i 7 pora\u017cek.<\/p>\n","protected":false},"excerpt":{"rendered":"Obaj spotkali si\u0119 w oktagonie UFC\u00a0po raz drugi. Po raz pierwszy zmierzyli si\u0119 w sierpniu 2013 roku, kiedy&hellip;\n","protected":false},"author":2,"featured_media":551036,"comment_status":"","ping_status":"","sticky":false,"template":"","format":"standard","meta":{"footnotes":"","_share_on_mastodon":"0"},"categories":[5],"tags":[32,33,108675,36,37,27,34,35,1255,28,31,25,42,38,40,39,41,1256,29,30,4848,26],"class_list":["post-551035","post","type-post","status-publish","format-standard","has-post-thumbnail","category-naglowki","tag-breaking-news","tag-breakingnews","tag-conor-mcgregor","tag-featured-news","tag-featurednews","tag-headlines","tag-latest-news","tag-latestnews","tag-mma","tag-naglowki","tag-najwazniejsze-artykuly","tag-news","tag-pl","tag-poland","tag-polish","tag-polska","tag-polski","tag-sporty-walki","tag-top-stories","tag-topstories","tag-ufc","tag-wiadomosci"],"share_on_mastodon":{"url":"https:\/\/pubeurope.com\/@pl\/116905312134030387","error":""},"_links":{"self":[{"href":"https:\/\/www.europesays.com\/pl\/wp-json\/wp\/v2\/posts\/551035","targetHints":{"allow":["GET"]}}],"collection":[{"href":"https:\/\/www.europesays.com\/pl\/wp-json\/wp\/v2\/posts"}],"about":[{"href":"https:\/\/www.europesays.com\/pl\/wp-json\/wp\/v2\/types\/post"}],"author":[{"embeddable":true,"href":"https:\/\/www.europesays.com\/pl\/wp-json\/wp\/v2\/users\/2"}],"replies":[{"embeddable":true,"href":"https:\/\/www.europesays.com\/pl\/wp-json\/wp\/v2\/comments?post=551035"}],"version-history":[{"count":0,"href":"https:\/\/www.europesays.com\/pl\/wp-json\/wp\/v2\/posts\/551035\/revisions"}],"wp:featuredmedia":[{"embeddable":true,"href":"https:\/\/www.europesays.com\/pl\/wp-json\/wp\/v2\/media\/551036"}],"wp:attachment":[{"href":"https:\/\/www.europesays.com\/pl\/wp-json\/wp\/v2\/media?parent=551035"}],"wp:term":[{"taxonomy":"category","embeddable":true,"href":"https:\/\/www.europesays.com\/pl\/wp-json\/wp\/v2\/categories?post=551035"},{"taxonomy":"post_tag","embeddable":true,"href":"https:\/\/www.europesays.com\/pl\/wp-json\/wp\/v2\/tags?post=551035"}],"curies":[{"name":"wp","href":"https:\/\/api.w.org\/{rel}","templated":true}]}}