{"id":551175,"date":"2026-07-12T07:13:09","date_gmt":"2026-07-12T07:13:09","guid":{"rendered":"https:\/\/www.europesays.com\/pl\/551175\/"},"modified":"2026-07-12T07:13:09","modified_gmt":"2026-07-12T07:13:09","slug":"zmasowany-atak-na-iran-usa-zaatakowaly-140-celow","status":"publish","type":"post","link":"https:\/\/www.europesays.com\/pl\/551175\/","title":{"rendered":"Zmasowany atak na Iran. USA zaatakowa\u0142y 140 cel\u00f3w"},"content":{"rendered":"<p>W\u015br\u00f3d zaatakowanych ira\u0144skich cel\u00f3w by\u0142y wyrzutnie rakiet i dron\u00f3w, magazyny amunicji, sieci komunikacyjne, infrastruktura marynarki wojennej i stanowiska monitoruj\u0105ce wybrze\u017ce \u2014 wyliczy\u0142 CENTCOM, kt\u00f3ry jest odpowiedzialny za dzia\u0142ania si\u0142 ameryka\u0144skich na Bliskim Wschodzie.<\/p>\n<p>W komunikacie dow\u00f3dztwa czytamy, \u017ce by\u0142 to trzeci w tym tygodniu ameryka\u0144ski atak na Iran. Poprzednie przeprowadzono w nocy z wtorku na \u015brod\u0119 i ze \u015brody na czwartek. Za ka\u017cdym razem wojsko USA informowa\u0142o, \u017ce uderzenia by\u0142y odwetem za ira\u0144skie ataki na statki handlowe w rejonie cie\u015bniny Ormuz.<\/p>\n<p> Dalszy ci\u0105g artyku\u0142u pod materia\u0142em wideo <\/p>\n<p>\u017begluga przez ten kluczowy dla transportu ropy naftowej i gazu z Zatoki Perskiej akwen jest jednym z najpowa\u017cniejszych punkt\u00f3w spornych mi\u0119dzy USA a Iranem. Oba pa\u0144stwa od ko\u0144ca lutego prowadz\u0105 wojn\u0119, a od 8 kwietnia trwa chwiejny rozejm przerywany kolejnymi wzajemnymi ostrza\u0142ami.<\/p>\n<p>17 czerwca obie strony przyj\u0119\u0142y wst\u0119pne porozumienie, kt\u00f3re ma doprowadzi\u0107 do trwa\u0142ego pokoju. Teheran zobowi\u0105za\u0142 si\u0119, \u017ce przez 60 dni umo\u017cliwi wolny i bezpieczny tranzyt przez cie\u015bnin\u0119. Iran d\u0105\u017cy jednak do utrzymania ca\u0142kowitej kontroli nad Ormuzem i nakazywa\u0142 statkom korzystanie tylko z wyznaczonej przez siebie trasy.<\/p>\n<p>     \u017b\u0105dania USA wobec Iranu<\/p>\n<p>Stany Zjednoczone przypisywa\u0142y Iranowi ataki na statki przekraczaj\u0105ce Ormuz szlakiem biegn\u0105cym wzd\u0142u\u017c wybrze\u017cy Omanu. Wed\u0142ug medi\u00f3w armia USA pomaga\u0142a przep\u0142ywaj\u0105cym t\u0105 drog\u0105 jednostkom handlowym.<\/p>\n<p> &#8222;B\u0119dzie du\u017co gorzej&#8221;. Trump bombarduje Iran. Chcia\u0142by wci\u0105gn\u0105\u0107 NATO do wojny  <\/p>\n<p class=\"ods-o-frame-in-text__paragraph\"><a href=\"https:\/\/www.onet.pl\/informacje\/onetwiadomosci\/bedzie-duzo-gorzej-trump-bombarduje-iran-chcialby-wciagnac-nato-do-wojny\/n5jj8fq,79cfc278\" id=\"31b5ad71-b224-4c15-a2db-c9edf9b3fa99\" rel=\"nofollow noopener\" target=\"_blank\">PRZECZYTAJ CA\u0141Y ARTYKU\u0141<\/a><\/p>\n<p>   <img class=\"ods-a-photo ods-a-photo--background\" src=\"https:\/\/www.europesays.com\/pl\/wp-content\/uploads\/2026\/07\/1783840389_661_iUFk9lBaHR0cHM6Ly9vY2RuLmV1L3B1bHNjbXMvTURBXy9jMmI1MjA3MWM1YmM2NjQyN2MwMjU4N2VkYzM5ZjNjYi5qcGeRlQLNA.jpeg\" height=\"308\" width=\"450\" alt=\"Donald Trump\" loading=\"lazy\" fetchpriority=\"low\" decoding=\"async\"\/>  <\/p>\n<p>Ameryka\u0144scy urz\u0119dnicy przekazali w pi\u0105tek, \u017ce Stany Zjednoczone za\u017c\u0105da\u0142y od Iranu publicznego zadeklarowania, \u017ce cie\u015bnina Ormuz jest otwarta i \u017ce nie b\u0119dzie atakowa\u0107 statk\u00f3w.<\/p>\n<p>Tymczasem ira\u0144ska Gwardia Rewolucyjna og\u0142osi\u0142a w nocy, przed ameryka\u0144skim uderzeniem, \u017ce cie\u015bnina Ormuz jest &#8222;zamkni\u0119ta do odwo\u0142ania&#8221;. Dodano, \u017ce si\u0142y ira\u0144skie odda\u0142y strza\u0142y ostrzegawcze, a nast\u0119pnie zaatakowa\u0142y jednostk\u0119, kt\u00f3ra pr\u00f3bowa\u0142a przep\u0142yn\u0105\u0107 ten akwen bez zezwolenia Teheranu.<\/p>\n<p>     Komunikat CENTCOM<\/p>\n<p>Wed\u0142ug CENTCOM Iran zaatakowa\u0142 w nocy kontenerowiec Galaxy. Brytyjska agencja bezpiecze\u0144stwa \u017ceglugi (UKMTO) przekaza\u0142a, \u017ce na zaatakowanej jednostce wybuch\u0142 po\u017car, a za\u0142oga si\u0119 z niego ewakuowa\u0142a.<\/p>\n<p>Po ameryka\u0144skim ataku Gwardia Rewolucyjna poda\u0142a, \u017ce Iran zaatakowa\u0142 drugi statek handlowy, kt\u00f3ry &#8222;narusza\u0142 regulacje&#8221; dotycz\u0105ce Ormuzu. Poinformowa\u0142a te\u017c, \u017ce w odwecie za uderzenie wojsk USA zaatakowano jednostki i bazy tego pa\u0144stwa m.in. w Katarze i Omanie.<\/p>\n","protected":false},"excerpt":{"rendered":"W\u015br\u00f3d zaatakowanych ira\u0144skich cel\u00f3w by\u0142y wyrzutnie rakiet i dron\u00f3w, magazyny amunicji, sieci komunikacyjne, infrastruktura marynarki wojennej i stanowiska&hellip;\n","protected":false},"author":2,"featured_media":551176,"comment_status":"","ping_status":"","sticky":false,"template":"","format":"standard","meta":{"footnotes":"","_share_on_mastodon":"0"},"categories":[14],"tags":[61195,32,33,45486,27,663,34,35,28,31,48,25,46,40,41,47,80,6627,29,30,71,26,82,83,84],"class_list":["post-551175","post","type-post","status-publish","format-standard","has-post-thumbnail","category-swiat","tag-bottomfeed_styl","tag-breaking-news","tag-breakingnews","tag-ciesnina_ormuz","tag-headlines","tag-iran","tag-latest-news","tag-latestnews","tag-naglowki","tag-najwazniejsze-artykuly","tag-nat_styl","tag-news","tag-omp","tag-polish","tag-polski","tag-screening_general","tag-swiat","tag-teheran","tag-top-stories","tag-topstories","tag-usa","tag-wiadomosci","tag-world","tag-world-news","tag-worldnews"],"share_on_mastodon":{"url":"","error":""},"_links":{"self":[{"href":"https:\/\/www.europesays.com\/pl\/wp-json\/wp\/v2\/posts\/551175","targetHints":{"allow":["GET"]}}],"collection":[{"href":"https:\/\/www.europesays.com\/pl\/wp-json\/wp\/v2\/posts"}],"about":[{"href":"https:\/\/www.europesays.com\/pl\/wp-json\/wp\/v2\/types\/post"}],"author":[{"embeddable":true,"href":"https:\/\/www.europesays.com\/pl\/wp-json\/wp\/v2\/users\/2"}],"replies":[{"embeddable":true,"href":"https:\/\/www.europesays.com\/pl\/wp-json\/wp\/v2\/comments?post=551175"}],"version-history":[{"count":0,"href":"https:\/\/www.europesays.com\/pl\/wp-json\/wp\/v2\/posts\/551175\/revisions"}],"wp:featuredmedia":[{"embeddable":true,"href":"https:\/\/www.europesays.com\/pl\/wp-json\/wp\/v2\/media\/551176"}],"wp:attachment":[{"href":"https:\/\/www.europesays.com\/pl\/wp-json\/wp\/v2\/media?parent=551175"}],"wp:term":[{"taxonomy":"category","embeddable":true,"href":"https:\/\/www.europesays.com\/pl\/wp-json\/wp\/v2\/categories?post=551175"},{"taxonomy":"post_tag","embeddable":true,"href":"https:\/\/www.europesays.com\/pl\/wp-json\/wp\/v2\/tags?post=551175"}],"curies":[{"name":"wp","href":"https:\/\/api.w.org\/{rel}","templated":true}]}}