{"id":551605,"date":"2026-07-12T12:32:15","date_gmt":"2026-07-12T12:32:15","guid":{"rendered":"https:\/\/www.europesays.com\/pl\/551605\/"},"modified":"2026-07-12T12:32:15","modified_gmt":"2026-07-12T12:32:15","slug":"tegoroczna-feta-pod-znakiem-nowego-cyrku-serwis-kultura","status":"publish","type":"post","link":"https:\/\/www.europesays.com\/pl\/551605\/","title":{"rendered":"Tegoroczna FETA pod znakiem nowego cyrku Serwis Kultura"},"content":{"rendered":"<p>            <a href=\"https:\/\/s-trojmiasto.pl\/zdj\/c\/n\/9\/4369\/1920x0\/4369660-Jedna-z-najzabawniejszych-komedii-tegorocznej-FETY-jest-czeska-Odyseja-narciarska-w-wykonaniu-Brati-v-tricku.webp\" target=\"_blank\" data-slide-name=\"850408\" data-lightbox-target=\"photo full\" data-sub-html=\"&lt;h4&gt;Jedn\u0105 z najzabawniejszych komedii tegorocznej FETY jest czeska &quot;Odyseja narciarska&quot; w wykonaniu  Brat\u0159i v tricku.&lt;\/h4&gt;&lt;p&gt;Jakub Steinborn \/ trojmiasto.pl&lt;\/p&gt;&#010;\" class=\"photoMarker__link\" data-filter-brightness=\"brightness--100\" rel=\"nofollow noopener\"><\/p>\n<p>    <img decoding=\"async\" style=\"height:500px; aspect-ratio: 1.5\/1; filter:brightness(1);\" alt=\"Jedn\u0105 z najzabawniejszych komedii tegorocznej FETY jest czeska &quot;Odyseja narciarska&quot; w wykonaniu  Brat\u0159i v tricku.\" src=\"https:\/\/www.europesays.com\/pl\/wp-content\/uploads\/2026\/07\/4369660-Jedna-z-najzabawniejszych-komedii-tegorocznej-FETY-jest-czeska-Odyseja.webp\" class=\"photoMarker__img \" data-slider=\"img\" fetchpriority=\"high\"\/><\/p>\n<p>            <\/a><\/p>\n<p class=\"lead\">\u015awi\u0119to teatru plenerowego i\u00a0ulicznego przyci\u0105gn\u0119\u0142o do <a data-tklik=\"987066\" href=\"https:\/\/mapa.trojmiasto.pl\/#\/location\/-102.74,34.7\/map\/-100.79,35.64,4,b\" onclick=\"openMap(this.href); return false;\" target=\"_blank\" title=\"zobacz na mapie Gda\u0144ska\" rel=\"nofollow noopener\">Parku im. Rolanda Reagana<img decoding=\"async\" class=\"icon-map\" src=\"https:\/\/www.trojmiasto.pl\/_img\/svg\/ico-map-flat.svg\" alt=\"Mapka\"\/><\/a> wielu widz\u00f3w, pomimo niepewnej w\u00a0sobot\u0119 pogody i\u00a0wieczornego deszczu. Nie ma w\u00a0tym roku na <a href=\"https:\/\/www.trojmiasto.pl\/feta\/\" data-tklik=\"666798\" rel=\"nofollow noopener\" target=\"_blank\">Festiwalu FETA<\/a> spektakularnych, du\u017cych produkcji, jednak liczba i\u00a0jako\u015b\u0107 produkcji komediowych czy akrobatycznych w\u00a0du\u017cej mierze to rekompensuje. Publiczno\u015b\u0107 respektuje zasady festiwalowego savoir-vivre&#8217;u. Tak\u017ce dlatego <a href=\"https:\/\/www.trojmiasto.pl\/feta\" class=\"parse-link\" title=\"Mi\u0119dzynarodowy Festiwal Teatr\u00f3w Plenerowych i Ulicznych FETA\" rel=\"nofollow noopener\" target=\"_blank\">FETA<\/a> to dobrze sp\u0119dzony czas z\u00a0teatrem pod chmurk\u0105.<\/p>\n<p>To, co rzuca si\u0119 w\u00a0oczy podczas wydarze\u0144 Mi\u0119dzynarodowego Festiwalu Teatr\u00f3w Plenerowych i\u00a0Ulicznych FETA 2026 to dyscyplina ich odbiorc\u00f3w. Publiczno\u015b\u0107 festiwalowa przed ka\u017cdym przedstawieniem wys\u0142uchuje instrukcji jak nale\u017cy si\u0119 zachowa\u0107 podczas festiwalowych spektakli.<\/p>\n<p><a href=\"https:\/\/www.trojmiasto.pl\/kultura\/Falstart-Festiwalu-FETA-n222507.html\" data-tklik=\"509101\" class=\"marker-news component newsMarker\" rel=\"nofollow noopener\" target=\"_blank\"><br \/>\n            <img decoding=\"async\" src=\"https:\/\/www.europesays.com\/pl\/wp-content\/uploads\/2026\/07\/4368088__c_222_51_2650_1855__kr.webp\" alt=\"Ambitny pocz\u0105tek FETY, ale nie bez zastrze\u017ce\u0144\" class=\"lazy newsMarker__img\"\/><br \/>\n        Ambitny pocz\u0105tek FETY, ale nie bez zastrze\u017ce\u0144<br \/>\n<\/a><\/p>\n<p>Zdecydowana wi\u0119kszo\u015b\u0107 stosuje si\u0119 do tych zasad, dzi\u0119ki temu nawet wtedy, gdy widz\u00f3w jest bardzo du\u017co (taka kumulacja mia\u0142a miejsce na przyk\u0142ad w\u00a0sobot\u0119 na spektaklu &#8222;Skiing Odyssey&#8221; sympatycznych Czech\u00f3w z\u00a0Brat\u0159i v\u00a0tricku) nie jest to przesadnie uci\u0105\u017cliwe dla ogl\u0105daj\u0105cych. <\/p>\n<p>Respektowanie festiwalowego savoir-vivre&#8217;u si\u0119 sprawdza<\/p>\n<p>Ci najbli\u017cej sceny siedz\u0105 na trawie, dalej jest miejsce dla os\u00f3b z\u00a0w\u0142asnymi siedziskami, a\u00a0z ty\u0142u ogl\u0105daj\u0105 przedstawienia osoby stoj\u0105ce i\u00a0rzadko dochodzi do nieporozumie\u0144 na tym tle. Wi\u0119kszo\u015b\u0107 widz\u00f3w podczas deszczu zak\u0142ada peleryny czy kurtki przeciwdeszczowe zamiast u\u017cy\u0107 parasola, kt\u00f3ry ogranicza pole widzenia innym. Na szcz\u0119\u015bcie tylko sporadycznie potrzeba zapalania papierosa zak\u0142\u00f3ca niepal\u0105cym odbi\u00f3r wydarze\u0144. Tak\u017ce telefony nie dzwoni\u0105 zbyt cz\u0119sto, a\u00a0je\u015bli ju\u017c musz\u0105 by\u0107 odebrane, to wi\u0119kszo\u015b\u0107 widz\u00f3w na czas rozmowy wychodzi poza teren widowni. <\/p>\n<p>\n            <a href=\"https:\/\/s-trojmiasto.pl\/zdj\/c\/n\/9\/4369\/1920x0\/4369662-Prawdziwa-taneczna-perelke-z-lalka-tytulowej-Victorii-zagrala-Celine-Fellay-z-Company-Les-Malles.webp\" target=\"_blank\" data-slide-name=\"850409\" data-lightbox-target=\"photo full\" data-sub-html=\"&lt;h4&gt;Prawdziw\u0105 taneczn\u0105 pere\u0142k\u0119 z lalk\u0105 tytu\u0142owej &quot;Victorii&quot; zagra\u0142a C\u00e9line Fellay z Company Les Malles.&lt;\/h4&gt;&lt;p&gt;fot. Jakub Steinborn \/ trojmiasto.pl&lt;\/p&gt;&#010;\" class=\"photoMarker__link\" data-filter-brightness=\"brightness--100\" rel=\"nofollow noopener\"><\/p>\n<p>    <img decoding=\"async\" style=\"height:500px; aspect-ratio: 1.5\/1; filter:brightness(1);\" alt=\"Prawdziw\u0105 taneczn\u0105 pere\u0142k\u0119 z lalk\u0105 tytu\u0142owej &quot;Victorii&quot; zagra\u0142a C\u00e9line Fellay z Company Les Malles.\" src=\"https:\/\/www.europesays.com\/pl\/wp-content\/uploads\/2026\/07\/4369662-Prawdziwa-taneczna-perelke-z-lalka-tytulowej-Victorii-zagrala-Celine.webp\" class=\"photoMarker__img lazy\" data-slider=\"img\"\/><\/p>\n<p>            <\/a><\/p>\n<p>Niestety, ci\u0105gle zdarzaj\u0105 si\u0119 w\u0142a\u015bciciele ps\u00f3w, kt\u00f3rzy lekcewa\u017c\u0105 zagro\u017cenia dla swoich pupili (gwa\u0142towne d\u017awi\u0119ki, race dymne, nieprzyjemne zapachy) jakie mog\u0105 towarzyszy\u0107 przedstawieniom, przez co nie da si\u0119 do ko\u0144ca przewidzie\u0107 reakcji zestresowanego psa w\u00a0t\u0142umie. Zwierz\u0119ta wprawdzie trzymane s\u0105 na smyczy, ale niekt\u00f3rzy w\u0142a\u015bciciele pozwalaj\u0105 im swobodnie szwenda\u0107 si\u0119 pomi\u0119dzy widzami (podczas &#8222;Among Trees&#8221; grupy antagon theaterAKTion du\u017cy pies &#8222;nurkowa\u0142&#8221; pomi\u0119dzy siedz\u0105cymi i\u00a0liza\u0142 dzieci po twarzy przy biernej postawie jego w\u0142a\u015bcicielki).<\/p>\n<p>W sobot\u0119 pojawi\u0142y si\u0119 bardzo potrzebne drogowskazy do poszczeg\u00f3lnych lokalizacji. Brakuje jednak tablic z\u00a0informacj\u0105 o\u00a0planowanym wyst\u0119pie i\u00a0jego godzinie w\u00a0miejscach przedstawie\u0144. Z\u00a0praktycznych nowo\u015bci &#8211; osoby maj\u0105ce problemy z\u00a0poruszaniem si\u0119, mog\u0105 zg\u0142osi\u0107 si\u0119 do Centrum Festiwalowego po transport meleksem &#8211; tam te\u017c dost\u0119pny jest jego rozk\u0142ad jazdy. Na ca\u0142ym terenie jest du\u017co toalet przeno\u015bnych, wraz z\u00a0<a href=\"https:\/\/www.trojmiasto.pl\/dom\/Punkt-i1274.html\" class=\"parse-link\" title=\"Punkt\" rel=\"nofollow noopener\" target=\"_blank\">punktami<\/a>, gdzie mo\u017cna umy\u0107 r\u0119ce.<\/p>\n<p>Dobra frekwencja, cho\u0107 bywa\u0142o lepiej<\/p>\n<p>Po zdecydowanie zbyt licznej publiczno\u015bci spektaklu otwarcia &#8211; &#8222;Stracony sen&#8221; Teatru \u00d3smego Dnia z\u00a0Poznania przy <a href=\"https:\/\/www.trojmiasto.pl\/Forum-Gdansk-o52875.html\" data-tklik=\"108753\" rel=\"nofollow noopener\" target=\"_blank\">Forum Gda\u0144sk<\/a> &#8211; w\u00a0Parku im. Rolanda Reagana jest pod tym wzgl\u0119dem lepiej. Program u\u0142o\u017cono tak, \u017ceby podczas nocnych spektakli zawsze by\u0142a alternatywa. Widowiska prezentowane s\u0105 w\u00a0r\u00f3\u017cnych, odleg\u0142ych od siebie punktach parku. W\u00a0przypadku sobotnich produkcji antagon theaterAKTion i\u00a0Collectiff Le M\u00e9andre by\u0142y to a\u017c dwa kilometry. <\/p>\n<p>W\u0142a\u015bciwie nadmiar publiczno\u015bci by\u0142 problemem jedynie dla celebruj\u0105cego imponuj\u0105ce 40 lat istnienia gda\u0144skiego Teatru Sn\u00f3w, kt\u00f3rego kontemplacyjna &#8222;Klasa&#8221;, po\u015bwi\u0119cona reminiscencjom z\u00a0\u017cycia dojrza\u0142ego m\u0119\u017cczyzny wracaj\u0105cego (my\u015blami?) do swojej szkolnej \u0142awki i\u00a0wspomnie\u0144 ze swojego \u017cycia nie uwiod\u0142a festiwalowych widz\u00f3w. <\/p>\n<p>\n            <a href=\"https:\/\/s-trojmiasto.pl\/zdj\/c\/n\/9\/4369\/1920x0\/4369664-W-weekend-publicznosci-bylo-duzo-ale-nie-tyle-zeby-trudno-bylo-znalezc-miejsce-do-wzglednie-komfortowego-ogladania-przedstawien.webp\" target=\"_blank\" data-slide-name=\"850410\" data-lightbox-target=\"photo full\" data-sub-html=\"&lt;h4&gt;W weekend publiczno\u015bci by\u0142o du\u017co, ale nie tyle, \u017ceby trudno by\u0142o znale\u017a\u0107 miejsce do wzgl\u0119dnie komfortowego ogl\u0105dania przedstawie\u0144.&lt;\/h4&gt;&lt;p&gt;fot. Jakub Steinborn \/ trojmiasto.pl&lt;\/p&gt;&#010;\" class=\"photoMarker__link\" data-filter-brightness=\"brightness--100\" rel=\"nofollow noopener\"><\/p>\n<p>    <img decoding=\"async\" style=\"height:500px; aspect-ratio: 1.5\/1; filter:brightness(1);\" alt=\"W weekend publiczno\u015bci by\u0142o du\u017co, ale nie tyle, \u017ceby trudno by\u0142o znale\u017a\u0107 miejsce do wzgl\u0119dnie komfortowego ogl\u0105dania przedstawie\u0144.\" src=\"https:\/\/www.europesays.com\/pl\/wp-content\/uploads\/2026\/07\/4369664-W-weekend-publicznosci-bylo-duzo-ale-nie-tyle-zeby-trudno-bylo-znalezc-miejsce.webp\" class=\"photoMarker__img lazy\" data-slider=\"img\"\/><\/p>\n<p>            <\/a><\/p>\n<p>Poza tym, tak\u017ce z\u00a0uwagi na zapowiadany na sobot\u0119 deszcz, publiczno\u015bci w\u00a0festiwalowych lokalizacjach  by\u0142o sporo, ale nie za du\u017co. Je\u015bli wi\u0119c kto\u015b nie do\u0142\u0105cza\u0142 do ogl\u0105dania spektakli w\u00a0trakcie, nie mia\u0142 wi\u0119kszych problem\u00f3w ze znalezieniem sobie wzgl\u0119dnie dobrego miejsca. <\/p>\n<p>Oczywi\u015bcie takie trudno\u015bci generowa\u0142 mobilny, bardzo interaktywny show francuskiego Adhok &#8222;Emergency Exit&#8221;, w\u00a0kt\u00f3rym energiczni seniorzy \u015bwiadomie i\u00a0bezkompromisowo odrzucaj\u0105 spo\u0142eczne oczekiwania, by zadba\u0107 o\u00a0samych siebie &#8211; tyle, \u017ce taka jest natura spektakli mobilnych, gdzie nie da si\u0119 niczego do ko\u0144ca zaplanowa\u0107, a\u00a0ka\u017cdy post\u00f3j trwa kilka-kilkana\u015bcie minut. <\/p>\n<p>Triumf teatralnych opowie\u015bci<\/p>\n<p>Nie ma w\u00a0tym roku na festiwalu wielkich ol\u015bnie\u0144, ale jest kilka teatralnych pere\u0142ek. Z\u00a0pewno\u015bci\u0105 do takich nale\u017cy &#8222;Arcadia&#8221; krakowskiego Teatru KTO, kt\u00f3ra przekonuje, \u017ce si\u0142\u0105 teatru nie musi by\u0107 rozbudowana scenografia i\u00a0efekty sceniczne, a\u00a0dobry pomys\u0142, kreatywne wykonanie i\u00a0sprawni aktorzy, kt\u00f3rzy temu wszystkiemu sprostaj\u0105. <\/p>\n<p>Rekwizytem wielokrotnego u\u017cytku w\u00a0okazuj\u0105 si\u0119 \u0142awki ze sk\u0142adanymi n\u00f3\u017ckami &#8211; aktorzy przy ich pomocy opowiadaj\u0105 o\u00a0\u017cyciu, od narodzin do \u015bmierci. Kilkana\u015bcie epizod\u00f3w w\u00a0wykonaniu zespo\u0142u Teatru KTO to fascynuj\u0105ca podr\u00f3\u017c przez egzystencj\u0119, z\u00a0okresem dorastania, porywami serca, dramatem wojny, \u015bmierci\u0105. Za\u015b \u0142awki w\u00a0r\u0119kach aktor\u00f3w staj\u0105 si\u0119 m.in. niemowlakiem, karabinem, trumn\u0105 czy walizk\u0105.<\/p>\n<p>\n            <a href=\"https:\/\/s-trojmiasto.pl\/zdj\/c\/n\/9\/4369\/1920x0\/4369666-Teatr-plenerowy-ma-swoje-prawa-zawsze-mozna-zostac-wciagnietym-w-wir-teatralnych-zdarzen.webp\" target=\"_blank\" data-slide-name=\"850411\" data-lightbox-target=\"photo full\" data-sub-html=\"&lt;h4&gt;Teatr plenerowy ma swoje prawa - zawsze mo\u017cna zosta\u0107 wci\u0105gni\u0119tym w wir teatralnych zdarze\u0144.&lt;\/h4&gt;&lt;p&gt;fot. Jakub Steinborn \/ trojmiasto.pl&lt;\/p&gt;&#010;\" class=\"photoMarker__link\" data-filter-brightness=\"brightness--100\" rel=\"nofollow noopener\"><\/p>\n<p>    <img decoding=\"async\" style=\"height:500px; aspect-ratio: 1.5\/1; filter:brightness(1);\" alt=\"Teatr plenerowy ma swoje prawa - zawsze mo\u017cna zosta\u0107 wci\u0105gni\u0119tym w wir teatralnych zdarze\u0144.\" src=\"https:\/\/www.europesays.com\/pl\/wp-content\/uploads\/2026\/07\/4369666-Teatr-plenerowy-ma-swoje-prawa-zawsze-mozna-zostac-wciagnietym-w-wir.webp\" class=\"photoMarker__img lazy\" data-slider=\"img\"\/><\/p>\n<p>            <\/a><\/p>\n<p>\u015awietn\u0105, sp\u00f3jn\u0105 komedi\u0119 w\u00a0duchu narciarskich i\u00a0biatlonowych zmaga\u0144 (z \u017conglerk\u0105 kijkami i\u00a0nartami) zaproponowali Czesi z\u00a0Brat\u0159i v\u00a0tricku. Ich &#8222;Skiing Odyssey&#8221; anga\u017cuje wybrane osoby z\u00a0publiczno\u015bci do biegania na nartach po trawie, a\u00a0sam spektakl wywo\u0142uje mn\u00f3stwo u\u015bmiechu w\u015br\u00f3d jego odbiorc\u00f3w. <\/p>\n<p>Istotnym motywem podczas tegorocznej FETY jest ekologia. Najbardziej zaanga\u017cowana jest w\u00a0tym kontek\u015bcie produkcja antagon theaterAKTion z\u00a0Niemiec. Ich &#8222;Among Trees&#8221; to wariacja na temat klimatu i\u00a0wyr\u0119bu las\u00f3w z\u00a0perspektywy drzew. Kilkunastu aktor\u00f3w odgrywa sceny przemocy wobec tych wyj\u0105tkowych dla \u017cycia na ziemi ro\u015blin (brutalna scena wycinki pi\u0142\u0105 \u0142a\u0144cuchow\u0105) przy \u015bwietnej muzyce wykonywanej na \u017cywo. Spektakl sk\u0142ada si\u0119 z\u00a0ci\u0105gu zaanga\u017cowanych obraz\u00f3w, z\u00a0oczywist\u0105 tez\u0105, a\u00a0te\u017c w\u00a0\u015bwietnym wykonaniu i\u00a0odpowiedni\u0105 dramaturgi\u0105.<\/p>\n<p>Warto w\u00a0tym kontek\u015bcie wspomnie\u0107 te\u017c o\u00a0efektownym, energetycznym, zwr\u00f3conym w\u00a0stron\u0119 globalnych niedobor\u00f3w wody &#8222;Can&#8217;t Escape&#8221; Teatru 3,5 z\u00a0Dzierzgonia. <\/p>\n<p>Du\u017co popis\u00f3w akrobatycznych<\/p>\n<p>W\u0142a\u015bnie dramaturgii brakuje wyst\u0119powi urodziwych Estonek z\u00a0Big Wolf Company &#8211; ich spektakl &#8222;Three Sisters&#8221; \u0142\u0105czy akrobacje na szarfie, hamaku i\u00a0kole cyrkowym z\u00a0ambicj\u0105 opowiedzenia co nieco o\u00a0kulturze i\u00a0folklorze Estonii, ale efekt (poza cz\u0119\u015bci\u0105 akrobatyczn\u0105) by\u0142 mizerny. Bardzo dobrze zaprezentowa\u0142 si\u0119 Duo flexoncirc z\u00a0Niemiec &#8211; w\u00a0ich energetycznym &#8222;Rock&#8217;n&#8217;Roses&#8221; zar\u00f3wno m\u0119\u017cczyzna, jak i\u00a0kobieta podnosz\u0105 partnera si\u0142\u0105 w\u0142asnych mi\u0119\u015bni. <\/p>\n<p>\n            <a href=\"https:\/\/s-trojmiasto.pl\/zdj\/c\/n\/9\/4369\/1536x0\/4369667-W-tym-roku-na-FECIE-jest-duzo-akrobacji-Na-zdjecie-Three-Sisters-z-estonskiego-Big-Wolf-Company.webp\" target=\"_blank\" data-slide-name=\"850412\" data-lightbox-target=\"photo full\" data-sub-html=\"&lt;h4&gt;W tym roku na FECIE jest du\u017co akrobacji. Na zdj\u0119cie &quot;Three Sisters&quot; z esto\u0144skiego Big Wolf Company.&lt;\/h4&gt;&lt;p&gt;fot. Mi\u0161ko Mot\u0117&lt;\/p&gt;&#010;\" class=\"photoMarker__link\" data-filter-brightness=\"brightness--100\" rel=\"nofollow noopener\"><\/p>\n<p>    <img decoding=\"async\" style=\"height:500px; aspect-ratio: 1.5\/1; filter:brightness(1);\" alt=\"W tym roku na FECIE jest du\u017co akrobacji. Na zdj\u0119cie &quot;Three Sisters&quot; z esto\u0144skiego Big Wolf Company.\" src=\"https:\/\/www.europesays.com\/pl\/wp-content\/uploads\/2026\/07\/4369667-W-tym-roku-na-FECIE-jest-duzo-akrobacji-Na-zdjecie-Three-Sisters-z.webp\" class=\"photoMarker__img lazy\" data-slider=\"img\"\/><\/p>\n<p>            <\/a><\/p>\n<p>Najdziwniejszy, cho\u0107 naprawd\u0119 zabawny by\u0142 popis r\u00f3wnowagi w\u00a0wykonaniu formacji Companyia Nacho Flores w\u00a0&#8222;Domte&#8221;, w\u00a0kt\u00f3rym performer (do muzyki granej przez partnera) przy pomocy os\u00f3b z\u00a0publicznosci buduje mistern\u0105 konstrukcj\u0119 z\u00a0drewna, by j\u0105&#8230; osiod\u0142a\u0107 i\u00a0uje\u017cd\u017ca\u0107 za pomoc\u0105 napr\u0119dce za\u0142o\u017conych lejc\u00f3w. <\/p>\n<p><a href=\"https:\/\/www.trojmiasto.pl\/kultura\/30-zespolow-z-calego-swiata-Nadchodzi-FETA-n222345.html\" data-tklik=\"549060\" class=\"marker-news component newsMarker\" rel=\"nofollow noopener\" target=\"_blank\"><br \/>\n            <img decoding=\"async\" src=\"https:\/\/www.europesays.com\/pl\/wp-content\/uploads\/2026\/07\/4365837__kr.webp\" alt=\"30 zespo\u0142\u00f3w z ca\u0142ego \u015bwiata. Nadchodzi FETA\" class=\"lazy newsMarker__img\"\/><br \/>\n        30 zespo\u0142\u00f3w z ca\u0142ego \u015bwiata. Nadchodzi FETA<br \/>\n<\/a><\/p>\n<p>M\u0142odszym widzom du\u017co rado\u015bci sprawi\u0142 \u017cartobliwy duet StreetFools Company &#8211; ich &#8222;Banaba Flup&#8221; to szalupa ratunkowa ratuj\u0105ca wyrazistych, zabawnych bohater\u00f3w przed powodzi\u0105. Z\u00a0kolei prawdziw\u0105 taneczn\u0105 pere\u0142k\u0105 jest &#8222;Victoria&#8221; Company Les Malles &#8211; po\u015bwi\u0119cona paryskiej diwie i\u00a0tancerce kabaretowej sprzed lat, kt\u00f3ra dzi\u015b &#8211; jako lalka pysk\u00f3wka, dzi\u0119ki umiej\u0119tno\u015bciom tanecznym C\u00e9line Fellay &#8211; wspomina dawne dzieje. Granie &#8222;na byle czym&#8221; to z\u00a0kolei specyfika komediowych uteatralizowanych koncert\u00f3w Jashgawronsky Brothers, kt\u00f3rzy tym razem bawi\u0105 spektaklem &#8222;ToyBoys&#8221;.<\/p>\n<p>Efektowny fina\u0142 francuskiego Collectiff Le M\u00e9andre<\/p>\n<p>Pomimo deszczu uda\u0142o si\u0119 w\u00a0sobot\u0119 zagra\u0107 wszystkie spektakle. Tak\u017ce ostatni, b\u0119d\u0105cy jednocze\u015bnie propozycj\u0105 na niedzielny fina\u0142 festiwalu &#8222;Fant\u00f4me&#8221; francuskiego Collectiff Le M\u00e9andre. Tw\u00f3rcy proponuj\u0105 de facto pe\u0142nometra\u017cowy film animowany (stworzony przez artyst\u00f3w tej grupy), uzupe\u0142niony znakomit\u0105 wokalno-instrumentaln\u0105 muzyk\u0105 wykonywan\u0105 na \u017cywo oraz udzia\u0142em statyst\u00f3w wprowadzaj\u0105cych niekt\u00f3re elementy z\u00a0filmu pomi\u0119dzy widz\u00f3w. <\/p>\n<p>\n            <a href=\"https:\/\/s-trojmiasto.pl\/zdj\/c\/n\/9\/4369\/1920x0\/4369671-Sobote-i-niedziele-wienczy-efektowny-wizualnie-laczacy-muzyke-i-obraz-animowany-z-planem-zywym-Fantome-francuskiego-Collectiff-Le-Meandre.webp\" target=\"_blank\" data-slide-name=\"850415\" data-lightbox-target=\"photo full\" data-sub-html=\"&lt;h4&gt;Sobot\u0119 i niedziel\u0119 wie\u0144czy efektowny wizualnie, \u0142\u0105cz\u0105cy muzyk\u0119 i obraz animowany z planem \u017cywym &quot;Fant\u00f4me&quot; francuskiego Collectiff Le M\u00e9andre.&lt;\/h4&gt;&lt;p&gt;mat. prasowe&lt;\/p&gt;&#010;\" class=\"photoMarker__link\" data-filter-brightness=\"brightness--100\" rel=\"nofollow noopener\"><\/p>\n<p>    <img decoding=\"async\" style=\"height:421px; aspect-ratio: 1.77778\/1; filter:brightness(1);\" alt=\"Sobot\u0119 i niedziel\u0119 wie\u0144czy efektowny wizualnie, \u0142\u0105cz\u0105cy muzyk\u0119 i obraz animowany z planem \u017cywym &quot;Fant\u00f4me&quot; francuskiego Collectiff Le M\u00e9andre.\" src=\"https:\/\/www.europesays.com\/pl\/wp-content\/uploads\/2026\/07\/4369671-Sobote-i-niedziele-wienczy-efektowny-wizualnie-laczacy-muzyke-i-obraz-animowany.webp\" class=\"photoMarker__img lazy\" data-slider=\"img\"\/><\/p>\n<p>            <\/a><\/p>\n<p>Sam film jest mozaik\u0105 kilku r\u00f3\u017cnych odr\u0119bnych akcji, wi\u0119c trudno wnikliwie \u015bledzi\u0107 losy ch\u0142opca &#8211; tytu\u0142owego Fant\u00f4me&#8217;a &#8211; z\u00a0du\u017c\u0105 uwag\u0105, bo t\u0119 zabieraj\u0105 mu muzycy i\u00a0staty\u015bci. Na szcz\u0119\u015bcie nieco porz\u0105dku wprowadza podzia\u0142 na rozdzia\u0142y z\u00a0kr\u00f3tkim komentarzem\/zapowiedzi\u0105 najbli\u017cszych zdarze\u0144. To jednak wymagaj\u0105ca, ale niezwykle efektowna wizualno-muzyczna pr\u00f3ba opowiedzenia o\u00a0opresji systemu totalitarnego, okrucie\u0144stwie wojny i\u00a0rodzinnych dramatach. <\/p>\n<p>W niedziel\u0119 ci\u0105g dalszy<\/p>\n<p>Wi\u0119kszo\u015b\u0107 sobotnich propozycji b\u0119dzie mo\u017cna zobaczy\u0107 r\u00f3wnie\u017c w\u00a0niedziel\u0119. Z\u00a0uwagi na lepsz\u0105 pogod\u0119 z\u00a0pewno\u015bci\u0105 bardziej efektowne b\u0119d\u0105 popisy akrobatyczne (Estonki ze spektaklu &#8222;Three Sisters&#8221; wprost o\u00a0tym m\u00f3wi\u0142y po sobotnim wyst\u0119pie). Warto te\u017c mie\u0107 na wzgl\u0119dzie innych akrobat\u00f3w: czeskiego BoCirk Company z\u00a0&#8222;Summer Heat&#8221; czy belgijskiego Circumstances z\u00a0ich &#8222;Beyond&#8221;. <\/p>\n<p>Najwa\u017cniejsze by zabra\u0107 ze sob\u0105 dobry nastr\u00f3j, ch\u0142on\u0105\u0107 atmosfer\u0119 teatralnego \u015bwi\u0119ta i\u00a0postara\u0107 si\u0119 nie popsu\u0107 jej innym, stosuj\u0105c si\u0119 do przypominanych przed wyst\u0119pami zasad.\n                <\/p>\n","protected":false},"excerpt":{"rendered":"\u015awi\u0119to teatru plenerowego i\u00a0ulicznego przyci\u0105gn\u0119\u0142o do Parku im. Rolanda Reagana wielu widz\u00f3w, pomimo niepewnej w\u00a0sobot\u0119 pogody i\u00a0wieczornego deszczu.&hellip;\n","protected":false},"author":2,"featured_media":551606,"comment_status":"","ping_status":"","sticky":false,"template":"","format":"standard","meta":{"footnotes":"","_share_on_mastodon":"0"},"categories":[51610],"tags":[91776,108792,8588,108793,108798,6888,169,6588,108237,11064,8783,62249,1048,39745,2429,8813,2957,8817,108796,42,78,38,40,39,41,1086,2424,8815,108797,4663,2419,8812,800,108794,108239,108795,107340,108791,8816,2441,8814],"class_list":["post-551605","post","type-post","status-publish","format-standard","has-post-thumbnail","category-gdansk","tag-akrobacja","tag-akrobacje","tag-aktorzy","tag-arcadia","tag-chmurka-wydarzenia","tag-cyrk","tag-deszcz","tag-festiwal","tag-festiwal-feta","tag-feta","tag-filharmonia","tag-gak","tag-gdansk","tag-klasa","tag-komedia","tag-muzea","tag-muzeum","tag-osada","tag-park-im-rolanda-reagana","tag-pl","tag-pogoda","tag-poland","tag-polish","tag-polska","tag-polski","tag-produkcja","tag-publicznosc","tag-repertuar","tag-savoir-vivre","tag-scena","tag-spektakl","tag-spektakle","tag-teatr","tag-teatr-kto","tag-teatr-plenerowy","tag-teatr-snow","tag-teatr-uliczny","tag-teatr-w-plenerze","tag-teatry","tag-widz","tag-wystawy"],"share_on_mastodon":{"url":"https:\/\/pubeurope.com\/@pl\/116907026948197245","error":""},"_links":{"self":[{"href":"https:\/\/www.europesays.com\/pl\/wp-json\/wp\/v2\/posts\/551605","targetHints":{"allow":["GET"]}}],"collection":[{"href":"https:\/\/www.europesays.com\/pl\/wp-json\/wp\/v2\/posts"}],"about":[{"href":"https:\/\/www.europesays.com\/pl\/wp-json\/wp\/v2\/types\/post"}],"author":[{"embeddable":true,"href":"https:\/\/www.europesays.com\/pl\/wp-json\/wp\/v2\/users\/2"}],"replies":[{"embeddable":true,"href":"https:\/\/www.europesays.com\/pl\/wp-json\/wp\/v2\/comments?post=551605"}],"version-history":[{"count":0,"href":"https:\/\/www.europesays.com\/pl\/wp-json\/wp\/v2\/posts\/551605\/revisions"}],"wp:featuredmedia":[{"embeddable":true,"href":"https:\/\/www.europesays.com\/pl\/wp-json\/wp\/v2\/media\/551606"}],"wp:attachment":[{"href":"https:\/\/www.europesays.com\/pl\/wp-json\/wp\/v2\/media?parent=551605"}],"wp:term":[{"taxonomy":"category","embeddable":true,"href":"https:\/\/www.europesays.com\/pl\/wp-json\/wp\/v2\/categories?post=551605"},{"taxonomy":"post_tag","embeddable":true,"href":"https:\/\/www.europesays.com\/pl\/wp-json\/wp\/v2\/tags?post=551605"}],"curies":[{"name":"wp","href":"https:\/\/api.w.org\/{rel}","templated":true}]}}