{"id":552043,"date":"2026-07-12T17:35:12","date_gmt":"2026-07-12T17:35:12","guid":{"rendered":"https:\/\/www.europesays.com\/pl\/552043\/"},"modified":"2026-07-12T17:35:12","modified_gmt":"2026-07-12T17:35:12","slug":"partie-polityczne-stawiaja-na-viralowe-rolki-nowe-strategie-pis-i-po-przyciagna-mlodych","status":"publish","type":"post","link":"https:\/\/www.europesays.com\/pl\/552043\/","title":{"rendered":"Partie polityczne stawiaj\u0105 na viralowe rolki. Nowe strategie PiS i PO przyci\u0105gn\u0105 m\u0142odych?"},"content":{"rendered":"<p>Do czasu.<\/p>\n<p>Obecnie najpopularniejszy filmik ma 2,6 mln wy\u015bwietle\u0144. Widzimy na nim seri\u0119 zdj\u0119\u0107 Donalda Tuska (pierwsze wyj\u0105tkowo niekorzystne), podpis &#8222;Rz\u0105dz\u0119 tak jak \u015bpiewam. Sami oce\u0144cie&#8221; i fa\u0142szuj\u0105cy g\u0142os Kuby Nowosi\u0144skiego, czyli kubanowo.<\/p>\n<p>Kuba Nowosi\u0144ski to by\u0142y partner Marii Jeleniewskiej, jednej z najpopularniejszych polskich influencerek. Na samym TikToku obserwuje j\u0105 13,5 mln os\u00f3b. W kwietniu tego roku para potwierdzi\u0142a rozstanie. Oboje wydali o\u015bwiadczenie, w kt\u00f3rym zaznaczyli, \u017ce nie chc\u0105 komentowa\u0107 sprawy, a zw\u0142aszcza powod\u00f3w.<\/p>\n<p>Przy czym Kuba Nowosi\u0144ski zacz\u0105\u0142 publikowa\u0107 nagrania, w kt\u00f3rych sugerowa\u0142, \u017ce rozstali si\u0119 nie z jego winy. W ko\u0144cu zamie\u015bci\u0142 kolejne o\u015bwiadczenie, w kt\u00f3rym zasugerowa\u0142 zdrad\u0119 Jeleniewskiej. &#8222;Do\u015bwiadczy\u0142em ra\u017c\u0105cego, nieakceptowanego braku lojalno\u015bci&#8221; \u2014 napisa\u0142. To uderzy\u0142o w wizerunek influencerki. Jeleniewska d\u0142ugo milcza\u0142a, a\u017c w ko\u0144cu podczas akcji &#8222;Stop Hejt!&#8221; w Toruniu powiedzia\u0142a do publiczno\u015bci wprost: &#8222;To nieprawda. Nic takiego nie mia\u0142o miejsca. Ja nie zdradzi\u0142am mojego partnera&#8221;.<\/p>\n<p>      Dalszy ci\u0105g artyku\u0142u pod materia\u0142em wideo <\/p>\n<p>Jednocze\u015bnie Nowosi\u0144ski od rozstania zacz\u0105\u0142 intensywnie publikowa\u0107 tre\u015bci, jakby musia\u0142 troch\u0119 &#8222;nadrobi\u0107&#8221; brak s\u0142awnej dziewczyny u boku, co szybko zauwa\u017cyli inni u\u017cytkownicy. Jedn\u0105 z jego nowych aktywno\u015bci jest \u015bpiew. Nagrania ze swoich wokalnych do\u015bwiadcze\u0144 zacz\u0105\u0142 publikowa\u0107 na TikToku, jedno z nich sta\u0142o si\u0119 trendem.<\/p>\n<p>Trzeba powiedzie\u0107 sobie jasno \u2014 nie jest to najlepsze wykonanie. Czy rolka Kuby zdoby\u0142a popularno\u015b\u0107 tylko dlatego, \u017ce ch\u0142opak \u017ale \u015bpiewa? Chyba nie, mieli\u015bmy ju\u017c du\u017co takich gwiazd, kt\u00f3re nie grzeszy\u0142y talentem wokalnym. My\u015bl\u0119, \u017ce w punkt trafi\u0142 jeden z u\u017cytkownik\u00f3w TikToka, kt\u00f3ry skwitowa\u0142 spraw\u0119 s\u0142owami: &#8222;chcia\u0142 by\u0107 popularny, to jest&#8221;.<\/p>\n<p>Swoj\u0105 drog\u0105 Nowosi\u0144ski chyba nie przejmuje si\u0119 tym, co dzieje si\u0119 wok\u00f3\u0142 jego osoby. Ma coraz wi\u0119ksze zasi\u0119gi, niemal wszyscy o nim m\u00f3wi\u0105&#8230; no w\u0142a\u015bnie, nawet partie polityczne doceni\u0142y potencja\u0142 zasi\u0119gowy kubanowo.<\/p>\n<p> &#8222;Stan Wyj\u0105tkowy&#8221;. Nawrocki wypowiada wojn\u0119 Kosiniakowi. Kaczy\u0144ski chce wyko\u0144czy\u0107 Brauna. Mentzen pluje na PiS  <\/p>\n<p class=\"ods-o-frame-in-text__paragraph\"><a href=\"https:\/\/wiadomosci.onet.pl\/kraj\/kaczynski-wyznaczyl-swoim-ludziom-nowy-cel-stawka-wyzsza-niz-wynik-wyborow\/cyvl054\" id=\"b00a55e0-7db2-41b1-87e8-2f6fc50ea980\" rel=\"nofollow noopener\" target=\"_blank\">Zobacz najnowszy &#8222;Stan Wyj\u0105tkowy&#8221;! <\/a><\/p>\n<p>   <img class=\"ods-a-photo ods-a-photo--background\" src=\"https:\/\/www.europesays.com\/pl\/wp-content\/uploads\/2026\/07\/V4nk9lBaHR0cHM6Ly9vY2RuLmV1L3B1bHNjbXMvTURBXy9iMTFmN2ViZjZjYmQ1OGRmNDI2M2Q4ZDA2ZWQ2MzgxMy5wbmeRlQLNA.jpeg\" height=\"253\" width=\"450\" alt=\"W\u0142adys\u0142aw Kosiniak-Kamysz, Karol Nawrocki\" loading=\"lazy\" fetchpriority=\"low\" decoding=\"async\"\/>  Podwy\u017cka dla admin\u00f3w<\/p>\n<p>PiS zmieni\u0142 admina albo strategi\u0119 zasi\u0119gow\u0105 pod koniec 2025 r. Od tego momentu zamiast suchych i generycznych rolek, zacz\u0119\u0142y si\u0119 pojawia\u0107 bardziej &#8222;m\u0142odzie\u017cowe&#8221;, a na pewno ze \u015bwiadomo\u015bci\u0105 obecnych trend\u00f3w, a te na TikToku s\u0105 bardzo dynamiczne i potrafi\u0105 zmieni\u0107 si\u0119 z tygodnia na tydzie\u0144.<\/p>\n<p>Zacz\u0119\u0142y si\u0119 pojawia\u0107 coraz cz\u0119\u015bciej odwa\u017cne edity [kr\u00f3tkie, dynamicznie zmontowane filmy; najcz\u0119\u015bciej synchronizowane z muzyk\u0105 lub popularnym d\u017awi\u0119kiem, z p\u0142ynnymi przej\u015bciami i efektami \u2014 red.] i komentarze w stylu &#8222;nie wiem, co mnie bardziej \u015bmieszy, czy ten edit, czy to, \u017ce to g\u0142\u00f3wne konto PiS&#8221; oraz &#8222;podwy\u017cka dla admina&#8221;, czyli osoby odpowiedzialnej w tym przypadku za publikowane tre\u015bci.<\/p>\n<p>Jednak w ostatnich dniach konto PiS osi\u0105ga szczyty popularno\u015bci. W\u0142a\u015bnie za spraw\u0105 opublikowania wspomnianego wcze\u015bniej tiktoka &#8222;Rz\u0105dz\u0119 tak jak \u015bpiewam. Sami oce\u0144cie&#8221; z d\u017awi\u0119kiem kubanowo. A warto w tym miejscu zaznaczy\u0107, \u017ce rolki z wykorzystaniem trenuj\u0105cego d\u017awi\u0119ku maj\u0105 o wiele wi\u0119ksze zasi\u0119gi i szans\u0119 trafienia do nowych grup odbiorc\u00f3w.<\/p>\n<p>Potem poszli jeszcze dalej i wykorzystali kolejny &#8222;trend&#8221;, czyli \u015blub influencerki Oli Nowak, a w zasadzie edit z jej m\u0119\u017cem, kt\u00f3ry do miejsca ceremonii zjecha\u0142 na tyrolce. Co w social mediach zosta\u0142o odebrane do\u015b\u0107 prze\u015bmiewczo. W\u0142a\u015bciw\u0105 uroczysto\u015b\u0107 u\u015bwietni\u0142 wyst\u0119p Roksany W\u0119giel, a w rolce PiS jej \u015bpiew zosta\u0142 usuni\u0119ty i dodano wokal kubanowo. Ca\u0142o\u015b\u0107 zwie\u0144czono tekstem: &#8222;Donald Tusk, kiedy na jaw wychodzi kolejna afera i nikt nie ponosi za to konsekwencji&#8221;. W chwili publikacji artyku\u0142u materia\u0142 mia\u0142 ju\u017c 1,6 mln wy\u015bwietle\u0144.<\/p>\n<p>Koalicja Obywatelska nie zostawi\u0142a tego bez odpowiedzi. Jej admini r\u00f3wnie\u017c nagrali rolk\u0119, ale ju\u017c nie z oryginalnego nagrania Nowosi\u0144skiego, lecz conceptma\u0107ka, kt\u00f3ry opublikowa\u0142 parodi\u0119 pierwotnego nagrania Kuby. (Wiem, skomplikowane). W tle dodali zdj\u0119cia Jaros\u0142awa Kaczy\u0144skiego i tekst &#8222;Jestem tak samo odklejony, jak \u015bpiewam. Oce\u0144cie sami&#8221;, czyli bezpo\u015brednie nawi\u0105zanie do rolki PiS. Jednak tu ju\u017c tylko 895 tys. wy\u015bwietle\u0144.<\/p>\n<p>Ale bitwa obu partii na edity nie przesz\u0142a bez echa. Wielu u\u017cytkownik\u00f3w TikToka zastanawia si\u0119, co si\u0119 w\u0142a\u015bciwie dzieje.<\/p>\n<p>I tak, dla niekt\u00f3rych to o jeden most za daleko. Jednak uczciwie nale\u017cy przyzna\u0107, \u017ce obie partie odrobi\u0142y lekcje z poprzednich lat \u2014 w ko\u0144cu tworz\u0105 tre\u015bci, kt\u00f3re bardziej trafiaj\u0105 do m\u0142odych, s\u0105 w ich j\u0119zyku i nie s\u0105 sztuczn\u0105 partyjn\u0105 propagand\u0105 ani boomerskim gadaniem. Czy to przysporzy im wyborc\u00f3w? W\u0105tpi\u0119, a je\u015bli tak, to w niewielkim stopniu. Jednak obiektywnie tak powinna wygl\u0105da\u0107 komunikacja w tego typu medium, jakim jest TikTok \u2014 szybka reakcja na trendy, prosty przekaz, poczucie humoru.<\/p>\n<p>Ko\u0142odziejczak i zraszacz<\/p>\n<p>Kiedy m\u00f3wimy o poczynaniach partii i polityk\u00f3w w sieci, nie mo\u017cemy pomin\u0105\u0107 Micha\u0142a Ko\u0142odziejczaka, kt\u00f3ry podbija sie\u0107, publikuj\u0105c proste i z pozoru niedoskona\u0142e filmiki, na kt\u00f3rych po prostu cieszy si\u0119 \u017cyciem \u2014 oblewa si\u0119 na polu kapusty zraszaczem z zimn\u0105 wod\u0105, je\u017adzi z dzie\u0107mi traktorem, pluska si\u0119 w basenie, je truskawki z pola albo czere\u015bnie prosto z drzewa.<\/p>\n<p>Prostota tych nagra\u0144 i rado\u015b\u0107, kt\u00f3ra bije od Ko\u0142odziejczaka, urzek\u0142a internaut\u00f3w, a jego konto na TikToku i Instagramie staje si\u0119 coraz bardziej popularne. Pod powy\u017csz\u0105 rolk\u0105, najpopularniejsz\u0105, pojawi\u0142y si\u0119 tysi\u0105ce komentarzy, np.: &#8222;ko\u0142odziejczak countryside era&#8221;, &#8222;a man written by lana del rey&#8221; czy &#8222;moje ulubione konto na tiktoku&#8221;.<\/p>\n<p>W &#8222;internety umie&#8221; te\u017c partia Razem. Tu bryluje od d\u0142u\u017cszego czasu, w zasadzie od kampanii prezydenckiej, Adrian Zandberg. Mamy tutaj r\u00f3wnie\u017c prostot\u0119, \u015bwie\u017co\u015b\u0107 i wyczucie trend\u00f3w. Chocia\u017c konto Razem na TikToku nie ma obecnie takich zasi\u0119g\u00f3w jak PiS, to partia ju\u017c raz przekona\u0142a si\u0119, \u017ce media spo\u0142eczno\u015bciowe maj\u0105 moc, bo to dzi\u0119ki \u015bwietnej kampanii Adriana Zandberga w social mediach uda\u0142o mu si\u0119 otrzyma\u0107 4,86 proc. poparcia (953 tys. g\u0142os\u00f3w). W\u00f3wczas trendowa\u0142a m.in. piosenka &#8222;Drwal na prezydenta&#8221;.<\/p>\n<p>Utar\u0142o si\u0119, \u017ce w 2015 r. mieli\u015bmy wybory prezydenckie, w kt\u00f3rych pierwszy raz du\u017c\u0105 rol\u0119 odegra\u0142y media spo\u0142eczno\u015bciowe, a w 2020 r. kampania w sieci mia\u0142a jeszcze wi\u0119ksze znaczenie. W zesz\u0142orocznych wyborach prezydenckich kampania odbywa\u0142a si\u0119 w zasadzie wy\u0142\u0105cznie w internecie. To w du\u017cej mierze dzi\u0119ki TikTokowi Adrian Zandberg i S\u0142awomir Mentzen zdobyli tak wysokie wyniki, bo TikTok podzieli\u0142 si\u0119 na dwa obozy \u2014 zwolennik\u00f3w &#8222;pot\u0119\u017cnego Du\u0144czyka&#8221; i Mentzena na hulajnodze. I skutecznie, bo to w\u0142a\u015bnie Mentzen i Zandberg <a href=\"https:\/\/wiadomosci.onet.pl\/kraj\/wybory-prezydenckie-2025-sa-wyniki-exit-poll-tak-zaglosowali-mlodzi-wyborcy\/pn0ypyg\" id=\"b02cc5c3-fe44-40d7-8141-d792bf34ac26\" rel=\"nofollow noopener\" target=\"_blank\">mieli najwi\u0119ksze poparcie w\u015br\u00f3d najm\u0142odszych wyborc\u00f3w w I turze.<\/a>     <\/p>\n<p>Czy PiS i PO wyci\u0105gn\u0119\u0142y odpowiednie wnioski i to, co obserwujemy teraz, jest przedsmakiem i budowaniem zasi\u0119g\u00f3w przed ostatecznym starciem w 2027 r.? Kto tym razem wygra walk\u0119 o m\u0142odych?<\/p>\n","protected":false},"excerpt":{"rendered":"Do czasu. Obecnie najpopularniejszy filmik ma 2,6 mln wy\u015bwietle\u0144. Widzimy na nim seri\u0119 zdj\u0119\u0107 Donalda Tuska (pierwsze wyj\u0105tkowo&hellip;\n","protected":false},"author":2,"featured_media":552044,"comment_status":"","ping_status":"","sticky":false,"template":"","format":"standard","meta":{"footnotes":"","_share_on_mastodon":"0"},"categories":[12],"tags":[1659,56,61195,32,33,212,36,37,27,1766,7210,49,34,35,1154,28,31,48,25,46,55,529,42,38,40,39,41,47,865,14166,46625,29,30,26],"class_list":["post-552043","post","type-post","status-publish","format-standard","has-post-thumbnail","category-polska","tag-adrian_zandberg","tag-article_premium","tag-bottomfeed_styl","tag-breaking-news","tag-breakingnews","tag-donald_tusk","tag-featured-news","tag-featurednews","tag-headlines","tag-internet","tag-koalicja_obywatelska","tag-kraj","tag-latest-news","tag-latestnews","tag-media_spolecznosciowe","tag-naglowki","tag-najwazniejsze-artykuly","tag-nat_styl","tag-news","tag-omp","tag-phx","tag-pis","tag-pl","tag-poland","tag-polish","tag-polska","tag-polski","tag-screening_general","tag-slawomir_mentzen","tag-tiktok","tag-tomasz_poreba","tag-top-stories","tag-topstories","tag-wiadomosci"],"share_on_mastodon":{"url":"","error":"Validation failed: Text character limit of 500 exceeded"},"_links":{"self":[{"href":"https:\/\/www.europesays.com\/pl\/wp-json\/wp\/v2\/posts\/552043","targetHints":{"allow":["GET"]}}],"collection":[{"href":"https:\/\/www.europesays.com\/pl\/wp-json\/wp\/v2\/posts"}],"about":[{"href":"https:\/\/www.europesays.com\/pl\/wp-json\/wp\/v2\/types\/post"}],"author":[{"embeddable":true,"href":"https:\/\/www.europesays.com\/pl\/wp-json\/wp\/v2\/users\/2"}],"replies":[{"embeddable":true,"href":"https:\/\/www.europesays.com\/pl\/wp-json\/wp\/v2\/comments?post=552043"}],"version-history":[{"count":0,"href":"https:\/\/www.europesays.com\/pl\/wp-json\/wp\/v2\/posts\/552043\/revisions"}],"wp:featuredmedia":[{"embeddable":true,"href":"https:\/\/www.europesays.com\/pl\/wp-json\/wp\/v2\/media\/552044"}],"wp:attachment":[{"href":"https:\/\/www.europesays.com\/pl\/wp-json\/wp\/v2\/media?parent=552043"}],"wp:term":[{"taxonomy":"category","embeddable":true,"href":"https:\/\/www.europesays.com\/pl\/wp-json\/wp\/v2\/categories?post=552043"},{"taxonomy":"post_tag","embeddable":true,"href":"https:\/\/www.europesays.com\/pl\/wp-json\/wp\/v2\/tags?post=552043"}],"curies":[{"name":"wp","href":"https:\/\/api.w.org\/{rel}","templated":true}]}}