{"id":552350,"date":"2026-07-12T21:58:10","date_gmt":"2026-07-12T21:58:10","guid":{"rendered":"https:\/\/www.europesays.com\/pl\/552350\/"},"modified":"2026-07-12T21:58:10","modified_gmt":"2026-07-12T21:58:10","slug":"wazna-decyzja-w-sprawie-wyborow-w-izraelu-tego-nie-bylo-od-40-lat","status":"publish","type":"post","link":"https:\/\/www.europesays.com\/pl\/552350\/","title":{"rendered":"Wa\u017cna decyzja w sprawie wybor\u00f3w w Izraelu. Tego nie by\u0142o od 40 lat"},"content":{"rendered":"<p>Przewodnicz\u0105cy komisji organizacyjnej Knesetu Ofir Kac og\u0142osi\u0142 w niedziel\u0119, \u017ce wybory do izraelskiego parlamentu zaplanowano na 27 pa\u017adziernika 2026 r. &#8222;Obecna kadencja parlamentu ma trwa\u0107 do ko\u0144ca, a wybory zosta\u0142y ju\u017c wyznaczone na ustawowy termin 27 pa\u017adziernika i nie przewiduje si\u0119 skracania kadencji Knesetu&#8221; \u2014 przekaza\u0142a doradczyni prawna parlamentu Sagit Afik. Wyznaczony dzie\u0144 stanowi najp\u00f3\u017aniejsz\u0105 dat\u0119 g\u0142osowania dopuszczaln\u0105 przez izraelskie przepisy.<\/p>\n<p> Dalszy ci\u0105g artyku\u0142u pod materia\u0142em wideo <\/p>\n<p>Parlament zatwierdzi\u0142 w \u015brod\u0119 projekt ustawy o samorozwi\u0105zaniu, kt\u00f3ry m\u00f3g\u0142by potencjalnie przyspieszy\u0107 g\u0142osowanie o kilka tygodni. Dokument trafi\u0142 nast\u0119pnie do komisji organizacyjnej Knesetu i wymaga jeszcze g\u0142osowania. Przyj\u0119cie tego prawa potrzebuje poparcia 61 pos\u0142\u00f3w w 120-osobowym parlamencie. Ostatecznie jednak zdecydowano o rezygnacji z dalszego procedowania tej ustawy.<\/p>\n<p>     Historyczne znaczenie terminu wybor\u00f3w w Izraelu<\/p>\n<p>Portal Times of Israel zwr\u00f3ci\u0142 uwag\u0119 na wyj\u0105tkowo\u015b\u0107 sytuacji. Je\u015bli g\u0142osowanie rzeczywi\u015bcie odb\u0119dzie si\u0119 w ustalonym terminie, po raz pierwszy od 40 lat parlament zostanie wybrany zgodnie z ustawowym harmonogramem. Co wi\u0119cej, je\u015bli obecny sk\u0142ad Knesetu dotrwa do ko\u0144ca kadencji, b\u0119dzie to pierwsze takie wydarzenie od pi\u0119ciu dekad.<\/p>\n<p>Zgodnie z izraelskim prawem wybory parlamentarne powinny odbywa\u0107 si\u0119 co cztery lata. W praktyce jednak przedterminowe g\u0142osowania zdarzaj\u0105 si\u0119 w tym kraju regularnie. Ostatnie wybory przeprowadzono w listopadzie 2022 r. Wcze\u015bniej mia\u0142a miejsce seria pi\u0119ciu nierozstrzygni\u0119tych g\u0142osowa\u0144 w okresie niespe\u0142na czterech lat.<\/p>\n<p>Sonda\u017ce i mo\u017cliwe scenariusze zmian w Izraelu<\/p>\n<p>Premier Binjamin Netanjahu kieruj\u0105cy prawicow\u0105 parti\u0105 Likud wielokrotnie deklarowa\u0142 zamiar ponownego kandydowania. Badania opinii publicznej wskazuj\u0105, \u017ce koalicja Netanjahu nie zdoby\u0142aby wi\u0119kszo\u015bci parlamentarnej. Istnieje jednak mo\u017cliwo\u015b\u0107, \u017ce partie opozycyjne r\u00f3wnie\u017c nie zdo\u0142aj\u0105 utworzy\u0107 koalicji. Taki rozw\u00f3j wypadk\u00f3w pozostawi\u0142by Netanjahu na czele rz\u0105du tymczasowego do momentu prze\u0142amania politycznego impasu.<\/p>\n<p>Czytaj te\u017c:<\/p>\n","protected":false},"excerpt":{"rendered":"Przewodnicz\u0105cy komisji organizacyjnej Knesetu Ofir Kac og\u0142osi\u0142 w niedziel\u0119, \u017ce wybory do izraelskiego parlamentu zaplanowano na 27 pa\u017adziernika&hellip;\n","protected":false},"author":2,"featured_media":552351,"comment_status":"","ping_status":"","sticky":false,"template":"","format":"standard","meta":{"footnotes":"","_share_on_mastodon":"0"},"categories":[14],"tags":[343,61195,32,33,27,91,13195,34,35,28,31,48,25,46,40,41,47,80,29,30,26,82,83,84],"class_list":["post-552350","post","type-post","status-publish","format-standard","has-post-thumbnail","category-swiat","tag-binjamin_netanjahu","tag-bottomfeed_styl","tag-breaking-news","tag-breakingnews","tag-headlines","tag-izrael","tag-kneset","tag-latest-news","tag-latestnews","tag-naglowki","tag-najwazniejsze-artykuly","tag-nat_styl","tag-news","tag-omp","tag-polish","tag-polski","tag-screening_general","tag-swiat","tag-top-stories","tag-topstories","tag-wiadomosci","tag-world","tag-world-news","tag-worldnews"],"share_on_mastodon":{"url":"","error":""},"_links":{"self":[{"href":"https:\/\/www.europesays.com\/pl\/wp-json\/wp\/v2\/posts\/552350","targetHints":{"allow":["GET"]}}],"collection":[{"href":"https:\/\/www.europesays.com\/pl\/wp-json\/wp\/v2\/posts"}],"about":[{"href":"https:\/\/www.europesays.com\/pl\/wp-json\/wp\/v2\/types\/post"}],"author":[{"embeddable":true,"href":"https:\/\/www.europesays.com\/pl\/wp-json\/wp\/v2\/users\/2"}],"replies":[{"embeddable":true,"href":"https:\/\/www.europesays.com\/pl\/wp-json\/wp\/v2\/comments?post=552350"}],"version-history":[{"count":0,"href":"https:\/\/www.europesays.com\/pl\/wp-json\/wp\/v2\/posts\/552350\/revisions"}],"wp:featuredmedia":[{"embeddable":true,"href":"https:\/\/www.europesays.com\/pl\/wp-json\/wp\/v2\/media\/552351"}],"wp:attachment":[{"href":"https:\/\/www.europesays.com\/pl\/wp-json\/wp\/v2\/media?parent=552350"}],"wp:term":[{"taxonomy":"category","embeddable":true,"href":"https:\/\/www.europesays.com\/pl\/wp-json\/wp\/v2\/categories?post=552350"},{"taxonomy":"post_tag","embeddable":true,"href":"https:\/\/www.europesays.com\/pl\/wp-json\/wp\/v2\/tags?post=552350"}],"curies":[{"name":"wp","href":"https:\/\/api.w.org\/{rel}","templated":true}]}}