{"id":552680,"date":"2026-07-13T04:28:10","date_gmt":"2026-07-13T04:28:10","guid":{"rendered":"https:\/\/www.europesays.com\/pl\/552680\/"},"modified":"2026-07-13T04:28:10","modified_gmt":"2026-07-13T04:28:10","slug":"microsoft-zmienil-windows-10-uzytkownicy-krytykuja-nowy-wyglad-systemu","status":"publish","type":"post","link":"https:\/\/www.europesays.com\/pl\/552680\/","title":{"rendered":"Microsoft zmieni\u0142 Windows 10. U\u017cytkownicy krytykuj\u0105 nowy wygl\u0105d systemu"},"content":{"rendered":"<p style=\"text-align:justify\">Microsoft stopniowo od\u015bwie\u017ca interfejs Windowsa, jednak jedna z ostatnich\u00a0zmian w Windowsie 10 wzbudzi\u0142a sporo krytycznych komentarzy. U\u017cytkownicy zwracaj\u0105 uwag\u0119, \u017ce producent wprowadzi\u0142 fragmenty stylistyki znanej z Windowsa 11 do starszego systemu, nie dostosowuj\u0105c ich do jego dotychczasowego wygl\u0105du, przez co ca\u0142o\u015b\u0107 sprawia wra\u017cenie niesp\u00f3jnej.<\/p>\n<p style=\"text-align:justify\">Dyskusja rozpocz\u0119\u0142a si\u0119 na Reddicie, gdzie jeden z u\u017cytkownik\u00f3w opublikowa\u0142 zrzuty ekranu przedstawiaj\u0105ce zmienion\u0105 zak\u0142adk\u0119 \u201eInformacje\u201d w sekcji Ustawienia. To w\u0142a\u015bnie tam wy\u015bwietlane s\u0105 podstawowe informacje o komputerze, jego podzespo\u0142ach oraz zainstalowanej wersji systemu operacyjnego.<\/p>\n<p>Microsoft przenosi design Windowsa 11 do Windowsa 10?<\/p>\n<p style=\"text-align:justify\">Od\u015bwie\u017cony wygl\u0105d wygl\u0105da tak, jakby fragment interfejsu Windowsa 11 zosta\u0142 po prostu przeniesiony do Windowsa 10 bez uwzgl\u0119dnienia stylistyki ca\u0142ego systemu. Nie brak opinii, i\u017c zmiana przypomina element doklejony do istniej\u0105cego projektu, zamiast stanowi\u0107 jego naturalne rozwini\u0119cie. Wpis szybko zdoby\u0142 du\u017c\u0105 popularno\u015b\u0107, a wielu komentuj\u0105cych przyzna\u0142o, \u017ce r\u00f3wnie\u017c zauwa\u017cy\u0142o ten problem.<\/p>\n<blockquote><p>&#13;<\/p>\n<p style=\"text-align:justify\">Microsoft stopniowo od\u015bwie\u017ca interfejs Windowsa, jednak jedna z najnowszych zmian w Windows 10 wzbudzi\u0142a sporo krytycznych komentarzy. U\u017cytkownicy zwracaj\u0105 uwag\u0119, \u017ce producent wprowadzi\u0142 fragmenty stylistyki znanej z Windowsa 11 do starszego systemu, nie dostosowuj\u0105c ich do jego dotychczasowego wygl\u0105du, przez co ca\u0142o\u015b\u0107 sprawia wra\u017cenie niesp\u00f3jnej.<\/p>\n<p>&#13;\n<\/p><\/blockquote>\n<p>&#13;<\/p>\n<blockquote class=\"reddit-embed-bq\" data-embed-height=\"740\" style=\"height:500px\"><p><a href=\"https:\/\/www.reddit.com\/r\/Windows10\/comments\/1uhxrkv\/how_was_this_ui_update_approved\/\" rel=\"nofollow noopener\" target=\"_blank\">How was this UI update approved?<\/a><br \/>&#13;<br \/>\nby <a href=\"https:\/\/www.reddit.com\/user\/Androbots\/\" rel=\"nofollow noopener\" target=\"_blank\">u\/Androbots<\/a> in <a href=\"https:\/\/www.reddit.com\/r\/Windows10\/\" rel=\"nofollow noopener\" target=\"_blank\">Windows10<\/a><\/p><\/blockquote>\n<p>&#13;<\/p>\n<p style=\"text-align:justify\">Pr\u00f3bowano nawet przywr\u00f3ci\u0107 wcze\u015bniejszy wygl\u0105d strony, korzystaj\u0105c z opisanych wcze\u015bniej identyfikator\u00f3w funkcji, kt\u00f3re mia\u0142y umo\u017cliwia\u0107 aktywowanie starszej wersji interfejsu. Pr\u00f3ba zako\u0144czy\u0142a si\u0119 jednak niepowodzeniem, poniewa\u017c rozwi\u0105zanie nie dzia\u0142a ju\u017c w aktualnych wydaniach systemu.<\/p>\n<p>To kolejny podobny przypadek<\/p>\n<p style=\"text-align:justify\">Nie jest to pierwszy podobny przypadek. W ostatnich miesi\u0105cach Microsoft rozpocz\u0105\u0142 od\u015bwie\u017canie kilku komponent\u00f3w obecnych w systemie od wielu lat. Zmiany obj\u0119\u0142y m.in. animacj\u0119 \u0142adowania pami\u0119taj\u0105c\u0105 czasy Windowsa 8 oraz okno Uruchom, kt\u00f3re tak\u017ce\u00a0dosta\u0142o\u00a0nowocze\u015bniejszy\u00a0wygl\u0105d.<\/p>\n<p style=\"text-align:justify\">Nie nale\u017cy jednak oczekiwa\u0107, \u017ce firma po\u015bwi\u0119ci temu zagadnieniu wiele uwagi. Windows 10 zako\u0144czy\u0142 ju\u017c g\u0142\u00f3wny okres wsparcia i obecnie pozostaje obj\u0119ty przede wszystkim programem rozszerzonych aktualizacji zabezpiecze\u0144. Oznacza to, \u017ce priorytetem producenta pozostaje rozw\u00f3j Windows 11 oraz nowych funkcji zwi\u0105zanych ze sztuczn\u0105 inteligencj\u0105 i Copilotem.<\/p>\n<p class=\"m-0\">Spodoba\u0142o Ci si\u0119? Podziel si\u0119 ze znajomymi!<\/p>\n","protected":false},"excerpt":{"rendered":"Microsoft stopniowo od\u015bwie\u017ca interfejs Windowsa, jednak jedna z ostatnich\u00a0zmian w Windowsie 10 wzbudzi\u0142a sporo krytycznych komentarzy. U\u017cytkownicy zwracaj\u0105&hellip;\n","protected":false},"author":2,"featured_media":552681,"comment_status":"","ping_status":"","sticky":false,"template":"","format":"standard","meta":{"footnotes":"","_share_on_mastodon":"0"},"categories":[20],"tags":[1308,120,118,119,42,38,40,39,41,116,114,115,121,117,878],"class_list":["post-552680","post","type-post","status-publish","format-standard","has-post-thumbnail","category-nauka-i-technika","tag-microsoft","tag-nauka","tag-nauka-i-technika","tag-naukatechnika","tag-pl","tag-poland","tag-polish","tag-polska","tag-polski","tag-science","tag-science-and-technology","tag-sciencetechnology","tag-technika","tag-technology","tag-windows"],"share_on_mastodon":{"url":"https:\/\/pubeurope.com\/@pl\/116910784625048616","error":""},"_links":{"self":[{"href":"https:\/\/www.europesays.com\/pl\/wp-json\/wp\/v2\/posts\/552680","targetHints":{"allow":["GET"]}}],"collection":[{"href":"https:\/\/www.europesays.com\/pl\/wp-json\/wp\/v2\/posts"}],"about":[{"href":"https:\/\/www.europesays.com\/pl\/wp-json\/wp\/v2\/types\/post"}],"author":[{"embeddable":true,"href":"https:\/\/www.europesays.com\/pl\/wp-json\/wp\/v2\/users\/2"}],"replies":[{"embeddable":true,"href":"https:\/\/www.europesays.com\/pl\/wp-json\/wp\/v2\/comments?post=552680"}],"version-history":[{"count":0,"href":"https:\/\/www.europesays.com\/pl\/wp-json\/wp\/v2\/posts\/552680\/revisions"}],"wp:featuredmedia":[{"embeddable":true,"href":"https:\/\/www.europesays.com\/pl\/wp-json\/wp\/v2\/media\/552681"}],"wp:attachment":[{"href":"https:\/\/www.europesays.com\/pl\/wp-json\/wp\/v2\/media?parent=552680"}],"wp:term":[{"taxonomy":"category","embeddable":true,"href":"https:\/\/www.europesays.com\/pl\/wp-json\/wp\/v2\/categories?post=552680"},{"taxonomy":"post_tag","embeddable":true,"href":"https:\/\/www.europesays.com\/pl\/wp-json\/wp\/v2\/tags?post=552680"}],"curies":[{"name":"wp","href":"https:\/\/api.w.org\/{rel}","templated":true}]}}