{"id":552777,"date":"2026-07-13T05:49:09","date_gmt":"2026-07-13T05:49:09","guid":{"rendered":"https:\/\/www.europesays.com\/pl\/552777\/"},"modified":"2026-07-13T05:49:09","modified_gmt":"2026-07-13T05:49:09","slug":"polska-wznowila-deportacje-do-afganistanu-mimo-zabezpieczenia-etpc-wprost","status":"publish","type":"post","link":"https:\/\/www.europesays.com\/pl\/552777\/","title":{"rendered":"Polska wznowi\u0142a deportacje do Afganistanu mimo zabezpieczenia ETPC \u2013 Wprost"},"content":{"rendered":"\n<p>&#13;<br \/>\nPolska wznowi\u0142a deportacje obywateli Afganistanu, cho\u0107 po\u00a0powrocie do\u00a0kraju mog\u0105 im\u00a0grozi\u0107 powa\u017cne konsekwencje. Jak wynika z\u00a0ustale\u0144 DGP, procedury s\u0105 organizowane dora\u017anie, a\u00a0kontakty po\u00a0stronie polskich s\u0142u\u017cb ograniczaj\u0105 si\u0119 g\u0142\u00f3wnie do\u00a0technicznych ustale\u0144 z\u00a0obs\u0142ug\u0105 lotnisk i\u00a0w\u0142adzami. &#13;\n<\/p>\n<p>Deportacja z\u00a0Polski mimo zabezpieczenia ETPC<\/p>\n<p>&#13;<br \/>\n10 kwietnia Stra\u017c Graniczna przeprowadzi\u0142a operacj\u0119, w\u00a0kt\u00f3rej z\u00a0Polski wydalono trzech obywateli Afganistanu. Sta\u0142o si\u0119 to\u00a0mimo zastosowania wobec nich \u015brodk\u00f3w zabezpieczaj\u0105cych przez Europejski Trybuna\u0142 Praw Cz\u0142owieka, co\u00a0oznacza naruszenie standard\u00f3w prawa mi\u0119dzynarodowego. &#13;\n<\/p>\n<p>&#13;<br \/>\nPolscy funkcjonariusze towarzyszyli deportowanym w\u00a0drodze z\u00a0Krakowa do\u00a0Taszkentu. Tam Afga\u0144czycy zostali wsadzeni na\u00a0pok\u0142ad samolotu linii Kam Air lec\u0105cego do\u00a0Kabulu. Na\u00a0tym etapie nie\u00a0by\u0142o ju\u017c ani polskich stra\u017cnik\u00f3w, ani niezale\u017cnego obserwatora. &#13;\n<\/p>\n<p>Kr\u0105\u017cyli mi\u0119dzy lotniskami<\/p>\n<p>&#13;<br \/>\nWed\u0142ug Instytutu na\u00a0Rzecz Pa\u0144stwa Prawa, kt\u00f3ry monitorowa\u0142 operacj\u0119 do\u00a0Taszkentu, po\u00a0przylocie do\u00a0Kabulu deportowani trafili na\u00a0tygodniowy areszt na\u00a0lotnisku. Nast\u0119pnie zostali cofni\u0119ci do\u00a0Uzbekistanu, sk\u0105d p\u00f3\u017aniej ponownie wys\u0142ano ich do\u00a0Afganistanu. Ostatecznie przynajmniej jeden z\u00a0nich zosta\u0142 wpuszczony do\u00a0kraju. Ta\u00a0historia pokazuje, \u017ce\u00a0po\u00a0zako\u0144czeniu eskorty polskie pa\u0144stwo w\u00a0praktyce traci kontrol\u0119 nad losem deportowanych. A\u00a0to rodzi pytania nie\u00a0tylko o\u00a0legalno\u015b\u0107, ale\u00a0te\u017c o\u00a0realne bezpiecze\u0144stwo tych os\u00f3b. &#13;\n<\/p>\n<p>&#13;<br \/>\nMSWiA deklaruje, \u017ce\u00a0Stra\u017c Graniczna utrzymuje jedynie niezb\u0119dne kontakty techniczne, potrzebne do\u00a0przeprowadzenia powrot\u00f3w. Problem polega na\u00a0tym, \u017ce\u00a0to\u00a0za ma\u0142o, by\u00a0zapewni\u0107 jak\u0105kolwiek ochron\u0119 po\u00a0wyl\u0105dowaniu. Dodatkowe w\u0105tpliwo\u015bci budz\u0105 informacje, \u017ce\u00a0dalszy przebieg operacji mia\u0142 by\u0107 ustalany na\u00a0bie\u017c\u0105co w\u00a0Taszkencie, a\u00a0po stronie lotniska pojawia\u0142y si\u0119 oczekiwania finansowe. Rozm\u00f3wcy DGP ostrzegaj\u0105 te\u017c, \u017ce\u00a0cz\u0119\u015b\u0107 deportowanych mo\u017ce by\u0107 nara\u017cona na\u00a0niebezpiecze\u0144stwo, je\u015bli talibowie uznaj\u0105 ich za\u00a0zwi\u0105zanych z\u00a0poprzednimi w\u0142adzami Afganistanu. &#13;\n<\/p>\n<p>Stra\u017c Graniczna: ka\u017cda sprawa jest indywidualna<\/p>\n<p>&#13;<br \/>\nStra\u017c Graniczna zapewnia, \u017ce\u00a0ka\u017cda decyzja o\u00a0deportacji poprzedzona jest analiz\u0105 sytuacji osobistej i\u00a0prawnej cudzoziemca oraz\u00a0ocen\u0105 warunk\u00f3w w\u00a0kraju pochodzenia. Jednocze\u015bnie przyznaje, \u017ce\u00a0po\u00a0przekazaniu tych os\u00f3b dalej nie\u00a0ma\u00a0informacji o\u00a0ich losie, miejscu pobytu ani dzia\u0142aniach podejmowanych wobec nich przez afga\u0144skie w\u0142adze. &#13;\n<\/p>\n<p>&#13;<br \/>\nPo <a href=\"https:\/\/historia.wprost.pl\/10483576\/talibowie-kim-sa-poczatki-ugrupowania-ktore-opanowalo-afganistan.html\" rel=\"nofollow noopener\" target=\"_blank\">przej\u0119ciu w\u0142adzy przez talib\u00f3w<\/a> w\u00a02021\u00a0r. deportacje do\u00a0Afganistanu zosta\u0142y wstrzymane na\u00a0kilka lat. W\u00a02024\u00a0r. zacz\u0119\u0142y do\u00a0nich wraca\u0107 pa\u0144stwa Europy Zachodniej, w\u00a0tym Niemcy. Rok p\u00f3\u017aniej tak\u017ce Polska usun\u0119\u0142a Afganistan z\u00a0listy pa\u0144stw, do\u00a0kt\u00f3rych nie\u00a0wykonuje si\u0119 deportacji. &#13;\n<\/p>\n<p>&#13;<br \/>\n   Czytaj te\u017c:<br \/><a href=\"https:\/\/www.wprost.pl\/kraj\/12344580\/dane-z-granicy-polsko-bialoruskiej-nie-klamia-migranci-znalezli-nowy-kierunek.html\" rel=\"follow nofollow noopener\" data-schema=\"WPROST\" data-image=\"https:\/\/img.wprost.pl\/_thumb\/3b\/cb\/5abe4b53d294e717dbaf755e6d94.jpeg\" target=\"_blank\">SG gotowa na\u00a0migrant\u00f3w na\u00a0granicy polsko-bia\u0142oruskiej. \u201eCisza nikogo nie\u00a0zwiedzie\u201d<\/a>   Czytaj te\u017c:<br \/><a href=\"https:\/\/www.wprost.pl\/kraj\/12295176\/nielegalni-migranci-na-granicy-z-bialorusia-nowe-dane-mswia.html\" rel=\"follow nofollow noopener\" data-schema=\"WPROST\" data-image=\"https:\/\/img.wprost.pl\/_thumb\/67\/d3\/c7e81813972b54863e79bb9f917f.jpeg\" target=\"_blank\">Co dzieje si\u0119 na\u00a0granicy z\u00a0Bia\u0142orusi\u0105? Sytuacja drastycznie si\u0119 zmieni\u0142a<\/a>&#13;<\/p>\n","protected":false},"excerpt":{"rendered":"&#13; Polska wznowi\u0142a deportacje obywateli Afganistanu, cho\u0107 po\u00a0powrocie do\u00a0kraju mog\u0105 im\u00a0grozi\u0107 powa\u017cne konsekwencje. Jak wynika z\u00a0ustale\u0144 DGP, procedury&hellip;\n","protected":false},"author":2,"featured_media":552778,"comment_status":"","ping_status":"","sticky":false,"template":"","format":"standard","meta":{"footnotes":"","_share_on_mastodon":"0"},"categories":[12],"tags":[1860,381,5422,49,73890,42,38,40,39,41,61647,43315],"class_list":["post-552777","post","type-post","status-publish","format-standard","has-post-thumbnail","category-polska","tag-afganistan","tag-deportacja","tag-etpc","tag-kraj","tag-kryzys-na-granicy","tag-pl","tag-poland","tag-polish","tag-polska","tag-polski","tag-stanislaw-wegrowski","tag-wprost"],"share_on_mastodon":{"url":"https:\/\/pubeurope.com\/@pl\/116911103291631755","error":""},"_links":{"self":[{"href":"https:\/\/www.europesays.com\/pl\/wp-json\/wp\/v2\/posts\/552777","targetHints":{"allow":["GET"]}}],"collection":[{"href":"https:\/\/www.europesays.com\/pl\/wp-json\/wp\/v2\/posts"}],"about":[{"href":"https:\/\/www.europesays.com\/pl\/wp-json\/wp\/v2\/types\/post"}],"author":[{"embeddable":true,"href":"https:\/\/www.europesays.com\/pl\/wp-json\/wp\/v2\/users\/2"}],"replies":[{"embeddable":true,"href":"https:\/\/www.europesays.com\/pl\/wp-json\/wp\/v2\/comments?post=552777"}],"version-history":[{"count":0,"href":"https:\/\/www.europesays.com\/pl\/wp-json\/wp\/v2\/posts\/552777\/revisions"}],"wp:featuredmedia":[{"embeddable":true,"href":"https:\/\/www.europesays.com\/pl\/wp-json\/wp\/v2\/media\/552778"}],"wp:attachment":[{"href":"https:\/\/www.europesays.com\/pl\/wp-json\/wp\/v2\/media?parent=552777"}],"wp:term":[{"taxonomy":"category","embeddable":true,"href":"https:\/\/www.europesays.com\/pl\/wp-json\/wp\/v2\/categories?post=552777"},{"taxonomy":"post_tag","embeddable":true,"href":"https:\/\/www.europesays.com\/pl\/wp-json\/wp\/v2\/tags?post=552777"}],"curies":[{"name":"wp","href":"https:\/\/api.w.org\/{rel}","templated":true}]}}