{"id":55318,"date":"2025-10-18T09:56:10","date_gmt":"2025-10-18T09:56:10","guid":{"rendered":"https:\/\/www.europesays.com\/pl\/55318\/"},"modified":"2025-10-18T09:56:10","modified_gmt":"2025-10-18T09:56:10","slug":"jest-nowa-prognoza-opadow-sniegu-dla-europy-wiemy-jaka-bedzie-zima-w-polsce-mapy","status":"publish","type":"post","link":"https:\/\/www.europesays.com\/pl\/55318\/","title":{"rendered":"Jest nowa prognoza opad\u00f3w \u015bniegu dla Europy. Wiemy, jaka b\u0119dzie zima w Polsce [MAPY]"},"content":{"rendered":"<ul class=\"UnorderedList_container__nmfSl\">\n<li class=\"UnorderedList_listElement__Py7xi\" data-id=\"ai-summary-link\">Du\u017co czytania, a ma\u0142o czasu? Sprawd\u017a\u00a0skr\u00f3t\u00a0artyku\u0142u<\/li>\n<\/ul>\n<p class=\"Paragraph_desktopParagraph__U31Gm\">Od wielu tygodni nad Polsk\u0105 przewa\u017ca bardzo nieprzyjemna odmiana jesieni, z niskimi temperaturami, wiatrem i opadami. <a href=\"https:\/\/wiadomosci.onet.pl\/pogoda\/arktyczne-zimno-uderzy-w-polske-beda-burze-i-deszcz-ze-sniegiem-a-w-nocy-mroz\/kgzk2ne\" id=\"3fb63d22-0612-4f9a-83ef-117183a83f34\" rel=\"nofollow noopener\" target=\"_blank\">Taka w wi\u0119kszo\u015bci kraju b\u0119dzie te\u017c sobota.<\/a> Jest jednak szansa, \u017ce po weekendzie na chwil\u0119 uwolnimy si\u0119 od zimna i temperatura mocno wzro\u015bnie, g\u0142\u00f3wnie na po\u0142udniu kraju. Niew\u0105tpliwie b\u0119d\u0105 to jednak ostatnie tak du\u017ce powiewy ciep\u0142a przed d\u0142ug\u0105 przerw\u0105. Ka\u017cdy kolejny tydzie\u0144 ma bowiem zapisywa\u0107 si\u0119 coraz ch\u0142odniej.<\/p>\n<p class=\"Paragraph_desktopParagraph__U31Gm\">Wed\u0142ug zapowiedzi Europejskiego Centrum Prognoz \u015arednioterminowych (ECMWF), tegoroczna <a href=\"https:\/\/wiadomosci.onet.pl\/zima\" id=\"a0df6d03-860c-499f-8c1c-c5b764318414\" rel=\"nofollow noopener\" target=\"_blank\">zima<\/a> na przewa\u017caj\u0105cym obszarze Starego Kontynentu b\u0119dzie nieco mniej \u015bnie\u017cna ni\u017c zwykle. Z map, kt\u00f3re opublikowa\u0142 portal Severe Weather Europe wynika, \u017ce silniejsze opady \u015bniegu wyst\u0105pi\u0105 w wi\u0119kszo\u015bci Rosji i Skandynawii. W naszym kraju bia\u0142ych puch ogl\u0105da\u0107 mamy rzadziej ni\u017c zwykle. Najwi\u0119ksze anomalie zapowiadane s\u0105 na Pomorzu, gdzie \u015bniegu pojawi si\u0119 dwa razu mniej wzgl\u0119dem normy z poprzednich 30 lat. W g\u0142\u0119bi kraju odchylenia &#8222;na minus&#8221; powinny by\u0107 niewielkie.<\/p>\n<p><img decoding=\"async\" class=\"Image_image__0tuHp\" height=\"623\" width=\"940\" src=\"https:\/\/www.europesays.com\/pl\/wp-content\/uploads\/2025\/10\/STok9kpTURBXy9mYzVjNGM1Njk1YTRlM2MxY2VkMzdkYzhjZTFmMDBlYy5wbmeRlQLNA6wAwsPeAAOhMAGhMQGhM8M.jpeg\" alt=\"W cz\u0119\u015bci Europy to mo\u017ce by\u0107 do\u015b\u0107 \u015bnie\u017cna zima\" loading=\"lazy\" \/>Severe Weather Europe<\/p>\n<p>W cz\u0119\u015bci Europy to mo\u017ce by\u0107 do\u015b\u0107 \u015bnie\u017cna zima<\/p>\n<p class=\"Paragraph_desktopParagraph__U31Gm\">Podobne prognozy przedstawi\u0142a Brytyjska S\u0142u\u017cba Meteorologiczna (model UKMO). Na bardzo bia\u0142\u0105 zim\u0119 mo\u017ce liczy\u0107 du\u017ca cz\u0119\u015b\u0107 Skandynawii i europejskiej cz\u0119\u015bci Rosji, natomiast w innych krajach pojawi\u0105 si\u0119 niedobory pokrywy \u015bnie\u017cnej. Szczeg\u00f3lnie wyra\u017ane b\u0119d\u0105 one w Ukrainie, w Alpach i cz\u0119\u015bciowo na Ba\u0142kanach, gdzie <a href=\"https:\/\/wiadomosci.onet.pl\/snieg\" id=\"8efc6b1a-eddc-4578-b161-9c97b91da4b2\" rel=\"nofollow noopener\" target=\"_blank\">\u015bniegu<\/a> spadnie nawet dwa i trzy razy mniej wzgl\u0119dem \u015bredniej.<\/p>\n<p><img decoding=\"async\" class=\"Image_image__0tuHp\" height=\"623\" width=\"940\" src=\"https:\/\/www.europesays.com\/pl\/wp-content\/uploads\/2025\/10\/uuPk9kpTURBXy85NGQxYjQyYTBjNmVjZDhlZWY5M2I1NTkzNTc2OGYwOS5wbmeRlQLNA6wAwsPeAAOhMAGhMQGhM8M.jpeg\" alt=\"Brytyjski model zapowiada mocno \u015bnie\u017cn\u0105 zim\u0119 na p\u00f3\u0142nocy Europy\" loading=\"lazy\" \/>Severe Weather Europe<\/p>\n<p>Brytyjski model zapowiada mocno \u015bnie\u017cn\u0105 zim\u0119 na p\u00f3\u0142nocy Europy<\/p>\n<p class=\"Paragraph_desktopParagraph__U31Gm\">Co wa\u017cne, w prognozach z aktualizacji na aktualizacj\u0119 wida\u0107 tendencj\u0119 do zwi\u0119kszania ilo\u015bci \u015bniegu. Mo\u017ce to by\u0107 zwi\u0105zane z czynnikami, kt\u00f3re w tym sezonie maj\u0105 sprzyja\u0107 ch\u0142odniejszej ni\u017c zwykle zimie w Europie. <a href=\"https:\/\/wiadomosci.onet.pl\/pogoda\/rozpoczela-sie-la-nina-taka-pogode-przyniesie-jej-zimowe-apogeum\/eq1emtx\" id=\"8fc3ac55-13ab-41d4-a79c-1d23f2c0134c\" rel=\"nofollow noopener\" target=\"_blank\">Mowa tutaj przede wszystkim o rozpoczynaj\u0105cej si\u0119 anomalii La Ni\u00f1a.<\/a> Wed\u0142ug wst\u0119pnych wynik\u00f3w bada\u0144, podwy\u017csza ona prawdopodobie\u0144stwo na mro\u017an\u0105 i \u015bnie\u017cn\u0105 zim\u0119, g\u0142\u00f3wnie jej pierwsz\u0105 po\u0142ow\u0119. <a href=\"https:\/\/wiadomosci.onet.pl\/pogoda\/zima-moze-przyniesc-calkiem-inna-pogode-wszystko-przez-wyjatkowy-wir-polarny\/zx20zzs\" id=\"156521d3-031e-44c8-8b13-c924cabd3e3d\" rel=\"nofollow noopener\" target=\"_blank\">Kluczowy mo\u017ce okaza\u0107 si\u0119 r\u00f3wnie\u017c wir polarny. <\/a>W tym sezonie b\u0119dzie on s\u0142aby, co te\u017c oznacza wi\u0119ksz\u0105 szans\u0119 na cz\u0119stsze okresy z mrozem i \u015bniegiem.<\/p>\n<p class=\"VideoPlayerText_videoPlayerText__iDwyz\">Dalszy ci\u0105g materia\u0142u pod wideo<\/p>\n<p class=\"Paragraph_desktopParagraph__U31Gm\">W por\u00f3wnaniu z aktualizacjami wrze\u015bniowymi, model ECMWF podwy\u017cszy\u0142 sumy opad\u00f3w \u015bniegu dla ca\u0142ej p\u00f3\u0142nocnej Europy, cz\u0119\u015bciowo Alp i wschodniej cz\u0119\u015bci kontynentu, w tym wschodniej Polski. Natomiast na Ba\u0142kanach, Wyspach Brytyjskich, w Niemczech, na zachodzie naszego kraju i Wybrze\u017cu prognoza \u015bniegu nieco si\u0119 pogorszy\u0142a.<\/p>\n<ul class=\"OchatFollowUps_wrapper__1ry7X\">\n<li class=\"OchatFollowUps_item__Dhyly OchatFollowUps_itemDesktop__R6aBv\">Jakie b\u0119d\u0105 opady \u015bniegu w Polsce tej zimy?<\/li>\n<li class=\"OchatFollowUps_item__Dhyly OchatFollowUps_itemDesktop__R6aBv\">Czy b\u0119d\u0105 silne mrozy w Polsce?<\/li>\n<li class=\"OchatFollowUps_item__Dhyly OchatFollowUps_itemDesktop__R6aBv\">Jakie anomalie zapowiadane s\u0105 na Pomorzu?<\/li>\n<li class=\"OchatFollowUps_item__Dhyly OchatFollowUps_itemDesktop__R6aBv\">Co wp\u0142ywa na prognozy zimowe w Europie?<\/li>\n<\/ul>\n<p><img decoding=\"async\" class=\"Image_image__0tuHp\" height=\"623\" width=\"940\" src=\"https:\/\/www.europesays.com\/pl\/wp-content\/uploads\/2025\/10\/FH6k9kpTURBXy9mNjgxMjA1MDM3NjczOWE0YjE4MjFkODMyNjBhY2FhNC5wbmeRlQLNA6wAwsPeAAOhMAGhMQGhM8M.jpeg\" alt=\"Prognozy zwi\u0119kszy\u0142y ilo\u015b\u0107 \u015bniegu wzgl\u0119dem poprzednich aktualizacji\" loading=\"lazy\" \/>Severe Weather Europe<\/p>\n<p>Prognozy zwi\u0119kszy\u0142y ilo\u015b\u0107 \u015bniegu wzgl\u0119dem poprzednich aktualizacji<\/p>\n<p class=\"Paragraph_desktopParagraph__U31Gm\">Natomiast model UKMO, w por\u00f3wnaniu z wrze\u015bniem, mocno zwi\u0119kszy\u0142 prognozy \u015bniegu niemal dla ca\u0142ej Europy, w tym dla ka\u017cdego regionu Polski. Jest du\u017ce prawdopodobie\u0144stwo, \u017ce w kolejnych tygodniach takie tendencje zostan\u0105 utrzymane.<\/p>\n<p><img decoding=\"async\" class=\"Image_image__0tuHp\" height=\"623\" width=\"940\" src=\"https:\/\/www.europesays.com\/pl\/wp-content\/uploads\/2025\/10\/dsGk9kpTURBXy81MmEwOGRlZTZmNzQ4NjZiY2E0ZGExMDZhMWViNDI4Mi5wbmeRlQLNA6wAwsPeAAOhMAGhMQGhM8M.jpeg\" alt=\"R\u00f3wnie\u017c brytyjski model zwi\u0119ksza \u015bnieg na zim\u0119 w Europie\" loading=\"lazy\" \/>Severe Weather Europe<\/p>\n<p>R\u00f3wnie\u017c brytyjski model zwi\u0119ksza \u015bnieg na zim\u0119 w Europie<\/p>\n<p class=\"Paragraph_desktopParagraph__U31Gm\">Przypominamy, \u017ce s\u0105 to dopiero wst\u0119pne prognozy sezonowe, kt\u00f3re w kolejnych aktualizacjach mog\u0105 ulega\u0107 du\u017cym zmianom. Przedstawiaj\u0105 jedynie u\u015bredniony obraz pogody i powinny by\u0107 traktowane jako og\u00f3lny zarys tego, co prawdopodobnie czeka nas w przysz\u0142o\u015bci. Najnowsze zapowiedzi b\u0119dziemy na bie\u017c\u0105co przedstawia\u0107 w Onecie.<\/p>\n","protected":false},"excerpt":{"rendered":"Du\u017co czytania, a ma\u0142o czasu? Sprawd\u017a\u00a0skr\u00f3t\u00a0artyku\u0142u Od wielu tygodni nad Polsk\u0105 przewa\u017ca bardzo nieprzyjemna odmiana jesieni, z niskimi&hellip;\n","protected":false},"author":2,"featured_media":55319,"comment_status":"","ping_status":"","sticky":false,"template":"","format":"standard","meta":{"footnotes":""},"categories":[12],"tags":[32,33,36,37,27,67,34,35,28,31,53,25,52,68,51,55,42,78,38,40,39,41,47,7312,29,30,65,50,26,7441],"class_list":{"0":"post-55318","1":"post","2":"type-post","3":"status-publish","4":"format-standard","5":"has-post-thumbnail","7":"category-polska","8":"tag-breaking-news","9":"tag-breakingnews","10":"tag-featured-news","11":"tag-featurednews","12":"tag-headlines","13":"tag-intextvideo_splayer","14":"tag-latest-news","15":"tag-latestnews","16":"tag-naglowki","17":"tag-najwazniejsze-artykuly","18":"tag-new_header","19":"tag-news","20":"tag-onet3","21":"tag-onet3d","22":"tag-onet3d_2i","23":"tag-phx","24":"tag-pl","25":"tag-pogoda","26":"tag-poland","27":"tag-polish","28":"tag-polska","29":"tag-polski","30":"tag-screening_general","31":"tag-snieg","32":"tag-top-stories","33":"tag-topstories","34":"tag-update_me","35":"tag-v2021","36":"tag-wiadomosci","37":"tag-zima"},"share_on_mastodon":{"url":"","error":""},"_links":{"self":[{"href":"https:\/\/www.europesays.com\/pl\/wp-json\/wp\/v2\/posts\/55318","targetHints":{"allow":["GET"]}}],"collection":[{"href":"https:\/\/www.europesays.com\/pl\/wp-json\/wp\/v2\/posts"}],"about":[{"href":"https:\/\/www.europesays.com\/pl\/wp-json\/wp\/v2\/types\/post"}],"author":[{"embeddable":true,"href":"https:\/\/www.europesays.com\/pl\/wp-json\/wp\/v2\/users\/2"}],"replies":[{"embeddable":true,"href":"https:\/\/www.europesays.com\/pl\/wp-json\/wp\/v2\/comments?post=55318"}],"version-history":[{"count":0,"href":"https:\/\/www.europesays.com\/pl\/wp-json\/wp\/v2\/posts\/55318\/revisions"}],"wp:featuredmedia":[{"embeddable":true,"href":"https:\/\/www.europesays.com\/pl\/wp-json\/wp\/v2\/media\/55319"}],"wp:attachment":[{"href":"https:\/\/www.europesays.com\/pl\/wp-json\/wp\/v2\/media?parent=55318"}],"wp:term":[{"taxonomy":"category","embeddable":true,"href":"https:\/\/www.europesays.com\/pl\/wp-json\/wp\/v2\/categories?post=55318"},{"taxonomy":"post_tag","embeddable":true,"href":"https:\/\/www.europesays.com\/pl\/wp-json\/wp\/v2\/tags?post=55318"}],"curies":[{"name":"wp","href":"https:\/\/api.w.org\/{rel}","templated":true}]}}