{"id":553309,"date":"2026-07-13T11:35:09","date_gmt":"2026-07-13T11:35:09","guid":{"rendered":"https:\/\/www.europesays.com\/pl\/553309\/"},"modified":"2026-07-13T11:35:09","modified_gmt":"2026-07-13T11:35:09","slug":"rosyjska-flota-cieni-pod-ostrzalem-w-tydzien-trafiono-105-statkow","status":"publish","type":"post","link":"https:\/\/www.europesays.com\/pl\/553309\/","title":{"rendered":"Rosyjska flota cieni pod ostrza\u0142em. W tydzie\u0144 trafiono 105 statk\u00f3w"},"content":{"rendered":"<p>To siedem tankowc\u00f3w, pi\u0119\u0107 masowc\u00f3w, jeden prom i dwa holowniki.<\/p>\n<blockquote class=\"ods-o-quote\">\n<p class=\"ods-o-quote__paragraph\">\u2014 Operacja (&#8230;) ma trwa\u0107 do wpisania rosyjskiej floty cieni do Czerwonej Ksi\u0119gi Morza Azowskiego \u2014 doda\u0142 nawi\u0105zuj\u0105c do rejestru statk\u00f3w, kt\u00f3re zaton\u0119\u0142y na tym akwenie w historii.<\/p>\n<\/blockquote>\n<p>Na dow\u00f3d zamie\u015bci\u0142 te\u017c wideo.<\/p>\n<p>Og\u00f3\u0142em od 6 do 13 lipca w regionie ukrai\u0144skie drony-kamikadze trafi\u0142y 105 rosyjskich <a rel=\"nofollow noopener\" href=\"https:\/\/centrumeuropy.pl\/94302619\/ukraincy-trafili-w-rafinerie-w-syzraniu-i-dalej-atakuja-rosyjskie-tankowce-na-morzu-azowskim\" id=\"b8aa2852-8da0-4727-a379-93dc6ffcba80\" target=\"_blank\">jednostek p\u0142ywaj\u0105cych<\/a>.<\/p>\n<p>Ponadto Browdi przekaza\u0142, \u017ce w dniach 12-13 lipca na Krymie i innych okupowanych, po raz drugi w ci\u0105gu 48 godzin jego \u017co\u0142nierze trafili dziewi\u0119\u0107 podstacji energetycznych o r\u00f3\u017cnej mocy oraz strategiczny punkt przesy\u0142u energii elektrycznej mostu energetycznego Kuba\u0144-Krym z Rosji.<\/p>\n<p>Trafili te\u017c r\u00f3wnie\u017c cztery elementy rosyjskiej obrony przeciwlotniczej: wyrzutni\u0119 S-400 Triumf, system obrony przeciwlotniczej Tor oraz dwa kompleksy radarowe.<\/p>\n<p>Podsumowa\u0142, \u017ce tylko w ci\u0105gu ostatnich 24 godzin si\u0142y dronowe Ukrainy dosi\u0119g\u0142y na terytoriach okupowanych i w g\u0142\u0119bi Rosji 1725 cel\u00f3w Rosjan.<\/p>\n<p>centrumeuropy.pl wg East24.info, ukrinform.net<\/p>\n","protected":false},"excerpt":{"rendered":"To siedem tankowc\u00f3w, pi\u0119\u0107 masowc\u00f3w, jeden prom i dwa holowniki. \u2014 Operacja (&#8230;) ma trwa\u0107 do wpisania rosyjskiej&hellip;\n","protected":false},"author":2,"featured_media":553310,"comment_status":"","ping_status":"","sticky":false,"template":"","format":"standard","meta":{"footnotes":"","_share_on_mastodon":"0"},"categories":[14],"tags":[27365,61195,32,33,27,399,34,35,28,31,48,25,46,55,40,41,47,80,29,30,26,82,83,84],"class_list":["post-553309","post","type-post","status-publish","format-standard","has-post-thumbnail","category-swiat","tag-belsatpl","tag-bottomfeed_styl","tag-breaking-news","tag-breakingnews","tag-headlines","tag-informacje","tag-latest-news","tag-latestnews","tag-naglowki","tag-najwazniejsze-artykuly","tag-nat_styl","tag-news","tag-omp","tag-phx","tag-polish","tag-polski","tag-screening_general","tag-swiat","tag-top-stories","tag-topstories","tag-wiadomosci","tag-world","tag-world-news","tag-worldnews"],"share_on_mastodon":{"url":"https:\/\/pubeurope.com\/@pl\/116912463959323030","error":""},"_links":{"self":[{"href":"https:\/\/www.europesays.com\/pl\/wp-json\/wp\/v2\/posts\/553309","targetHints":{"allow":["GET"]}}],"collection":[{"href":"https:\/\/www.europesays.com\/pl\/wp-json\/wp\/v2\/posts"}],"about":[{"href":"https:\/\/www.europesays.com\/pl\/wp-json\/wp\/v2\/types\/post"}],"author":[{"embeddable":true,"href":"https:\/\/www.europesays.com\/pl\/wp-json\/wp\/v2\/users\/2"}],"replies":[{"embeddable":true,"href":"https:\/\/www.europesays.com\/pl\/wp-json\/wp\/v2\/comments?post=553309"}],"version-history":[{"count":0,"href":"https:\/\/www.europesays.com\/pl\/wp-json\/wp\/v2\/posts\/553309\/revisions"}],"wp:featuredmedia":[{"embeddable":true,"href":"https:\/\/www.europesays.com\/pl\/wp-json\/wp\/v2\/media\/553310"}],"wp:attachment":[{"href":"https:\/\/www.europesays.com\/pl\/wp-json\/wp\/v2\/media?parent=553309"}],"wp:term":[{"taxonomy":"category","embeddable":true,"href":"https:\/\/www.europesays.com\/pl\/wp-json\/wp\/v2\/categories?post=553309"},{"taxonomy":"post_tag","embeddable":true,"href":"https:\/\/www.europesays.com\/pl\/wp-json\/wp\/v2\/tags?post=553309"}],"curies":[{"name":"wp","href":"https:\/\/api.w.org\/{rel}","templated":true}]}}