{"id":553384,"date":"2026-07-13T12:21:11","date_gmt":"2026-07-13T12:21:11","guid":{"rendered":"https:\/\/www.europesays.com\/pl\/553384\/"},"modified":"2026-07-13T12:21:11","modified_gmt":"2026-07-13T12:21:11","slug":"amunicja-w-bagazu-na-balicach-szwajcar-tlumaczyl-sie-prezentem","status":"publish","type":"post","link":"https:\/\/www.europesays.com\/pl\/553384\/","title":{"rendered":"Amunicja w baga\u017cu na Balicach. Szwajcar t\u0142umaczy\u0142 si\u0119&#8230; prezentem"},"content":{"rendered":"<p>Do zdarzenia dosz\u0142o w minion\u0105 niedziel\u0119 w Mi\u0119dzynarodowym Porcie Lotniczym Krak\u00f3w-Balice. Funkcjonariusz Plac\u00f3wki Stra\u017cy Granicznej, nadzoruj\u0105cy kontrol\u0119 bezpiecze\u0144stwa prowadzon\u0105 przez pracownik\u00f3w S\u0142u\u017cby Ochrony Lotniska, otrzyma\u0142 informacj\u0119 o wykryciu amunicji w baga\u017cu podr\u0119cznym jednego z pasa\u017cer\u00f3w.<\/p>\n<p>Na miejscu ustalono, \u017ce obywatel Szwajcarii, kt\u00f3ry planowa\u0142 lot do Norwegii, nie posiada\u0142 pozwolenia na bro\u0144 obowi\u0105zuj\u0105cego na terytorium Polski ani europejskiej karty broni. M\u0119\u017cczyzna t\u0142umaczy\u0142 funkcjonariuszom, \u017ce naboje dosta\u0142 w prezencie i ca\u0142kowicie zapomnia\u0142, \u017ce pozostawi\u0142 je w plecaku. Zapewnia\u0142 r\u00f3wnie\u017c, \u017ce nie mia\u0142 zamiaru wnosi\u0107 ich na pok\u0142ad samolotu.<\/p>\n<p>To wyja\u015bnienie nie uchroni\u0142o go jednak przed konsekwencjami. Zgodnie z przepisami sprawa zosta\u0142a zakwalifikowana z art. 263 \u00a7 2 Kodeksu karnego, dotycz\u0105cego nielegalnego posiadania broni lub amunicji. Amunicj\u0119 zabezpieczono, a dalsze czynno\u015bci prowadz\u0105 funkcjonariusze Grupy Operacyjno-\u015aledczej Plac\u00f3wki Stra\u017cy Granicznej Krak\u00f3w-Balice.<\/p>\n<p>Stra\u017c Graniczna przypomina, \u017ce przed podr\u00f3\u017c\u0105 warto dok\u0142adnie sprawdzi\u0107 zawarto\u015b\u0107 baga\u017cu. Pozostawienie amunicji lub innych niebezpiecznych przedmiot\u00f3w mo\u017ce oznacza\u0107 nie tylko koniec podr\u00f3\u017cy, ale r\u00f3wnie\u017c powa\u017cne konsekwencje prawne.<\/p>\n","protected":false},"excerpt":{"rendered":"Do zdarzenia dosz\u0142o w minion\u0105 niedziel\u0119 w Mi\u0119dzynarodowym Porcie Lotniczym Krak\u00f3w-Balice. Funkcjonariusz Plac\u00f3wki Stra\u017cy Granicznej, nadzoruj\u0105cy kontrol\u0119 bezpiecze\u0144stwa&hellip;\n","protected":false},"author":2,"featured_media":553385,"comment_status":"","ping_status":"","sticky":false,"template":"","format":"standard","meta":{"footnotes":"","_share_on_mastodon":"0"},"categories":[51606],"tags":[61195,8889,399,1304,48,46,55,42,38,40,39,41,47],"class_list":["post-553384","post","type-post","status-publish","format-standard","has-post-thumbnail","category-krakow","tag-bottomfeed_styl","tag-glos24","tag-informacje","tag-krakow","tag-nat_styl","tag-omp","tag-phx","tag-pl","tag-poland","tag-polish","tag-polska","tag-polski","tag-screening_general"],"share_on_mastodon":{"url":"https:\/\/pubeurope.com\/@pl\/116912644747253334","error":""},"_links":{"self":[{"href":"https:\/\/www.europesays.com\/pl\/wp-json\/wp\/v2\/posts\/553384","targetHints":{"allow":["GET"]}}],"collection":[{"href":"https:\/\/www.europesays.com\/pl\/wp-json\/wp\/v2\/posts"}],"about":[{"href":"https:\/\/www.europesays.com\/pl\/wp-json\/wp\/v2\/types\/post"}],"author":[{"embeddable":true,"href":"https:\/\/www.europesays.com\/pl\/wp-json\/wp\/v2\/users\/2"}],"replies":[{"embeddable":true,"href":"https:\/\/www.europesays.com\/pl\/wp-json\/wp\/v2\/comments?post=553384"}],"version-history":[{"count":0,"href":"https:\/\/www.europesays.com\/pl\/wp-json\/wp\/v2\/posts\/553384\/revisions"}],"wp:featuredmedia":[{"embeddable":true,"href":"https:\/\/www.europesays.com\/pl\/wp-json\/wp\/v2\/media\/553385"}],"wp:attachment":[{"href":"https:\/\/www.europesays.com\/pl\/wp-json\/wp\/v2\/media?parent=553384"}],"wp:term":[{"taxonomy":"category","embeddable":true,"href":"https:\/\/www.europesays.com\/pl\/wp-json\/wp\/v2\/categories?post=553384"},{"taxonomy":"post_tag","embeddable":true,"href":"https:\/\/www.europesays.com\/pl\/wp-json\/wp\/v2\/tags?post=553384"}],"curies":[{"name":"wp","href":"https:\/\/api.w.org\/{rel}","templated":true}]}}