{"id":553678,"date":"2026-07-13T15:07:15","date_gmt":"2026-07-13T15:07:15","guid":{"rendered":"https:\/\/www.europesays.com\/pl\/553678\/"},"modified":"2026-07-13T15:07:15","modified_gmt":"2026-07-13T15:07:15","slug":"metro-w-krakowie-coraz-blizej-miasto-oglosilo-wlasnie-kolejny-wazny-krok","status":"publish","type":"post","link":"https:\/\/www.europesays.com\/pl\/553678\/","title":{"rendered":"Metro w Krakowie coraz bli\u017cej. Miasto og\u0142osi\u0142o w\u0142a\u015bnie kolejny wa\u017cny krok"},"content":{"rendered":"<p>Jakie dokumenty i analizy s\u0105 przewidziane w post\u0119powaniu przetargowym.<\/p>\n<p>Dlaczego Krak\u00f3w kontynuuje plany budowy metra mimo zmian w\u0142adz.<\/p>\n<p>Kiedy planowany jest start budowy i jak wygl\u0105da harmonogram prac.<\/p>\n<p>Ile krakowskie metro ma kosztowa\u0107 i jakimi \u015brodkami dysponuje miasto.<\/p>\n<p>    <a name=\"eztoc42265630_0_5\" id=\"eztoc42265630_0_5\"\/>Krak\u00f3w nie rezygnuje z metra<\/p>\n<p>Zarz\u0105d Inwestycji Miejskich oraz zesp\u00f3\u0142 Urz\u0119du Miasta<br \/>\n<a href=\"https:\/\/wiadomosci.radiozet.pl\/tag\/kategoria\/krakow\" target=\"_self\" rel=\"dofollow noopener\">Krakowa<\/a>\u00a0informuje, \u017ce\u00a0w ramach uruchomionego post\u0119powania powstan\u0105 m.in. dokumenty, analizy i decyzje, kt\u00f3re pozwol\u0105 przygotowa\u0107 dokumentacj\u0119 potrzebn\u0105 do ostatecznego opracowania projektu budowlanego oraz budowy metra.\u00a0Post\u0119powanie przetargowe obejmuje g\u0142\u00f3wnie przygotowanie studium wykonalno\u015bci, koncepcji technicznej, dokument\u00f3w \u015brodowiskowych, ca\u0142oroczn\u0105 inwentaryzacj\u0119 przyrodnicz\u0105, raport oddzia\u0142ywania na \u015brodowisko, program funkcjonalno-u\u017cytkowy, analizy wp\u0142ywu na budynki i drgania, szczeg\u00f3\u0142owe badania geologiczne.<\/p>\n<p>Jak poinformowa\u0142a dyrektor Departamentu Komunalnego UMK Maria Wojtacha, wyb\u00f3r wykonawcy i podpisanie umowy planowane s\u0105 na pierwszy kwarta\u0142 2027 roku. G\u0142\u00f3wne prace maj\u0105 by\u0107 realizowane w latach 2027-2028, a kolejne etapy b\u0119d\u0105 mog\u0142y zosta\u0107 uruchomione p\u00f3\u017aniej w ramach prawa opcji.<\/p>\n<p>Na konferencji prasowej zabrak\u0142o<br \/>\n<a href=\"https:\/\/wiadomosci.radiozet.pl\/polityka\/stanislaw-kracik-komisarzem-krakowa-donald-tusk-podjal-decyzje-po-referendum\" target=\"_self\" rel=\"dofollow noopener\">pe\u0142ni\u0105cego funkcj\u0119 prezydenta Krakowa Stanis\u0142awa Kracika.<\/a> Pod koniec czerwca oceni\u0142 on, \u017ce budowa metra mog\u0142aby rozpocz\u0105\u0107 si\u0119 realnie dopiero w latach 2040-2045. Z kolei odwo\u0142any prezydent Aleksander Miszalski zak\u0142ada\u0142 start inwestycji oko\u0142o 2030 roku.<\/p>\n<p>\t\t\t\t                                    \t<a name=\"eztoc42265630_0_6\" id=\"eztoc42265630_0_6\"\/>Krak\u00f3w chce budowy metra. To kluczowa inwestycja<\/p>\n<p>Przedstawiciele miasta podkre\u015blaj\u0105, \u017ce metro pozostaje kluczow\u0105 inwestycj\u0105 i nie ma plan\u00f3w rezygnacji z jego budowy mimo zmian w\u0142adz. Zdaniem urz\u0119dnik\u00f3w przygotowanie dokumentacji przedprojektowej jest niezb\u0119dne, aby ubiega\u0107 si\u0119 o finansowanie zewn\u0119trzne, w tym \u015brodki z unijnej perspektywy na lata 2028-2034. W bud\u017cecie miasta zabezpieczono na projektowanie metra 188 mln z\u0142.<\/p>\n<p>R\u00f3wnolegle prowadzone jest post\u0119powanie dotycz\u0105ce bada\u0144 geologicznych, obejmuj\u0105cych wykonanie 150-200 odwiert\u00f3w oraz bada\u0144 hydrogeologicznych i geofizycznych. Miasto liczy na rozstrzygni\u0119cie tego przetargu jeszcze w lipcu, cho\u0107 cz\u0119\u015b\u0107 prac mo\u017ce si\u0119 wyd\u0142u\u017cy\u0107 ze wzgl\u0119du na konieczno\u015b\u0107 uzyskania dost\u0119pu do prywatnych dzia\u0142ek.<\/p>\n<p>Zgodnie z dotychczasowymi planami pierwsza linia metra mia\u0142a zosta\u0107 oddana do u\u017cytku za oko\u0142o 10 lat. Docelowo krakowskie metro ma sk\u0142ada\u0107 si\u0119 z dw\u00f3ch linii o \u0142\u0105cznej d\u0142ugo\u015bci oko\u0142o 29 km, prowadz\u0105cych z Nowej Huty do Opatkowic i Kurdwanowa. Na trasie zaplanowano 29 przystank\u00f3w, a koszt ca\u0142ej inwestycji szacowany jest na 13-15 mld z\u0142.<\/p>\n<p>\u0179r\u00f3d\u0142o: Radio ZET\/PAP<\/p>\n<p>By\u0142e\u015b \u015bwiadkiem czego\u015b niespodziewanego? Masz temat, kt\u00f3rym powinni\u015bmy si\u0119 zaj\u0105\u0107?<\/p>\n<p>Zg\u0142o\u015b spraw\u0119 przez <a href=\"https:\/\/wiadomosci.radiozet.pl\/czerwony-telefon\" target=\"_blank\" title=\"Czerwony telefon Radia Zet\" rel=\"nofollow noopener\">Czerwony telefon Radia ZET<\/a><\/p>\n","protected":false},"excerpt":{"rendered":"Jakie dokumenty i analizy s\u0105 przewidziane w post\u0119powaniu przetargowym. Dlaczego Krak\u00f3w kontynuuje plany budowy metra mimo zmian w\u0142adz.&hellip;\n","protected":false},"author":2,"featured_media":553679,"comment_status":"","ping_status":"","sticky":false,"template":"","format":"standard","meta":{"footnotes":"","_share_on_mastodon":"0"},"categories":[51606],"tags":[1051,1304,11857,42,38,40,39,41,85039],"class_list":["post-553678","post","type-post","status-publish","format-standard","has-post-thumbnail","category-krakow","tag-komunikacja-miejska","tag-krakow","tag-metro","tag-pl","tag-poland","tag-polish","tag-polska","tag-polski","tag-tematy-spoleczne"],"share_on_mastodon":{"url":"https:\/\/pubeurope.com\/@pl\/116913297554820316","error":""},"_links":{"self":[{"href":"https:\/\/www.europesays.com\/pl\/wp-json\/wp\/v2\/posts\/553678","targetHints":{"allow":["GET"]}}],"collection":[{"href":"https:\/\/www.europesays.com\/pl\/wp-json\/wp\/v2\/posts"}],"about":[{"href":"https:\/\/www.europesays.com\/pl\/wp-json\/wp\/v2\/types\/post"}],"author":[{"embeddable":true,"href":"https:\/\/www.europesays.com\/pl\/wp-json\/wp\/v2\/users\/2"}],"replies":[{"embeddable":true,"href":"https:\/\/www.europesays.com\/pl\/wp-json\/wp\/v2\/comments?post=553678"}],"version-history":[{"count":0,"href":"https:\/\/www.europesays.com\/pl\/wp-json\/wp\/v2\/posts\/553678\/revisions"}],"wp:featuredmedia":[{"embeddable":true,"href":"https:\/\/www.europesays.com\/pl\/wp-json\/wp\/v2\/media\/553679"}],"wp:attachment":[{"href":"https:\/\/www.europesays.com\/pl\/wp-json\/wp\/v2\/media?parent=553678"}],"wp:term":[{"taxonomy":"category","embeddable":true,"href":"https:\/\/www.europesays.com\/pl\/wp-json\/wp\/v2\/categories?post=553678"},{"taxonomy":"post_tag","embeddable":true,"href":"https:\/\/www.europesays.com\/pl\/wp-json\/wp\/v2\/tags?post=553678"}],"curies":[{"name":"wp","href":"https:\/\/api.w.org\/{rel}","templated":true}]}}