{"id":554219,"date":"2026-07-13T20:37:14","date_gmt":"2026-07-13T20:37:14","guid":{"rendered":"https:\/\/www.europesays.com\/pl\/554219\/"},"modified":"2026-07-13T20:37:14","modified_gmt":"2026-07-13T20:37:14","slug":"pijany-14-latek-siedzial-na-lawce-pomogl-operator-monitoringu","status":"publish","type":"post","link":"https:\/\/www.europesays.com\/pl\/554219\/","title":{"rendered":"Pijany 14-latek siedzia\u0142 na \u0142awce. Pom\u00f3g\u0142 operator monitoringu"},"content":{"rendered":"<p>            <a href=\"https:\/\/s-trojmiasto.pl\/zdj\/c\/n\/9\/4370\/1024x0\/4370502-Pijany-14-latek-siedzial-na-lawce-w-Oliwie-Pomogl-operator-monitoringu.webp\" target=\"_blank\" data-slide-name=\"850640\" data-lightbox-target=\"photo full\" data-sub-html=\"&lt;h4&gt;Pijany 14-latek siedzia\u0142 na \u0142awce w Oliwie. Pom\u00f3g\u0142 operator monitoringu.&lt;\/h4&gt;&lt;p&gt;fot. SM w Gda\u0144sku &lt;\/p&gt;&#010;\" class=\"photoMarker__link\" data-filter-brightness=\"brightness--100\" rel=\"nofollow noopener\"><\/p>\n<p>    <img decoding=\"async\" style=\"height:562px; aspect-ratio: 1.33333\/1; filter:brightness(1);\" alt=\"Pijany 14-latek siedzia\u0142 na \u0142awce w Oliwie. Pom\u00f3g\u0142 operator monitoringu.\" src=\"https:\/\/www.europesays.com\/pl\/wp-content\/uploads\/2026\/07\/4370502-Pijany-14-latek-siedzial-na-lawce-w-Oliwie-Pomogl-operator-monitoringu.webp\" class=\"photoMarker__img \" data-slider=\"img\" fetchpriority=\"high\"\/><\/p>\n<p>            <\/a><\/p>\n<p class=\"lead\">Siedzia\u0142 na \u0142awce w\u00a0nienaturalnej, mocno pochylonej pozycji z\u00a0opuszczon\u0105 g\u0142ow\u0105. 14-latka &#8211; jak si\u0119 okaza\u0142o &#8211; kompletnie pijanego zauwa\u017cy\u0142 operator monitoringu. Okaza\u0142o si\u0119, \u017ce ch\u0142opiec mia\u0142 promil alkoholu w\u00a0organizmie.<\/p>\n<p>            <a class=\"tableOfContents__link\" href=\"#subtitle_1\">Oko\u0142o promila w\u00a0organizmie 14-latka<\/a><\/p>\n<p>            <a class=\"tableOfContents__link\" href=\"#subtitle_2\">Apel o\u00a0czujno\u015b\u0107 i\u00a0obecno\u015b\u0107 doros\u0142ych<\/a><\/p>\n<p>                                jest bardzo skuteczny<br \/>\n                                10%<\/p>\n<p>                                jest pomocny, ale niewystarczaj\u0105cy<br \/>\n                                20%<\/p>\n<p>                                ma niewielkie znaczenie dla bezpiecze\u0144stwa<br \/>\n                                30%<\/p>\n<p>W pi\u0105tkowy wiecz\u00f3r operator monitoringu miejskiego, obserwuj\u0105cy sytuacj\u0119 na <a data-tklik=\"750450\" href=\"https:\/\/mapa.trojmiasto.pl\/#\/location\/-168.98,54.94\/map\/-168.08,56.98,5,o\" onclick=\"openMap(this.href); return false;\" target=\"_blank\" title=\"zobacz na mapie Gda\u0144ska\" rel=\"nofollow noopener\">Skwerze im. Ireny Jarockiej<img decoding=\"async\" class=\"icon-map\" src=\"https:\/\/www.trojmiasto.pl\/_img\/svg\/ico-map-flat.svg\" alt=\"Mapka\"\/><\/a> w\u00a0Gda\u0144sku Oliwie, zwr\u00f3ci\u0142 uwag\u0119 na ch\u0142opca siedz\u0105cego na \u0142awce. Jego nienaturalna, mocno pochylona postawa sugerowa\u0142a, \u017ce nastolatek mo\u017ce potrzebowa\u0107 natychmiastowej opieki lekarskiej lub znajdowa\u0107 si\u0119 pod wp\u0142ywem alkoholu.<\/p>\n<p>O zdarzeniu natychmiast poinformowano dy\u017curnego policji. Na miejsce pojecha\u0142 patrol z\u00a0pobliskiego komisariatu. Funkcjonariusz potwierdzi\u0142, \u017ce stan nastolatka zagra\u017ca jego bezpiecze\u0144stwu i\u00a0zdrowiu. Ch\u0142opca przewieziono do komisariatu, by zapewni\u0107 mu odpowiedni\u0105 opiek\u0119.<\/p>\n<p>Oko\u0142o promila w\u00a0organizmie 14-latka<\/p>\n<p>Jak dowiadujemy si\u0119 od stra\u017cnik\u00f3w miejskich, policjanci ustalili, \u017ce nieletni ma 14 lat. Badanie alkomatem wykaza\u0142o ok. 1 promila alkoholu w\u00a0wydychanym powietrzu. Na komisariat pilnie wezwano ojca nastolatka, kt\u00f3ry po sporz\u0105dzeniu niezb\u0119dnych dokument\u00f3w przej\u0105\u0142 nad nim opiek\u0119.<\/p>\n<p>W trakcie dzia\u0142a\u0144 wysz\u0142o na jaw, \u017ce nie by\u0142 to pierwszy przypadek, kiedy nastolatek znajdowa\u0142 si\u0119 pod wp\u0142ywem alkoholu. Podobne sytuacje mia\u0142y miejsce ju\u017c wcze\u015bniej. W\u00a0zwi\u0105zku z\u00a0powtarzaj\u0105cymi si\u0119 przejawami demoralizacji policjanci skieruj\u0105 spraw\u0119 do w\u0142a\u015bciwych instytucji, kt\u00f3re podejm\u0105 dzia\u0142ania przewidziane prawem.<\/p>\n<p><a href=\"\" class=\"catalog-info-box\"><\/p>\n<p>Skuteczna terapia uzale\u017cnie\u0144<\/p>\n<p><\/a><\/p>\n<p>Apel o\u00a0czujno\u015b\u0107 i\u00a0obecno\u015b\u0107 doros\u0142ych<\/p>\n<p>Bezpiecze\u0144stwo dzieci i\u00a0m\u0142odzie\u017cy zaczyna si\u0119 od zainteresowania ich codziennym \u017cyciem. Rozmowa, wsparcie i\u00a0obecno\u015b\u0107 doros\u0142ych pomagaj\u0105 m\u0142odym ludziom podejmowa\u0107 w\u0142a\u015bciwe decyzje oraz radzi\u0107 sobie z\u00a0problemami. Nie b\u0105d\u017amy oboj\u0119tni na niepokoj\u0105ce sygna\u0142y &#8211; w\u00a0wielu przypadkach jedna, szybka reakcja mo\u017ce uratowa\u0107 czyje\u015b zdrowie, a\u00a0nawet \u017cycie.<\/p>\n<p>Gdzie szuka\u0107 pomocy?<\/p>\n<p>Je\u015bli dzieje si\u0119 co\u015b z\u0142ego i\u00a0wiesz, \u017ce \u017cycie i\u00a0zdrowie tej osoby jest zagro\u017cone, zadzwo\u0144 pod numer alarmowy <a class=\"findHelp__button\" href=\"https:\/\/www.trojmiasto.pl\/wiadomosci\/tel:112\" rel=\"nofollow noopener\" target=\"_blank\">112<\/a> i\u00a0postaraj si\u0119 przekaza\u0107 s\u0142u\u017cbom lokalizacj\u0119 miejsca, w\u00a0kt\u00f3rym znajduje si\u0119 kto\u015b potrzebuj\u0105cy pomocy. Pami\u0119taj, w\u00a0takich sytuacjach ogromne znaczenie ma czas.<\/p>\n<p>Korzystaj z\u00a0bezp\u0142atnych telefon\u00f3w pomocowych, takich jak m.in.:Bezp\u0142atny kryzysowy telefon zaufania dla doros\u0142ych, czynny 7 dni w\u00a0tygodniu od 14:00 do 22:00Ca\u0142odobowe centrum wsparcia dla os\u00f3b doros\u0142ych w\u00a0kryzysie psychicznymBezp\u0142atny kryzysowy telefon zaufania dla dzieci i\u00a0m\u0142odzie\u017cy, czynny 7 dni w\u00a0tygodniu, 24 godziny na dob\u0119Dzieci\u0119cy Telefon Zaufania Rzecznika Praw Dziecka, czynny 7 dni w\u00a0tygodniu 24 godziny na dob\u0119<a href=\"https:\/\/pomorskiedlaciebie.pl\/czat\/\" target=\"_blank\" rel=\"noopener noreferrer nofollow\">Anonimowy czat<\/a> &#8222;Lepsza Przysz\u0142o\u015b\u0107&#8221;, przy kt\u00f3rym dy\u017curuj\u0105 specjali\u015bci z\u00a0zakresu zdrowia psychicznego (czynny od poniedzia\u0142ku do pi\u0105tku w\u00a0godzinach 10:00 &#8211; 20:00 oraz w\u00a0soboty i\u00a0niedziele w\u00a0godzinach 10:00 &#8211; 18:00)<\/p>\n","protected":false},"excerpt":{"rendered":"Siedzia\u0142 na \u0142awce w\u00a0nienaturalnej, mocno pochylonej pozycji z\u00a0opuszczon\u0105 g\u0142ow\u0105. 14-latka &#8211; jak si\u0119 okaza\u0142o &#8211; kompletnie pijanego zauwa\u017cy\u0142&hellip;\n","protected":false},"author":2,"featured_media":554220,"comment_status":"","ping_status":"","sticky":false,"template":"","format":"standard","meta":{"footnotes":"","_share_on_mastodon":"0"},"categories":[51610],"tags":[906,23736,2227,425,11072,109348,695,1048,1064,15802,109345,109347,35762,5822,16729,4857,51908,3329,36004,31113,42,38,414,40,39,41,7623,383,60855,109346,1063,253],"class_list":["post-554219","post","type-post","status-publish","format-standard","has-post-thumbnail","category-gdansk","tag-alkohol","tag-alkomat","tag-badanie","tag-bezpieczenstwo","tag-czujnosc","tag-demoralizacja","tag-dziecko","tag-gdansk","tag-gdynia","tag-interwencja","tag-irena-jarocka","tag-iv-komisariat-policji","tag-lawka","tag-mlodziez","tag-monitoring","tag-nastolatek","tag-nieletni","tag-ojciec","tag-oliwa","tag-operator","tag-pl","tag-poland","tag-policja","tag-polish","tag-polska","tag-polski","tag-pomoc","tag-prawo","tag-promil","tag-skwer-im-ireny-jarockiej","tag-sopot","tag-zdrowie"],"share_on_mastodon":{"url":"https:\/\/pubeurope.com\/@pl\/116914596156691831","error":""},"_links":{"self":[{"href":"https:\/\/www.europesays.com\/pl\/wp-json\/wp\/v2\/posts\/554219","targetHints":{"allow":["GET"]}}],"collection":[{"href":"https:\/\/www.europesays.com\/pl\/wp-json\/wp\/v2\/posts"}],"about":[{"href":"https:\/\/www.europesays.com\/pl\/wp-json\/wp\/v2\/types\/post"}],"author":[{"embeddable":true,"href":"https:\/\/www.europesays.com\/pl\/wp-json\/wp\/v2\/users\/2"}],"replies":[{"embeddable":true,"href":"https:\/\/www.europesays.com\/pl\/wp-json\/wp\/v2\/comments?post=554219"}],"version-history":[{"count":0,"href":"https:\/\/www.europesays.com\/pl\/wp-json\/wp\/v2\/posts\/554219\/revisions"}],"wp:featuredmedia":[{"embeddable":true,"href":"https:\/\/www.europesays.com\/pl\/wp-json\/wp\/v2\/media\/554220"}],"wp:attachment":[{"href":"https:\/\/www.europesays.com\/pl\/wp-json\/wp\/v2\/media?parent=554219"}],"wp:term":[{"taxonomy":"category","embeddable":true,"href":"https:\/\/www.europesays.com\/pl\/wp-json\/wp\/v2\/categories?post=554219"},{"taxonomy":"post_tag","embeddable":true,"href":"https:\/\/www.europesays.com\/pl\/wp-json\/wp\/v2\/tags?post=554219"}],"curies":[{"name":"wp","href":"https:\/\/api.w.org\/{rel}","templated":true}]}}