{"id":554263,"date":"2026-07-13T21:06:30","date_gmt":"2026-07-13T21:06:30","guid":{"rendered":"https:\/\/www.europesays.com\/pl\/554263\/"},"modified":"2026-07-13T21:06:30","modified_gmt":"2026-07-13T21:06:30","slug":"po-15-latach-odszedl-gwidon-pies-ktory-bral-udzial-w-akcjach-strazackich-wkladal-cale-serce-w-prace-ratownicza","status":"publish","type":"post","link":"https:\/\/www.europesays.com\/pl\/554263\/","title":{"rendered":"Po 15 latach odszed\u0142 Gwidon. Pies, kt\u00f3ry bra\u0142 udzia\u0142 w akcjach stra\u017cackich. &#8222;Wk\u0142ada\u0142 ca\u0142e serce w prac\u0119 ratownicz\u0105&#8221;"},"content":{"rendered":"<p>    Grupa Ratownictwa Specjalistycznego OSP Pozna\u0144 poinformowa\u0142a o odej\u015bciu czworono\u017cnego przyjaciela i wsp\u00f3lnika.<\/p>\n<p>Gwidon \u015bci\u015ble wsp\u00f3\u0142pracowa\u0142 ze stra\u017cakiem Micha\u0142em Kierzkowskim. <\/p>\n<p>&#8211; Gwidon wiele razy odnawia\u0142 uprawnienia do poszukiwa\u0144 terenowych, uczestniczy\u0142 w wielu akcjach poszukiwawczych oraz dzielnie edukowa\u0142 m\u0142odzie\u017c w szko\u0142ach, przedszkolach i na festynach wraz ze swoim przewodnikiem. Wk\u0142ada\u0142 ca\u0142e serce w prac\u0119 ratownicz\u0105 &#8211; poinformowa\u0142a Grupa Ratownictwa Specjalistycznego OSP Pozna\u0144. <\/p>\n<p>Psy coraz cz\u0119\u015bciej pe\u0142ni\u0105 bardzo wa\u017cn\u0105 rol\u0119 w stra\u017cy po\u017carnej i policji. Niejednokrotnie udowodni\u0142y, \u017ce ich w\u0119ch potrafi wytropi\u0107 to, co by\u0142o trudne do odkrycia. Zar\u00f3wno psy policyjne, jak i te nale\u017c\u0105ce do jednostek stra\u017cy po\u017carnej, to niezast\u0105pieni funkcjonariusze o doskona\u0142ym s\u0142uchu i w\u0119chu. Wielokrotnie ratowali ludzkie \u017cycie, znajduj\u0105c rannych w gruzach lub odnajduj\u0105c osoby poszukiwane. <\/p>\n<p><\/p>\n<p style=\"margin-bottom: 6px;\">Autor: <a href=\"https:\/\/epoznan.pl\/newsListAuthor-Paula Zych\" rel=\"nofollow noopener\" target=\"_blank\">Paula Zych<\/a><\/p>\n<p>Dodano: 13 lipca 2026 r. godz. 15:31<\/p>\n","protected":false},"excerpt":{"rendered":"Grupa Ratownictwa Specjalistycznego OSP Pozna\u0144 poinformowa\u0142a o odej\u015bciu czworono\u017cnego przyjaciela i wsp\u00f3lnika. Gwidon \u015bci\u015ble wsp\u00f3\u0142pracowa\u0142 ze stra\u017cakiem Micha\u0142em&hellip;\n","protected":false},"author":2,"featured_media":554264,"comment_status":"","ping_status":"","sticky":false,"template":"","format":"standard","meta":{"footnotes":"","_share_on_mastodon":"0"},"categories":[51609],"tags":[109356,11173,6183,42,38,40,39,41,1817,7891],"class_list":["post-554263","post","type-post","status-publish","format-standard","has-post-thumbnail","category-poznan","tag-gwidon","tag-odejscie","tag-pies","tag-pl","tag-poland","tag-polish","tag-polska","tag-polski","tag-poznan","tag-straz-pozarna"],"share_on_mastodon":{"url":"https:\/\/pubeurope.com\/@pl\/116914709203062903","error":""},"_links":{"self":[{"href":"https:\/\/www.europesays.com\/pl\/wp-json\/wp\/v2\/posts\/554263","targetHints":{"allow":["GET"]}}],"collection":[{"href":"https:\/\/www.europesays.com\/pl\/wp-json\/wp\/v2\/posts"}],"about":[{"href":"https:\/\/www.europesays.com\/pl\/wp-json\/wp\/v2\/types\/post"}],"author":[{"embeddable":true,"href":"https:\/\/www.europesays.com\/pl\/wp-json\/wp\/v2\/users\/2"}],"replies":[{"embeddable":true,"href":"https:\/\/www.europesays.com\/pl\/wp-json\/wp\/v2\/comments?post=554263"}],"version-history":[{"count":0,"href":"https:\/\/www.europesays.com\/pl\/wp-json\/wp\/v2\/posts\/554263\/revisions"}],"wp:featuredmedia":[{"embeddable":true,"href":"https:\/\/www.europesays.com\/pl\/wp-json\/wp\/v2\/media\/554264"}],"wp:attachment":[{"href":"https:\/\/www.europesays.com\/pl\/wp-json\/wp\/v2\/media?parent=554263"}],"wp:term":[{"taxonomy":"category","embeddable":true,"href":"https:\/\/www.europesays.com\/pl\/wp-json\/wp\/v2\/categories?post=554263"},{"taxonomy":"post_tag","embeddable":true,"href":"https:\/\/www.europesays.com\/pl\/wp-json\/wp\/v2\/tags?post=554263"}],"curies":[{"name":"wp","href":"https:\/\/api.w.org\/{rel}","templated":true}]}}