{"id":554551,"date":"2026-07-14T00:39:15","date_gmt":"2026-07-14T00:39:15","guid":{"rendered":"https:\/\/www.europesays.com\/pl\/554551\/"},"modified":"2026-07-14T00:39:15","modified_gmt":"2026-07-14T00:39:15","slug":"szpital-wypowiedzial-umowy-8-lekarzom-co-dalej-z-poradnia-reumatologiczna","status":"publish","type":"post","link":"https:\/\/www.europesays.com\/pl\/554551\/","title":{"rendered":"Szpital wypowiedzia\u0142 umowy 8 lekarzom. Co dalej z poradni\u0105 reumatologiczn\u0105?"},"content":{"rendered":"<p>            <a href=\"https:\/\/s-trojmiasto.pl\/zdj\/c\/n\/9\/4370\/1920x0\/4370451.webp\" target=\"_blank\" data-slide-name=\"850616\" data-lightbox-target=\"photo full\" data-sub-html=\"&lt;h4&gt;&lt;\/h4&gt;&lt;p&gt;fot. \u0141ukasz Unterschuetz\/Trojmiasto.pl&lt;\/p&gt;&#010;\" class=\"photoMarker__link\" data-filter-brightness=\"brightness--100\" rel=\"nofollow noopener\"><\/p>\n<p>    <img decoding=\"async\" style=\"height:498px; aspect-ratio: 1.50352\/1; filter:brightness(1);\" alt=\"\" src=\"https:\/\/www.europesays.com\/pl\/wp-content\/uploads\/2026\/07\/4370451.webp\" class=\"photoMarker__img \" data-slider=\"img\" fetchpriority=\"high\"\/><\/p>\n<p>            <\/a><\/p>\n<p class=\"lead\">Reumatolog Bartosz Fia\u0142ek oraz siedmioro innych lekarzy otrzymali wypowiedzenia um\u00f3w w\u00a0Poradni Reumatologicznej Pomorskiego Centrum Reumatologicznego w\u00a0Sopocie. Szpital zapewnia, \u017ce plac\u00f3wka b\u0119dzie dzia\u0142a\u0107 dalej, a\u00a0krok wynika\u0142 ze zmian organizacyjnych.<\/p>\n<p>&#8222;Dostali\u015bmy wypowiedzenia z\u00a0poradni, kt\u00f3r\u0105 wsp\u00f3lnie zbudowali\u015bmy od podstaw&#8221;<\/p>\n<p>                                raz by\u0142em na konsultacji<br \/>\n                                8%<\/p>\n<p>                                nie, ale czekam na wizyt\u0119<br \/>\n                                3%<\/p>\n<p>                                nie, ale chc\u0119 si\u0119 um\u00f3wi\u0107<br \/>\n                                5%<\/p>\n<p>                                nie, zupe\u0142nie o tym nie my\u015bla\u0142em<br \/>\n                                49%<\/p>\n<p>W weekend za pomoc\u0105 medi\u00f3w spo\u0142eczno\u015bciowych Bartosz Fia\u0142ek poinformowa\u0142, \u017ce otrzyma\u0142 wypowiedzenie umowy na realizacj\u0119 \u015bwiadcze\u0144 zdrowotnych z\u00a0zakresu reumatologii w\u00a0<a href=\"https:\/\/www.trojmiasto.pl\/Pomorskie-Centrum-Reumatologiczne-o16434.html\" data-tklik=\"75905\" rel=\"nofollow noopener\" target=\"_blank\">Pomorskim Centrum Reumatologicznym<\/a> w\u00a0Sopocie.<\/p>\n<p>&#8211; Razem z\u00a08 lekarzami dostali\u015bmy wypowiedzenia z\u00a0poradni, kt\u00f3r\u0105 wsp\u00f3lnie zbudowali\u015bmy od podstaw. W\u00a02025 roku poradnia reumatologiczna dla doros\u0142ych w\u00a0Sopocie sta\u0142a si\u0119 najwi\u0119ksz\u0105 w\u00a0Polsce! Zbudowali\u015bmy j\u0105 z\u00a0niczego. W\u00a0samym 2025 roku przyj\u0105\u0142em ponad 3,6 tys. pacjent\u00f3w. Pracowa\u0142em tylko w\u00a0jednym publicznym miejscu &#8211; bez &#8222;biegania&#8221; po kilku szpitalach i\u00a0bez pracy po kilkaset godzin miesi\u0119cznie &#8211; przekaza\u0142 Bartosz Fia\u0142ek. <br \/>Umowa zostanie rozwi\u0105zana z\u00a0dniem 31 lipca.<\/p>\n<p>&#8211; Wypowiedzenie nast\u0119puje z\u00a0wa\u017cnych powod\u00f3w wynikaj\u0105cych m.in. z\u00a0braku p\u0142ynno\u015bci spowodowanej op\u00f3\u017anieniami w\u00a0p\u0142atno\u015bciach za \u015bwiadczenia z\u00a0NFZ oraz planowanymi zmianami systemowymi w\u00a0zakresie rozlicze\u0144 z\u00a0NFZ &#8211; czytamy w\u00a0opublikowanym przez lekarza pi\u015bmie. <br \/><a href=\"https:\/\/www.trojmiasto.pl\/zdrowie\/sor\/\" class=\"sorNews component\" data-tklik=\"sor222639\" rel=\"nofollow noopener\" target=\"_blank\"><\/p>\n<p>    Aktualne kolejki na SOR. Sprawd\u017a ile si\u0119 czeka w Tr\u00f3jmie\u015bcie<\/p>\n<p>\n    UCK 13 oczekuj\u0105cych\n<\/p>\n<p>\n    Zaspa 32 oczekuj\u0105cych\n<\/p>\n<p>    WI\u0118CEJ<br \/>\n<\/a><\/p>\n<p>            <a href=\"https:\/\/s-trojmiasto.pl\/zdj\/c\/n\/9\/4370\/1231x0\/4370450__c_0_0_1231_1034.webp\" target=\"_blank\" data-slide-name=\"850615\" data-lightbox-target=\"photo full\" data-sub-html=\"&lt;h4&gt;&lt;\/h4&gt;&lt;p&gt;fot. FB\/Bartosz Fia\u0142ek&lt;\/p&gt;&#010;\" class=\"photoMarker__link\" data-filter-brightness=\"brightness--100\" rel=\"nofollow noopener\"><\/p>\n<p>    <img decoding=\"async\" style=\"height:629px; aspect-ratio: 1.19052\/1; filter:brightness(1);\" alt=\"\" src=\"https:\/\/www.europesays.com\/pl\/wp-content\/uploads\/2026\/07\/4370450__c_0_0_1231_1034.webp\" class=\"photoMarker__img lazy\" data-slider=\"img\"\/><\/p>\n<p>            <\/a><\/p>\n<p>Szpital: chodzi o\u00a0zmiany organizacyjne<\/p>\n<p>O zmiany, jakie dotykaj\u0105 Poradni\u0119 Reumatologiczn\u0105, zapytali\u015bmy kierownictwo szpitala, kt\u00f3re potwierdzi\u0142o wypowiadanie um\u00f3w. Jednocze\u015bnie plac\u00f3wka zaznacza, \u017ce specjali\u015bci otrzymali inne propozycje. <\/p>\n<p>&#8211; Pomorskie Centrum Reumatologiczne im. dr Jadwigi Titz &#8211; Kosko w\u00a0Sopocie Sp\u00f3\u0142ka z\u00a0o.o. rzeczywi\u015bcie wypowiedzia\u0142o umowy o\u00a0\u015bwiadczenie us\u0142ug zawarte z\u00a08 lekarzami \u015bwiadcz\u0105cymi us\u0142ugi medyczne w\u00a0poradni reumatologicznej PCR. Wskazuj\u0119 jednocze\u015bnie, i\u017c wskazanym lekarzom zaproponowano <a href=\"https:\/\/katalog.trojmiasto.pl\/zatrudnienie\" class=\"parse-link\" title=\"Zatrudnienie to proces nawi\u0105zywania stosunku pracy pomi\u0119dzy pracodawc\u0105 a pracownikiem. Obejmuje podpisanie umowy, okre\u015blenie warunk\u00f3w pracy oraz wynagrodzenia. Stabilne zatrudnienie zapewnia bezpiecze\u0144stwo finansowe, rozw\u00f3j zawodowy i satysfakcj\u0119 z wykonywanych obowi\u0105zk\u00f3w. Sprawd\u017a, jak znale\u017a\u0107 najlepsze oferty pracy\" rel=\"nofollow noopener\" target=\"_blank\">zatrudnienie<\/a> na podstawie um\u00f3w o\u00a0prac\u0119 &#8211; przekaza\u0142a Kinga Kozicka, prezes zarz\u0105du Sp\u00f3\u0142ki Pomorskie Centrum Reumatologiczne im. dr Jadwigi Titz &#8211; Kosko w\u00a0Sopocie. &#8211; Sp\u00f3\u0142ka z\u00a0o.o. wskazuje, i\u017c wypowiedzenie um\u00f3w o\u00a0\u015bwiadczenie us\u0142ug z\u00a0lekarzami \u015bwiadcz\u0105cymi us\u0142ugi medyczne w\u00a0poradni reumatologicznej PCR zwi\u0105zane jest z\u00a0kwestiami organizacyjnymi, powodem w\u00a0\u017cadnym wypadku nie by\u0142 brak p\u0142ynno\u015bci finansowej Sp\u00f3\u0142ki.<br \/><a href=\"https:\/\/www.trojmiasto.pl\/zdrowie\/Skad-niechec-do-lekarzy-Grozby-smierci-zglosilem-do-prokuratury-n195902.html\" data-tklik=\"867886\" class=\"marker-news component newsMarker\" rel=\"nofollow noopener\" target=\"_blank\"><br \/>\n            <img decoding=\"async\" src=\"https:\/\/www.europesays.com\/pl\/wp-content\/uploads\/2026\/07\/3881618__kr.webp\" alt=\"Sk\u0105d niech\u0119\u0107 do lekarzy? \" gro=\"\" zg=\"\" do=\"\" prokuratury=\"\" class=\"lazy newsMarker__img\"\/><br \/>\n        Sk\u0105d niech\u0119\u0107 do lekarzy? &#8222;Gro\u017aby \u015bmierci zg\u0142osi\u0142em do prokuratury&#8221;<br \/>\n<\/a><\/p>\n<p><\/p>\n<p>Co dalej z\u00a0poradni\u0105 reumatologiczn\u0105?<\/p>\n<p>W\u0142adze szpitala podkre\u015blaj\u0105, \u017ce poradnia reumatologiczna b\u0119dzie nadal funkcjonowa\u0107.<\/p>\n<p>&#8211; Og\u0142oszony ju\u017c zosta\u0142 konkurs na \u015bwiadczenie us\u0142ug medycznych dotycz\u0105cych poradni reumatologicznej, kt\u00f3ry powinien zosta\u0107 rozstrzygni\u0119ty w\u00a0czasie trwania okresu wypowiedzenia um\u00f3w, o\u00a0kt\u00f3rych jest mowa w\u00a0pkt 1. Wed\u0142ug wiedzy Sp\u00f3\u0142ki zosta\u0142y z\u0142o\u017cone ju\u017c pierwsze oferty &#8211; doda\u0142a Kinga Kozicka. <\/p>\n<p>                                    <a data-tklik=\"682435\" href=\"https:\/\/katalog.trojmiasto.pl\/zdrowie_i_medycyna\/reumatolodzy\/\" rel=\"nofollow noopener\" target=\"_blank\"><br \/>\n                                                    Katalog.trojmiasto.pl \u2013<br \/>\n                                                                    Reumatolodzy<br \/>\n                                                                    <\/a><\/p>\n<p>                <a data-tklik=\"682435\" href=\"https:\/\/katalog.trojmiasto.pl\/zdrowie_i_medycyna\/reumatolodzy\/\" rel=\"nofollow noopener\" target=\"_blank\"><br \/>\n                    wi\u0119cej<\/p>\n<p>                <\/a><\/p>\n","protected":false},"excerpt":{"rendered":"Reumatolog Bartosz Fia\u0142ek oraz siedmioro innych lekarzy otrzymali wypowiedzenia um\u00f3w w\u00a0Poradni Reumatologicznej Pomorskiego Centrum Reumatologicznego w\u00a0Sopocie. Szpital zapewnia,&hellip;\n","protected":false},"author":2,"featured_media":554552,"comment_status":"","ping_status":"","sticky":false,"template":"","format":"standard","meta":{"footnotes":"","_share_on_mastodon":"0"},"categories":[51610],"tags":[109425,1048,84660,109426,5329,10780,229,22794,42,30188,61833,38,40,39,41,84662,59573,109429,1756,2849,109427,109428,1063,3278,5602,95,68987,3806,5977,109430],"class_list":["post-554551","post","type-post","status-publish","format-standard","has-post-thumbnail","category-gdansk","tag-bartosz-fialek","tag-gdansk","tag-jadwiga-titz-kosko","tag-kinga-kozicka","tag-konkurs","tag-lekarz","tag-nfz","tag-pacjent","tag-pl","tag-placowka","tag-plynnosc","tag-poland","tag-polish","tag-polska","tag-polski","tag-pomorskie-centrum-reumatologiczne","tag-poradnia","tag-poradnia-reumatologiczna","tag-praca","tag-prezes","tag-reumatolog","tag-reumatologia","tag-sopot","tag-swiadczenie","tag-szpital","tag-umowa","tag-wypowiedzenie","tag-zarzad","tag-zmiana","tag-zmiana-organizacyjna"],"share_on_mastodon":{"url":"","error":""},"_links":{"self":[{"href":"https:\/\/www.europesays.com\/pl\/wp-json\/wp\/v2\/posts\/554551","targetHints":{"allow":["GET"]}}],"collection":[{"href":"https:\/\/www.europesays.com\/pl\/wp-json\/wp\/v2\/posts"}],"about":[{"href":"https:\/\/www.europesays.com\/pl\/wp-json\/wp\/v2\/types\/post"}],"author":[{"embeddable":true,"href":"https:\/\/www.europesays.com\/pl\/wp-json\/wp\/v2\/users\/2"}],"replies":[{"embeddable":true,"href":"https:\/\/www.europesays.com\/pl\/wp-json\/wp\/v2\/comments?post=554551"}],"version-history":[{"count":0,"href":"https:\/\/www.europesays.com\/pl\/wp-json\/wp\/v2\/posts\/554551\/revisions"}],"wp:featuredmedia":[{"embeddable":true,"href":"https:\/\/www.europesays.com\/pl\/wp-json\/wp\/v2\/media\/554552"}],"wp:attachment":[{"href":"https:\/\/www.europesays.com\/pl\/wp-json\/wp\/v2\/media?parent=554551"}],"wp:term":[{"taxonomy":"category","embeddable":true,"href":"https:\/\/www.europesays.com\/pl\/wp-json\/wp\/v2\/categories?post=554551"},{"taxonomy":"post_tag","embeddable":true,"href":"https:\/\/www.europesays.com\/pl\/wp-json\/wp\/v2\/tags?post=554551"}],"curies":[{"name":"wp","href":"https:\/\/api.w.org\/{rel}","templated":true}]}}