{"id":554670,"date":"2026-07-14T02:11:46","date_gmt":"2026-07-14T02:11:46","guid":{"rendered":"https:\/\/www.europesays.com\/pl\/554670\/"},"modified":"2026-07-14T02:11:46","modified_gmt":"2026-07-14T02:11:46","slug":"polska-klasa-srednia-wraca-do-korzeni-odkrywa-kuchnie-regionalna","status":"publish","type":"post","link":"https:\/\/www.europesays.com\/pl\/554670\/","title":{"rendered":"Polska klasa \u015brednia wraca do korzeni. Odkrywa kuchni\u0119 regionaln\u0105"},"content":{"rendered":"<p>\n        Ale z czasem klasa \u015brednia ju\u017c si\u0119 dorobi\u0142a, mo\u017ce troch\u0119 zwolni\u0107, poza tym jest zm\u0119czona, niekiedy wypalona, ma potrzeb\u0119 zajrzenia w siebie. Okrzep\u0142a i troch\u0119 przesta\u0142a zadziera\u0107 nosa, r\u00f3wnie\u017c kulinarnie. Do tego odkry\u0142a, \u017ce wyprawa na <a href=\"https:\/\/www.newsweek.pl\/kuchnia\/pascal-brodnicki-o-polskiej-kuchni-jej-sila-tkwi-nie-tylko-w-tradycyjnej-formie\/268gh2s\" id=\"3d8a8f1a-9752-4faa-8d2b-2c0923ebc140\" rel=\"nofollow noopener\" target=\"_blank\">Podlasie<\/a>, Lubelszczyzn\u0119 czy na Kaszuby mo\u017ce by\u0107 niemniej egzotyczna ni\u017c do Toskanii, Hanoi czy na Kret\u0119. Polska kuchnia regionalna kryje wiele tajemnic. I o tym piszemy w najnowszym wydaniu &#8222;Newsweek Food &amp; Living&#8221;. <\/p>\n","protected":false},"excerpt":{"rendered":"Ale z czasem klasa \u015brednia ju\u017c si\u0119 dorobi\u0142a, mo\u017ce troch\u0119 zwolni\u0107, poza tym jest zm\u0119czona, niekiedy wypalona, ma&hellip;\n","protected":false},"author":2,"featured_media":554671,"comment_status":"","ping_status":"","sticky":false,"template":"","format":"standard","meta":{"footnotes":"","_share_on_mastodon":"0"},"categories":[12],"tags":[109438,42,5083,38,40,39,67589,41],"class_list":["post-554670","post","type-post","status-publish","format-standard","has-post-thumbnail","category-polska","tag-kaszanka","tag-pl","tag-podlasie","tag-poland","tag-polish","tag-polska","tag-polska-kuchnia","tag-polski"],"share_on_mastodon":{"url":"https:\/\/pubeurope.com\/@pl\/116915908709826325","error":""},"_links":{"self":[{"href":"https:\/\/www.europesays.com\/pl\/wp-json\/wp\/v2\/posts\/554670","targetHints":{"allow":["GET"]}}],"collection":[{"href":"https:\/\/www.europesays.com\/pl\/wp-json\/wp\/v2\/posts"}],"about":[{"href":"https:\/\/www.europesays.com\/pl\/wp-json\/wp\/v2\/types\/post"}],"author":[{"embeddable":true,"href":"https:\/\/www.europesays.com\/pl\/wp-json\/wp\/v2\/users\/2"}],"replies":[{"embeddable":true,"href":"https:\/\/www.europesays.com\/pl\/wp-json\/wp\/v2\/comments?post=554670"}],"version-history":[{"count":0,"href":"https:\/\/www.europesays.com\/pl\/wp-json\/wp\/v2\/posts\/554670\/revisions"}],"wp:featuredmedia":[{"embeddable":true,"href":"https:\/\/www.europesays.com\/pl\/wp-json\/wp\/v2\/media\/554671"}],"wp:attachment":[{"href":"https:\/\/www.europesays.com\/pl\/wp-json\/wp\/v2\/media?parent=554670"}],"wp:term":[{"taxonomy":"category","embeddable":true,"href":"https:\/\/www.europesays.com\/pl\/wp-json\/wp\/v2\/categories?post=554670"},{"taxonomy":"post_tag","embeddable":true,"href":"https:\/\/www.europesays.com\/pl\/wp-json\/wp\/v2\/tags?post=554670"}],"curies":[{"name":"wp","href":"https:\/\/api.w.org\/{rel}","templated":true}]}}