{"id":554986,"date":"2026-07-14T06:05:14","date_gmt":"2026-07-14T06:05:14","guid":{"rendered":"https:\/\/www.europesays.com\/pl\/554986\/"},"modified":"2026-07-14T06:05:14","modified_gmt":"2026-07-14T06:05:14","slug":"apple-przeskakuje-generacje-ten-chip-ma-zawstydzic-intela-i-amd","status":"publish","type":"post","link":"https:\/\/www.europesays.com\/pl\/554986\/","title":{"rendered":"Apple przeskakuje generacj\u0119. Ten chip ma zawstydzi\u0107 Intela i AMD"},"content":{"rendered":"<p>Apple ma dokona\u0107 podobno najwi\u0119kszej zmiany w historii swoich procesor\u00f3w dla laptop\u00f3w oraz mini PC. Firma planuje wypu\u015bci\u0107 podstawowy uk\u0142ad M6, ale zrezygnowa\u0107 z odmian Pro, Max i Ultra. Ich miejsce zajmie nast\u0119pna generacja, czyli rodzina M7, projektowana przede wszystkim z my\u015bl\u0105 o lokalnej sztucznej inteligencji.<\/p>\n<p>    Dalsza cz\u0119\u015b\u0107 tekstu pod wideo<\/p>\n<p>\n                                Dodatkowo to mo\u017ce by\u0107 pierwsze CPU od Apple z fabryk Intela\n            <\/p>\n<p>Jak donosi agencja Bloomerg, Apple M6 zobaczymy jeszcze w tym roku w 14-calowym MacBooku Pro. Uk\u0142ad ma otrzyma\u0107 przebudowane rdzenie CPU, wydajniejszy Neural Engine oraz zintegrowan\u0105 grafik\u0119 z 12 rdzeniami. To wzrost o 20% wzgl\u0119dem 10-rdzeniowego iGPU zastosowanego w M5. Przepustowo\u015b\u0107 pami\u0119ci ma natomiast wzrosn\u0105\u0107 ze 153 do oko\u0142o 200 GB\/s.<\/p>\n<p>        <img loading=\"lazy\" decoding=\"async\" src=\"https:\/\/www.europesays.com\/pl\/wp-content\/uploads\/2026\/07\/1783982890_917_B32963402.414688363;dc_trk_aid=607216972;dc_trk_cid=228291445;ord=[timestamp];dc_lat=;dc_rdid=;tag_f.gif\" attributionsrc=\"\" border=\"0\" height=\"1\" width=\"1\" alt=\"Advertisement\"\/><\/p>\n<p>Podstawowy wariant Apple M7 ma zadebiutowa\u0107 w pierwszej po\u0142owie 2027 roku i oferowa\u0107 oko\u0142o 240 GB\/s przepustowo\u015bci pami\u0119ci. Wersje M7 Pro i M7 Max spodziewane s\u0105 pod koniec 2027 roku, natomiast M7 Ultra ma pojawi\u0107 si\u0119 w 2028 roku, prawdopodobnie wraz z nowym\u00a0Mac Studio.<\/p>\n<p>Najmocniejszy wariant M7 mo\u017ce obs\u0142ugiwa\u0107 nawet 1,5 TB pami\u0119ci zunifikowanej. By\u0142aby to warto\u015b\u0107 dwukrotnie wy\u017csza od 768 GB, kt\u00f3re Apple testuje obecnie w uk\u0142adzie M5 Ultra. Wprowadzenie konfiguracji z tak ogromn\u0105 ilo\u015bci\u0105 pami\u0119ci nie jest jednak jeszcze przes\u0105dzone. Wszystko b\u0119dzie zale\u017ce\u0107 od jej dost\u0119pno\u015bci oraz cen w 2028 roku.<\/p>\n<p>Dodatkowo M7 mo\u017ce by\u0107 r\u00f3wnie\u017c pierwszym procesorem Apple Silicon produkowanym cz\u0119\u015bciowo przez Intela. Analityk Ming-Chi Kuo informowa\u0142 wcze\u015bniej, \u017ce Apple mo\u017ce rozpocz\u0105\u0107 wytwarzanie podstawowych uk\u0142ad\u00f3w z serii M w technologii Intel 18A-P w drugiej po\u0142owie 2027 roku.<\/p>\n","protected":false},"excerpt":{"rendered":"Apple ma dokona\u0107 podobno najwi\u0119kszej zmiany w historii swoich procesor\u00f3w dla laptop\u00f3w oraz mini PC. Firma planuje wypu\u015bci\u0107&hellip;\n","protected":false},"author":2,"featured_media":554987,"comment_status":"","ping_status":"","sticky":false,"template":"","format":"standard","meta":{"footnotes":"","_share_on_mastodon":"0"},"categories":[20],"tags":[776,489,109533,109532,4171,4811,11147,120,118,119,42,38,40,39,41,116,114,115,629,777,121,117],"class_list":["post-554986","post","type-post","status-publish","format-standard","has-post-thumbnail","category-nauka-i-technika","tag-ai","tag-apple","tag-apple-m6","tag-apple-m7","tag-arm","tag-intel","tag-intel-18a","tag-nauka","tag-nauka-i-technika","tag-naukatechnika","tag-pl","tag-poland","tag-polish","tag-polska","tag-polski","tag-science","tag-science-and-technology","tag-sciencetechnology","tag-sprzet","tag-sztuczna-inteligencja","tag-technika","tag-technology"],"share_on_mastodon":{"url":"https:\/\/pubeurope.com\/@pl\/116916829271799818","error":""},"_links":{"self":[{"href":"https:\/\/www.europesays.com\/pl\/wp-json\/wp\/v2\/posts\/554986","targetHints":{"allow":["GET"]}}],"collection":[{"href":"https:\/\/www.europesays.com\/pl\/wp-json\/wp\/v2\/posts"}],"about":[{"href":"https:\/\/www.europesays.com\/pl\/wp-json\/wp\/v2\/types\/post"}],"author":[{"embeddable":true,"href":"https:\/\/www.europesays.com\/pl\/wp-json\/wp\/v2\/users\/2"}],"replies":[{"embeddable":true,"href":"https:\/\/www.europesays.com\/pl\/wp-json\/wp\/v2\/comments?post=554986"}],"version-history":[{"count":0,"href":"https:\/\/www.europesays.com\/pl\/wp-json\/wp\/v2\/posts\/554986\/revisions"}],"wp:featuredmedia":[{"embeddable":true,"href":"https:\/\/www.europesays.com\/pl\/wp-json\/wp\/v2\/media\/554987"}],"wp:attachment":[{"href":"https:\/\/www.europesays.com\/pl\/wp-json\/wp\/v2\/media?parent=554986"}],"wp:term":[{"taxonomy":"category","embeddable":true,"href":"https:\/\/www.europesays.com\/pl\/wp-json\/wp\/v2\/categories?post=554986"},{"taxonomy":"post_tag","embeddable":true,"href":"https:\/\/www.europesays.com\/pl\/wp-json\/wp\/v2\/tags?post=554986"}],"curies":[{"name":"wp","href":"https:\/\/api.w.org\/{rel}","templated":true}]}}