{"id":555036,"date":"2026-07-14T06:39:10","date_gmt":"2026-07-14T06:39:10","guid":{"rendered":"https:\/\/www.europesays.com\/pl\/555036\/"},"modified":"2026-07-14T06:39:10","modified_gmt":"2026-07-14T06:39:10","slug":"szefowa-men-zapowiada-ominiecie-weta-prezydenta-nawrockiego","status":"publish","type":"post","link":"https:\/\/www.europesays.com\/pl\/555036\/","title":{"rendered":"Szefowa MEN zapowiada omini\u0119cie weta prezydenta Nawrockiego"},"content":{"rendered":"<p>            &#13;<br \/>\n&#13;<\/p>\n<p>Wypowied\u017a szefowej resortu edukacji w Radiu Gda\u0144sk to odpowied\u017a na decyzj\u0119 prezydenta Karola Nawrockiego, kt\u00f3ry na pocz\u0105tku lipca zawetowa\u0142 ustaw\u0119 o prawach i obowi\u0105zkach ucznia. Przepisy te mia\u0142y skatalogowa\u0107 prawa uczni\u00f3w i powo\u0142a\u0107 system rzecznik\u00f3w ich ochrony. Barbara Nowacka zapowiedzia\u0142a, \u017ce resort nie z\u0142o\u017cy nowego projektu, a zamiast tego wdro\u017cy administracyjny \u201eplan B\u201d przed 1 wrze\u015bnia.<\/p>\n<p>&#13;<\/p>\n<p>Nie b\u0119d\u0119 kolejnej ustawy sk\u0142ada\u0107, no bo wida\u0107, \u017ce tam nikt u pana prezydenta nie czyta, nie rozumie, wi\u0119c przygotujemy to w taki spos\u00f3b, \u017ceby to by\u0142o skuteczne i \u017ceby rzecznicy realnie funkcjonowali. (&#8230;) My\u015bl\u0119, \u017ce do 1 wrze\u015bnia wyrobimy si\u0119 z ca\u0142ymi procedurami \u2013 zapowiada Nowacka.<\/p>\n<p class=\"font-weight-bold color-light pb-1\">Pom\u00f3\u017c w rozwoju naszego portalu<\/p>\n<p><a href=\"https:\/\/www.niedziela.pl\/wsparcie\" class=\"btn btn-light\" data-clicksmap=\"site:artykul - RedBtnWsparcieArticle - \/wsparcie\" rel=\"nofollow noopener\" target=\"_blank\">&#13;<br \/>\n         &#13;<br \/>\n     &#13;<br \/>\n         &#13;<br \/>\n         &#13;<br \/>\n     &#13;<br \/>\n     Wspieram<\/a>&#13;\n        <\/p>\n<p>    &#13;<\/p>\n<p>Minister edukacji odnios\u0142a si\u0119 r\u00f3wnie\u017c do kwestii nowego przedmiotu \u2013 edukacji zdrowotnej, kt\u00f3ry wejdzie do szk\u00f3\u0142 od 1 wrze\u015bnia. Nowacka potwierdzi\u0142a, \u017ce lekcje obejmuj\u0105ce m.in. medycyn\u0119 prewencyjn\u0105, zdrowe od\u017cywianie i higien\u0119 cyfrow\u0105 b\u0119d\u0105 obligatoryjne, jednak z programu obowi\u0105zkowego wy\u0142\u0105czono zdrowie seksualne. Szefowa resortu przyzna\u0142a, \u017ce by\u0142a to odpowied\u017a na postulaty nauczycieli.<\/p>\n<p>&#13;<\/p>\n<p>Jako polityczka i cz\u0142owiek o przekonaniach lewicowych, tak chcia\u0142abym, \u017ceby zdrowie seksualne by\u0142o elementem obowi\u0105zkowym. Ale z drugiej strony mam te\u017c odpowiedzialno\u015b\u0107 za to, jak wygl\u0105da funkcjonowanie szk\u00f3\u0142 i na jakie konflikty byliby nara\u017ceni nauczyciele wok\u00f3\u0142 tego jednego komponentu. (\u2026) Nauczyciele m\u00f3wili: to jest bardzo potrzebny przedmiot, ale my nie potrzebujemy awantur \u2013 powiedzia\u0142a.<\/p>\n<p>&#13;<br \/>\nPrzy okazji, Barbara Nowacka zaatakowa\u0142a r\u00f3wnie\u017c po raz kolejny Ko\u015bci\u00f3\u0142.&#13;<\/p>\n<p>Nowacka odnios\u0142a si\u0119 tak\u017ce do s\u0142\u00f3w biskupa pomocniczego archidiecezji gda\u0144skiej Wies\u0142awa Szlachetki. Podczas sobotniej Mszy \u015bw. inauguruj\u0105cej 35. Pielgrzymk\u0119 Rodziny Radia Maryja na Jasn\u0105 G\u00f3r\u0119 hierarcha stwierdzi\u0142, \u017ce w ka\u017cdej diecezji jest \u00bbokno \u017cycia\u00ab, nie trzeba ucieka\u0107 si\u0119 do procedur in vitro nazywanych k\u0142amliwie leczeniem bezp\u0142odno\u015bci, a rodzice mog\u0105 wybiera\u0107 naprotechnologi\u0119.<\/p>\n<p>&#13;<br \/>\n&#13;<br \/>\n&#13;<\/p>\n<p>&#8211; Biskupi si\u0119 niczego nie ucz\u0105, wchodz\u0105 w sp\u00f3r \u015bwiatopogl\u0105dowy, ideologiczny przeciwko swoim wiernym. (&#8230;) R\u00f3\u017cne rzeczy mo\u017cna robi\u0107, tylko in vitro jest skuteczne. W czasach rz\u0105d\u00f3w PiS mieli\u015bmy ten eksperyment naprotechnologiczny. W pierwszych latach pokazywano dane, kt\u00f3re by\u0142y bardzo s\u0142abe, dotycz\u0105ce skuteczno\u015bci, w kolejnych przestano je pokazywa\u0107 \u2013 powiedzia\u0142a.<\/p>\n<p>                        &#13;<br \/>\n            &#13;<br \/>\n            &#13;<br \/>\n         Karolina Jadczyk<\/p>\n<p class=\"pt-main\"><a href=\"https:\/\/www.niedziela.pl\/tagi\" class=\"label-color\" data-clicksmap=\"site:artykul - artyku\u0142 tagi - \/tagi\" rel=\"nofollow noopener\" target=\"_blank\">[ TEMATY ]<\/a><\/p>\n<p class=\"m-0 p-0 pt-quarter\" style=\"line-height:1.1\"><a href=\"https:\/\/www.niedziela.pl\/tag\/66\/swiety\" class=\"color-blue2\" data-clicksmap=\"site:artykul - artyku\u0142 tag\u015bwi\u0119ty - \/tag\/66\/swiety\" rel=\"nofollow noopener\" target=\"_blank\">\u015bwi\u0119ty<\/a><\/p>\n<p class=\"text-right color-gray2 small\">&#13;<br \/>\n            &#13;<br \/>\n            &#13;<br \/>\n            &#13;<br \/>\n            &#13;<br \/>\n            &#13;<br \/>\n            &#13;<br \/>\n            &#13;<br \/>\n            &#13;<br \/>\n         wikipedia.org<\/p>\n<p class=\"text-right color-gray2 border-solid-top\">Benedykt ze swoim nauczycielem Andrzejem \u015awieradem<\/p>\n<p>                            <img loading=\"lazy\" decoding=\"async\" class=\"img-fluid\" width=\"624\" height=\"400\" style=\"height: auto; width: 100%;\" src=\"https:\/\/www.europesays.com\/pl\/wp-content\/uploads\/2026\/07\/1689178845.jpg\" alt=\"Benedykt ze swoim nauczycielem Andrzejem \u015awieradem\"\/>             <\/p>\n<p class=\"article-lead font-weight-bold text-center mx-main mb-main\">W\u015br\u00f3d \u015bwi\u0119tych, kt\u00f3rych w lipcu przypomina Ko\u015bci\u00f3\u0142, s\u0105 dwaj przyjaciele \u2013 \u015bwi\u0119ci pustelnicy Andrzej \u015awierad i Benedykt. Ich wspomnienie przypada 13 lipca. Cho\u0107 \u017cyli w czasach, kiedy na ziemiach polskich chrze\u015bcija\u0144stwo dopiero si\u0119 kszta\u0142towa\u0142o i byli jednymi z pierwszych Polak\u00f3w wyniesionych do chwa\u0142y o\u0142tarzy (1083\u00a0r.), ich \u017cycie mo\u017ce stanowi\u0107 dla nas, \u017cyj\u0105cych na pocz\u0105tku trzeciego tysi\u0105clecia, drogowskaz na drodze do \u015bwi\u0119to\u015bci. Swoje \u017cycie zwi\u0105zali z benedyktynami.<\/p>\n<p>                 \u015aw. Andrzej \u015awierad urodzi\u0142 si\u0119 w rodzinie rolniczej najprawdopodobniej w Ma\u0142opolsce. Wzrasta\u0142 w \u015brodowisku od dawna chrze\u015bcija\u0144skim. Przez wiele lat \u017cy\u0142 w pustelni pod ska\u0142\u0105 w Tropiu niedaleko Czchowa. Miejsce to znane jest dzi\u015b jako Brama S\u0105decczyzny. Jan D\u0142ugosz zapisa\u0142, \u017ce tu \u201ewyr\u00f3\u017cnia\u0142 si\u0119 przyk\u0142adnym \u017cyciem i obyczajami\u201d\u2013 jak podaje strona internetowa sanktuarium \u015awi\u0119tych Pustelnik\u00f3w w Tropiu, gdzie ich kult jest wci\u0105\u017c \u017cywy. \u015aw. Andrzej w ostatnich latach X wieku wst\u0105pi\u0142 do benedyktyn\u00f3w \u2013 klasztoru \u015bw. Hipolita na g\u00f3rze Zobor k. Nitry. To w\u0142a\u015bnie tam przyj\u0105\u0142 imi\u0119 Andrzej. Po uko\u0144czeniu 40 lat m\u00f3g\u0142 powr\u00f3ci\u0107 do \u017cycia pustelniczego, kt\u00f3re wpisane jest r\u00f3wnie\u017c w duchowo\u015b\u0107 benedykty\u0144sk\u0105, do samotno\u015bci, stwarzaj\u0105cej miejsce do g\u0142\u0119bszego spotkania z Bogiem. Towarzyszy\u0142 mu zmieniaj\u0105cy si\u0119 co kilka lat ucze\u0144. Ca\u0142ym swoim \u017cyciem d\u0105\u017cy\u0142 do wy\u0142\u0105cznej przynale\u017cno\u015bci do Boga. Jako \u017ce jednym ze sposob\u00f3w s\u0142u\u017cby Bo\u017cej benedyktyn\u00f3w jest praca, kt\u00f3ra jest \u017ar\u00f3d\u0142em utrzymania klasztoru, oraz przybli\u017ca do Boga i drugiego cz\u0142owieka, \u015bw. Andrzej r\u00f3wnie\u017c oddawa\u0142 si\u0119 ci\u0119\u017ckiej pracy \u2013 zajmowa\u0142 si\u0119 karczowaniem lasu. Cho\u0107 wymaga\u0142o to od niego wiele trudu, nie zaniedbywa\u0142 pokutnych praktyk. Noc po\u015bwi\u0119ca\u0142 na modlitw\u0119. Trzy razy w tygodniu po\u015bci\u0142 (w poniedzia\u0142ki, \u015brody i pi\u0105tki), a podczas Wielkiego Postu \u2013 za wyj\u0105tkiem sob\u00f3t i niedziel \u2013 jego dziennym pokarmem by\u0142 jeden orzech w\u0142oski. Spo\u015br\u00f3d innych umartwie\u0144 cia\u0142a (\u017cy\u0142 przecie\u017c w \u015bredniowieczu, kt\u00f3re cia\u0142o traktowa\u0142o jako \u017ar\u00f3d\u0142o wszelkiego z\u0142a) wymieni\u0107 jeszcze tu trzeba, \u017ce Andrzej opasa\u0142 si\u0119 mosi\u0119\u017cnym \u0142a\u0144cuchem, kt\u00f3ry \u2013 jak m\u00f3wi\u0105 podania o jego \u017cyciu \u2013 z czasem obr\u00f3s\u0142 sk\u00f3r\u0105. W to miejsce wda\u0142o si\u0119 zaka\u017cenie, co by\u0142o przyczyn\u0105 jego \u015bmierci ok. 1030\u00a0r. Zas\u0142yn\u0105\u0142 jako aposto\u0142 i patron nawracaj\u0105cych si\u0119 grzesznik\u00f3w.\n            <\/p>\n<p>            <a href=\"https:\/\/www.niedziela.pl\/artykul\/1866\/Swieci-Andrzej-Swierad-i-Benedykt\" class=\"selected-for-you\" data-clicksmap=\"site:artykul - Czytaj dalej 2 - https:\/\/www.niedziela.pl\/artykul\/1866\/Swieci-Andrzej-Swierad-i-Benedykt\" rel=\"nofollow noopener\" target=\"_blank\"><\/p>\n<p>\n                        CZYTAJ DALEJ\n                    <\/p>\n<p><\/a>    <\/p>\n","protected":false},"excerpt":{"rendered":"&#13; &#13; Wypowied\u017a szefowej resortu edukacji w Radiu Gda\u0144sk to odpowied\u017a na decyzj\u0119 prezydenta Karola Nawrockiego, kt\u00f3ry na&hellip;\n","protected":false},"author":2,"featured_media":555037,"comment_status":"","ping_status":"","sticky":false,"template":"","format":"standard","meta":{"footnotes":"","_share_on_mastodon":"0"},"categories":[62712],"tags":[11309,690,3750,9378],"class_list":["post-555036","post","type-post","status-publish","format-standard","has-post-thumbnail","category-karol-nawrocki","tag-barbara-nowacka","tag-karol-nawrocki","tag-niedziela","tag-tygodnik-katolicki"],"share_on_mastodon":{"url":"","error":""},"_links":{"self":[{"href":"https:\/\/www.europesays.com\/pl\/wp-json\/wp\/v2\/posts\/555036","targetHints":{"allow":["GET"]}}],"collection":[{"href":"https:\/\/www.europesays.com\/pl\/wp-json\/wp\/v2\/posts"}],"about":[{"href":"https:\/\/www.europesays.com\/pl\/wp-json\/wp\/v2\/types\/post"}],"author":[{"embeddable":true,"href":"https:\/\/www.europesays.com\/pl\/wp-json\/wp\/v2\/users\/2"}],"replies":[{"embeddable":true,"href":"https:\/\/www.europesays.com\/pl\/wp-json\/wp\/v2\/comments?post=555036"}],"version-history":[{"count":0,"href":"https:\/\/www.europesays.com\/pl\/wp-json\/wp\/v2\/posts\/555036\/revisions"}],"wp:featuredmedia":[{"embeddable":true,"href":"https:\/\/www.europesays.com\/pl\/wp-json\/wp\/v2\/media\/555037"}],"wp:attachment":[{"href":"https:\/\/www.europesays.com\/pl\/wp-json\/wp\/v2\/media?parent=555036"}],"wp:term":[{"taxonomy":"category","embeddable":true,"href":"https:\/\/www.europesays.com\/pl\/wp-json\/wp\/v2\/categories?post=555036"},{"taxonomy":"post_tag","embeddable":true,"href":"https:\/\/www.europesays.com\/pl\/wp-json\/wp\/v2\/tags?post=555036"}],"curies":[{"name":"wp","href":"https:\/\/api.w.org\/{rel}","templated":true}]}}