{"id":555046,"date":"2026-07-14T06:50:09","date_gmt":"2026-07-14T06:50:09","guid":{"rendered":"https:\/\/www.europesays.com\/pl\/555046\/"},"modified":"2026-07-14T06:50:09","modified_gmt":"2026-07-14T06:50:09","slug":"botaniczna-piatka-bieg-w-ogrodzie-botanicznym-umcs-2026-aktualnosci-lublin-2","status":"publish","type":"post","link":"https:\/\/www.europesays.com\/pl\/555046\/","title":{"rendered":"Botaniczna Pi\u0105tka &#8211; bieg w Ogrodzie Botanicznym UMCS &#8211; 2026 &#8211; Aktualno\u015bci &#8211; Lublin"},"content":{"rendered":"<p>To ju\u017c drugie spotkanie z Botaniczn\u0105 Pi\u0105tk\u0105 w 2026 roku w Ogrodzie Botanicznym UMCS w Lublinie! Zapraszamy 18 lipca (tj. sobota) o godz. 10.00 do udzia\u0142u w letniej edycji wydarzenia\u00a0oraz \u015bwi\u0119towania 10. urodzin Botanicznej Pi\u0105tki!<\/p>\n<p>Podczas nadchodz\u0105cej edycji do rywalizacji zapraszamy tak\u017ce najm\u0142odszych, dla kt\u00f3rych organizator przygotowa\u0142 cztery kr\u00f3tsze dystanse:<\/p>\n<p>150 metr\u00f3w &#8211; rocznik 2021 i m\u0142odsze,<br \/>\n300 metr\u00f3w &#8211; roczniki 2018-2020,<br \/>\n500 metr\u00f3w &#8211; roczniki 2015-2017,<br \/>\n1000 metr\u00f3w &#8211; roczniki 2012-2014<\/p>\n<p>Formularz zg\u0142oszeniowy, regulamin oraz szczeg\u00f3\u0142owe informacje znajduj\u0105 si\u0119 na stronie organizatora: <a href=\"http:\/\/www.botaniczna5.pl\" rel=\"nofollow noopener\" target=\"_blank\">www.botaniczna5.pl<\/a><\/p>\n","protected":false},"excerpt":{"rendered":"To ju\u017c drugie spotkanie z Botaniczn\u0105 Pi\u0105tk\u0105 w 2026 roku w Ogrodzie Botanicznym UMCS w Lublinie! Zapraszamy 18&hellip;\n","protected":false},"author":2,"featured_media":555047,"comment_status":"","ping_status":"","sticky":false,"template":"","format":"standard","meta":{"footnotes":"","_share_on_mastodon":"0"},"categories":[51612],"tags":[65394,11255,68646,109543,68648,81000,59453,78940,109539,97164,1081,56159,109545,109547,68647,57915,53888,109544,42,61799,38,40,39,41,109546,14802,1849,109541,56161,55036,109542,109540,68427],"class_list":["post-555046","post","type-post","status-publish","format-standard","has-post-thumbnail","category-lublin","tag-65394","tag-11255","tag-botaniczna","tag-botanicznej","tag-botanicznym","tag-drugie","tag-edycji","tag-godz","tag-letniej","tag-lipca","tag-lublin","tag-lublinie","tag-nadchodzacej","tag-najmlodszych","tag-ogrodzie","tag-organizator","tag-piatka","tag-piatki","tag-pl","tag-podczas","tag-poland","tag-polish","tag-polska","tag-polski","tag-rywalizacji","tag-sobota","tag-spotkanie","tag-swietowania","tag-udzialu","tag-umcs","tag-urodzin","tag-wydarzenia-oraz","tag-zapraszamy"],"share_on_mastodon":{"url":"https:\/\/pubeurope.com\/@pl\/116917005532644555","error":""},"_links":{"self":[{"href":"https:\/\/www.europesays.com\/pl\/wp-json\/wp\/v2\/posts\/555046","targetHints":{"allow":["GET"]}}],"collection":[{"href":"https:\/\/www.europesays.com\/pl\/wp-json\/wp\/v2\/posts"}],"about":[{"href":"https:\/\/www.europesays.com\/pl\/wp-json\/wp\/v2\/types\/post"}],"author":[{"embeddable":true,"href":"https:\/\/www.europesays.com\/pl\/wp-json\/wp\/v2\/users\/2"}],"replies":[{"embeddable":true,"href":"https:\/\/www.europesays.com\/pl\/wp-json\/wp\/v2\/comments?post=555046"}],"version-history":[{"count":0,"href":"https:\/\/www.europesays.com\/pl\/wp-json\/wp\/v2\/posts\/555046\/revisions"}],"wp:featuredmedia":[{"embeddable":true,"href":"https:\/\/www.europesays.com\/pl\/wp-json\/wp\/v2\/media\/555047"}],"wp:attachment":[{"href":"https:\/\/www.europesays.com\/pl\/wp-json\/wp\/v2\/media?parent=555046"}],"wp:term":[{"taxonomy":"category","embeddable":true,"href":"https:\/\/www.europesays.com\/pl\/wp-json\/wp\/v2\/categories?post=555046"},{"taxonomy":"post_tag","embeddable":true,"href":"https:\/\/www.europesays.com\/pl\/wp-json\/wp\/v2\/tags?post=555046"}],"curies":[{"name":"wp","href":"https:\/\/api.w.org\/{rel}","templated":true}]}}