{"id":555378,"date":"2026-07-14T10:12:15","date_gmt":"2026-07-14T10:12:15","guid":{"rendered":"https:\/\/www.europesays.com\/pl\/555378\/"},"modified":"2026-07-14T10:12:15","modified_gmt":"2026-07-14T10:12:15","slug":"love-is-blind-polska-gwiazdy-programu-na-jednej-imprezie-takiego-skladu-nikt-sie-nie-spodziewal","status":"publish","type":"post","link":"https:\/\/www.europesays.com\/pl\/555378\/","title":{"rendered":"&#8222;Love is Blind: Polska&#8221;. Gwiazdy programu na jednej imprezie. Takiego sk\u0142adu nikt si\u0119 nie spodziewa\u0142"},"content":{"rendered":"<p itemprop=\"description\">Cho\u0107 od zako\u0144czenia pierwszej edycji \u201eLove is Blind: Polska\u201d min\u0119\u0142o ju\u017c troch\u0119 czasu, uczestnicy programu wci\u0105\u017c wzbudzaj\u0105 zainteresowanie fan\u00f3w. Tym razem uwag\u0119 przyku\u0142o zaskakuj\u0105ce spotkanie kilku gwiazd show podczas wydarzenia. Takiego sk\u0142adu ma\u0142o kto si\u0119 spodziewa\u0142.<\/p>\n<p>    <img decoding=\"async\" src=\"https:\/\/www.europesays.com\/pl\/wp-content\/uploads\/2026\/07\/najpierw-wielki-rozlam-a-teraz-takie-wiesci-szokujace-spotkanie-gwiazd-love-is-blind-polska.jpg\" data-action=\"load-&gt;publisher-image-placeholder#load error-&gt;publisher-image-placeholder#error\" data-publisher-image-placeholder-target=\"image\" width=\"1200\" height=\"800\" alt=\"Najpierw wielki roz\u0142am, a teraz takie wie\u015bci. Szokuj\u0105ce spotkanie gwiazd &quot;Love is Blind: Polska&quot;\" class=\"publisher-image__img\" fetchpriority=\"high\" loading=\"eager\"\/><\/p>\n<p class=\"copyright\">Fot. Netflix \/ dariarybak89 \/ Instagram<\/p>\n<p>Pierwsza polska edycja &#8222;Love is Blind: Polska&#8221; przynios\u0142a widzom wiele emocji. Niekt\u00f3rzy uczestnicy zdecydowali si\u0119 powiedzie\u0107 &#8222;tak&#8221; przy o\u0142tarzu. Do tego grona nale\u017celi m.in. Marta i Damian. Z czasem okaza\u0142o si\u0119 jednak, \u017ce niekt\u00f3re zwi\u0105zki nie przetrwa\u0142y pr\u00f3by czasu. Relacje kole\u017ce\u0144skie mi\u0119dzy uczestnikami tak\u017ce dobieg\u0142y ko\u0144ca. Teraz poruszenie wywo\u0142a\u0142y najnowsze publikacje, kt\u00f3re sugeruj\u0105, \u017ce po g\u0142o\u015bnym roz\u0142amie dosz\u0142o do zaskakuj\u0105cego spotkania gwiazd programu prowadzonego przez Zofi\u0119 Zborowsk\u0105 i Andrzeja Wron\u0119.<\/p>\n<p>            <img decoding=\"async\" alt=\"player placeholder\" class=\"player-graybox\" src=\"data:image\/png;base64,iVBORw0KGgoAAAANSUhEUgAAAoAAAAFoCAIAAABIUN0GAAAACXBIWXMAAA7EAAAOxAGVKw4bAAAEf0lEQVR42u3VMQEAIADDsIJ\/jdOCC65EQp+ebQEAf10JAMCAAcCAAQADBgADBgAMGAAMGAAwYAAwYADAgAHAgAHAgAEAAwYAAwYADBgADBgAMGAAMGAAwIABwIABwIABAAMGAAMGAAwYAAwYADBgADBgAMCAAcCAAcCAAQADBgADBgAMGAAMGAAwYAAwYADAgAHAgAHAgAEAAwYAAwYADBgADBgAMGAAMGAAwIABwIABwIABAAMGAAMGAAwYAAwYADBgADBgAMCAAcCAAcCAAQADBgADBgAMGAAMGAAwYAAwYADAgAHAgAHAgAEAAwYAAwYADBgADBgAMGAAMGAAwIABwIABwIABAAMGAAMGAAwYAAwYADBgADBgAMCAAcCAAcCAAQADBgADBgAMGAAMGAAwYAAwYADAgAHAgAEAAwYAAwYAAwYADBgADBgAMGAAMGAAwIABwIABAAMGAAMGAAMGAAwYAAwYADBgADBgAMCAAcCAAQADBgADBgADBgAMGAAMGAAwYAAwYADAgAHAgAEAAwYAAwYAAwYADBgADBgAMGAAMGAAwIABwIABAAMGAAMGAAMGAAwYAAwYADBgADBgAMCAAcCAAQADBgADBgADBgAMGAAMGAAwYAAwYADAgAHAgAEAAwYAAwYAAwYADBgADBgAMGAAMGAAwIABwIABAAMGAAMGAAMGAAwYAAwYADBgADBgAMCAAcCAAQADBgADBgADBgAMGAAMGAAwYAAwYADAgAHAgAEAAwYAAwYADBgADBgADBgAMGAAMGAAwIABwIABAAMGAAMGAAwYAAwYAAwYADBgADBgAMCAAcCAAQADBgADBgAMGAAMGAAMGAAwYAAwYADAgAHAgAEAAwYAAwYADBgADBgADBgAMGAAMGAAwIABwIABAAMGAAMGAAwYAAwYAAwYADBgADBgAMCAAcCAAQADBgADBgAMGAAMGAAMGAAwYAAwYADAgAHAgAEAAwYAAwYADBgADBgADBgAMGAAMGAAwIABwIABAAMGAAMGAAwYAAwYAAwYADBgADBgAMCAAcCAAQADBgADBgAMGAAMGAAMGAAwYAAwYADAgAHAgAEAAwYAAwYADBgADBgADFgCADBgADBgAMCAAcCAAQADBgADBgAMGAAMGAAwYAAwYAAwYADAgAHAgAEAAwYAAwYADBgADBgAMGAAMGAAMGAAwIABwIABAAMGAAMGAAwYAAwYADBgADBgADBgAMCAAcCAAQADBgADBgAMGAAMGAAwYAAwYAAwYADAgAHAgAEAAwYAAwYADBgADBgAMGAAMGAAMGAAwIABwIABAAMGAAMGAAwYAAwYADBgADBgADBgAMCAAcCAAQADBgADBgAMGAAMGAAwYAAwYAAwYADAgAHAgAEAAwYAAwYADBgADBgAMGAAMGAAMGAAwIABwIABAAMGAAMGAAwYAAwYADBgADBgADBgAMCAAcCAAQADBgADBgAMGAAMGAAwYAAwYADAgAHAgAHAgAEAAwYAAwYADBgADBgAMGAAMGAAoOoBvh0FaqwwF9kAAAAASUVORK5CYII=\"\/><\/p>\n<p>Julita i Daria z &#8222;Love is Blind: Polska&#8221; na jednej imprezie. Maj\u0105 kontakt?<\/p>\n<p>13 lipca odby\u0142 si\u0119 event znanej marki odzie\u017cowo-obuwniczej, kt\u00f3ry przyci\u0105gn\u0105\u0142 t\u0142um gwiazd i influencer\u00f3w. W\u015br\u00f3d zaproszonych go\u015bci nie mog\u0142o zabrakn\u0105\u0107 tak\u017ce uczestniczek pierwszej edycji &#8222;Love is Blind: Polska&#8221;. Na wydarzeniu pojawi\u0142y si\u0119 Daria, Julita, Marta i Malika, kt\u00f3re ch\u0119tnie pozowa\u0142y fotoreporterom i zachwyci\u0142y stylizacjami. Co ciekawe, Daria, Julita i Malika postawi\u0142y na t\u0119 sam\u0105 r\u00f3\u017cow\u0105 sukienk\u0119, udowadniaj\u0105c, \u017ce maj\u0105 podobny gust. To jednak nie wyb\u00f3r kreacji wzbudzi\u0142 najwi\u0119ksze emocje. Dla wielu fan\u00f3w prawdziwym zaskoczeniem okaza\u0142 si\u0119 sam sk\u0142ad uczestniczek spotkania. Jeszcze niedawno Daria i Julita uchodzi\u0142y za nieroz\u0142\u0105czne przyjaci\u00f3\u0142ki, jednak ich relacja oficjalnie dobieg\u0142a ko\u0144ca i dzi\u015b nie utrzymuj\u0105 ju\u017c kontaktu. W\u0142a\u015bnie dlatego ich obecno\u015b\u0107 na tym samym wydarzeniu wywo\u0142a\u0142a spore poruszenie w\u015br\u00f3d internaut\u00f3w.<\/p>\n<p>Daria z &#8222;Love is Blind: Polska&#8221; wprost o relacji z Julit\u0105. Zaskakuj\u0105ce s\u0142owa<\/p>\n<p>W mediach hucza\u0142o o <a href=\"https:\/\/party.pl\/tv-show\/wielki-rozlam-po-love-is-blind-polska-daria-niespodziewanie-zabrala-glos\/\" rel=\"nofollow noopener\" target=\"_blank\">wielkim roz\u0142amie w &#8222;Love is Blind: Polska&#8221;<\/a>. W jednym z wywiad\u00f3w Daria otworzy\u0142a si\u0119 na temat relacji z Julit\u0105.\u00a0Uczestniczka pierwszej edycji &#8222;Love is Blind: Polska&#8221; w rozmowie z Pudelkiem przyzna\u0142a, \u017ce ich przyja\u017a\u0144 nie przetrwa\u0142a pr\u00f3by czasu i obecnie nie utrzymuj\u0105 ju\u017c bliskiego kontaktu. Daria wspomnia\u0142a tak\u017ce o innych uczestnikach.<\/p>\n<p>Utrzymujemy (kontakt &#8211; przyp.red.), my\u015bl\u0119, \u017ce Filip bardziej, ale jak najbardziej mamy kontakty z lud\u017ami z programu, spotykamy si\u0119 czasem, na jakich\u015b grillach nad Wis\u0142\u0105\u00a0 &#8211; opowiedzia\u0142a gwiazda formatu.<\/p>\n<p>Daria opowiedzia\u0142a o powodzie rozpadu przyja\u017ani r\u00f3wnie\u017c podczas odcinka Reunion.<\/p>\n<p>Jestem osob\u0105, kt\u00f3ra jest bardzo otwarta ze swoimi emocjami, chc\u0119 wszystko przegadywa\u0107, a czasami tutaj pr\u00f3bowa\u0142am si\u0119 przebi\u0107, nie umia\u0142am, nie potrafi\u0142am do ko\u0144ca czego\u015b wyja\u015bni\u0107 i powoli pojawi\u0142 si\u0119 ten dystans &#8211; s\u0142yszeli\u015bmy.\u00a0<\/p>\n<p><img loading=\"lazy\" decoding=\"async\" src=\"https:\/\/www.europesays.com\/pl\/wp-content\/uploads\/2026\/07\/37e0691dcc2cd6f4a80eadf39209ca0583f0c3bb.jpg\" data-action=\"load-&gt;publisher-image-placeholder#load error-&gt;publisher-image-placeholder#error\" data-publisher-image-placeholder-target=\"image\" width=\"620\" height=\"938\" alt=\"Spotkanie \" class=\"publisher-image__img\"\/><\/p>\n<p>Fot. Instagram \/ malika.Is<\/p>\n<p><img loading=\"lazy\" decoding=\"async\" src=\"https:\/\/www.europesays.com\/pl\/wp-content\/uploads\/2026\/07\/91a5200cac34c10d909896a9cf7a8ae420c353a2.jpg\" data-action=\"load-&gt;publisher-image-placeholder#load error-&gt;publisher-image-placeholder#error\" data-publisher-image-placeholder-target=\"image\" width=\"620\" height=\"938\" alt=\"Spotkanie \" class=\"publisher-image__img\"\/><\/p>\n<p>Fot. Instagram \/ dariarybak89<\/p>\n<p>Wi\u0119cej tutaj:<\/p>\n","protected":false},"excerpt":{"rendered":"Cho\u0107 od zako\u0144czenia pierwszej edycji \u201eLove is Blind: Polska\u201d min\u0119\u0142o ju\u017c troch\u0119 czasu, uczestnicy programu wci\u0105\u017c wzbudzaj\u0105 zainteresowanie&hellip;\n","protected":false},"author":2,"featured_media":555379,"comment_status":"","ping_status":"","sticky":false,"template":"","format":"standard","meta":{"footnotes":"","_share_on_mastodon":"0"},"categories":[12],"tags":[32,65004,216,42,38,40,39,41],"class_list":["post-555378","post","type-post","status-publish","format-standard","has-post-thumbnail","category-polska","tag-breaking-news","tag-love-is-blind","tag-netflix","tag-pl","tag-poland","tag-polish","tag-polska","tag-polski"],"share_on_mastodon":{"url":"https:\/\/pubeurope.com\/@pl\/116917800843632917","error":""},"_links":{"self":[{"href":"https:\/\/www.europesays.com\/pl\/wp-json\/wp\/v2\/posts\/555378","targetHints":{"allow":["GET"]}}],"collection":[{"href":"https:\/\/www.europesays.com\/pl\/wp-json\/wp\/v2\/posts"}],"about":[{"href":"https:\/\/www.europesays.com\/pl\/wp-json\/wp\/v2\/types\/post"}],"author":[{"embeddable":true,"href":"https:\/\/www.europesays.com\/pl\/wp-json\/wp\/v2\/users\/2"}],"replies":[{"embeddable":true,"href":"https:\/\/www.europesays.com\/pl\/wp-json\/wp\/v2\/comments?post=555378"}],"version-history":[{"count":0,"href":"https:\/\/www.europesays.com\/pl\/wp-json\/wp\/v2\/posts\/555378\/revisions"}],"wp:featuredmedia":[{"embeddable":true,"href":"https:\/\/www.europesays.com\/pl\/wp-json\/wp\/v2\/media\/555379"}],"wp:attachment":[{"href":"https:\/\/www.europesays.com\/pl\/wp-json\/wp\/v2\/media?parent=555378"}],"wp:term":[{"taxonomy":"category","embeddable":true,"href":"https:\/\/www.europesays.com\/pl\/wp-json\/wp\/v2\/categories?post=555378"},{"taxonomy":"post_tag","embeddable":true,"href":"https:\/\/www.europesays.com\/pl\/wp-json\/wp\/v2\/tags?post=555378"}],"curies":[{"name":"wp","href":"https:\/\/api.w.org\/{rel}","templated":true}]}}