{"id":55589,"date":"2025-10-18T13:07:08","date_gmt":"2025-10-18T13:07:08","guid":{"rendered":"https:\/\/www.europesays.com\/pl\/55589\/"},"modified":"2025-10-18T13:07:08","modified_gmt":"2025-10-18T13:07:08","slug":"oto-rywalki-dla-igi-swiatek-w-wta-finals-kluczowa-decyzja-rosjanki-przeglad-sportowy-onet","status":"publish","type":"post","link":"https:\/\/www.europesays.com\/pl\/55589\/","title":{"rendered":"Oto rywalki dla Igi \u015awi\u0105tek w WTA Finals. Kluczowa decyzja Rosjanki &#8211; Przegl\u0105d Sportowy Onet"},"content":{"rendered":"<ol>\n<li><a href=\"https:\/\/news.google.com\/rss\/articles\/CBMiswFBVV95cUxOYmRObVpxZ3pZWU81SmxWM2hxZGpxdDU4dmFvSlJTWGNOcV95a0hBT1NlRmZDcGNlSGFzTkpPVmhBY1Z1emxDZTF6RWpkelFLSTRJTjU3WGh4TG11T05mbEh0NDBmQnJ1OXVKWkxGRDhxaU5JSVpwV3lBeDNxWGZJdFNiQUNpV1ExRzYwT1pSSkNQRS1OLXlCRWNBZmpqdUw4djItZ01hMEVzMXcxVVhxUXJRMA?oc=5\" target=\"_blank\" rel=\"nofollow noopener\">Oto rywalki dla Igi \u015awi\u0105tek w WTA Finals. Kluczowa decyzja Rosjanki<\/a>&nbsp;&nbsp;Przegl\u0105d Sportowy Onet<\/li>\n<li><a href=\"https:\/\/news.google.com\/rss\/articles\/CBMipAFBVV95cUxNNnM0MWZOa3JYSWV3VlBzSE5fU25seGEwNFdfSVNjMnVEeU1GX2RNY19OaDNNX0F6U3JKQWdUQ2R1a2ZUQVdJdGs4VE9RY2x6SDlwQ19NWGV6VF9kUS05enJqSURUSWYxSGdXbEp2a19SQW94bnV4Y1NzWDZoWmNRYlR6Z3VocmRHZGxsRU5ZLWVTeE5YN1ZwNUp3WEhTNG1jTWhINdIBqgFBVV95cUxQRXU2MHRuSm4wYU81Sm12QzFVZmp6SWRzWC1TVEdpcEdMSTFNQS1yZXpmWVE4OXo1bl81VjRyYnpJZ0lQVTN2UmxTVklHeHJCak1MRnhfal8tNjhYZ2hPSXBDYWFYOWhodjJvcmh3aDEzaURkWGRqOGNsYjIxOUphb01RajVkdWktUW9rZDJWOTFpVzk5Y3BKWV9iQmJFbWlzblI3TXpTM0xNUQ?oc=5\" target=\"_blank\" rel=\"nofollow noopener\">Kiedy pierwszy mecz Igi \u015awi\u0105tek w WTA Finals 2025? Z kim zagra w Rijadzie?<\/a>&nbsp;&nbsp;sport.tvp.pl<\/li>\n<li><a href=\"https:\/\/news.google.com\/rss\/articles\/CBMinAFBVV95cUxNeThyNTJoU2lla1piZzk4aVB3QnVYbnZtb09KZU1IUm5RSnZ3V2Vud2h5Z0hGQVpTWWlDenNjOHozcTdON25SVW1mZHAzOFJnS2U1bUZrbUJiajR4M3htZGtqVDZMejJzSU1FRGZQNlB6dzBsQ2pQTGZNLU4zb3d6cTBqSkxaVWJMSVBYSFZhbVlKMWMzNzVOVXhoUDU?oc=5\" target=\"_blank\" rel=\"nofollow noopener\">Iga \u015awi\u0105tek ma problem? Znany trener wprost! &#8222;To cud, \u017ce w og\u00f3le jeszcze funkcjonuje&#8221;<\/a>&nbsp;&nbsp;Fakt<\/li>\n<li><a href=\"https:\/\/news.google.com\/rss\/articles\/CBMitAFBVV95cUxQNm0tU2NYVkFSVUNXUWFIRHFia1ZLdnUzUkhGOHd3YVJJQzdoQ05zSEZjN3ZPMW5WWGdTU3JEZF90Vk5xQjlNTGRKZl9adndNZnZwM0xwZnJNSzBHUFZaRl9RamRSaWg5WU5UYmVER1E4bmNjYUZxajhLVUg0ZHQyZmpTdzgxN3hJcDVCbGlNQ3RlSDVwOVcxdU9MTVpmc1E0ZnZXT2JmVXZZMmZjX2ZQTkdZbE0?oc=5\" target=\"_blank\" rel=\"nofollow noopener\">Komunikat sztabu, a teraz to. Iga \u015awi\u0105tek og\u0142asza u boku ojca. Kr\u00f3tka wiadomo\u015b\u0107<\/a>&nbsp;&nbsp;Sport Interia<\/li>\n<li><a href=\"https:\/\/news.google.com\/rss\/articles\/CBMiqwFBVV95cUxPMXBjcW51MnhHYUdGeDIzcHJSN1NvWW8zTk9OTk41WGYyWl9RXzZoa1g4TUN2R0hncFBRWjRVMzJJWk9RWHRFbGpFdktaRnFYMmxVR2t6blMwVmlZWmlsejVUVVdwd3F3QWV2WDA3eFZUZVBSUGxwM0tFelk0b1ljbXVRYTRJUjF6OXA4NFdyWG5MaTIySUhYSWdFSk5WZ1E1eFlSX3hETlpodnc?oc=5\" target=\"_blank\" rel=\"nofollow noopener\">Kiedy losowanie grup WTA Finals 2025? Iga \u015awi\u0105tek czeka na rywalki<\/a>&nbsp;&nbsp;Polskie Radio 24<\/li>\n<\/ol>\n","protected":false},"excerpt":{"rendered":"Oto rywalki dla Igi \u015awi\u0105tek w WTA Finals. Kluczowa decyzja Rosjanki&nbsp;&nbsp;Przegl\u0105d Sportowy Onet Kiedy pierwszy mecz Igi \u015awi\u0105tek&hellip;\n","protected":false},"author":2,"featured_media":55590,"comment_status":"","ping_status":"","sticky":false,"template":"","format":"standard","meta":{"footnotes":""},"categories":[24],"tags":[1352,304,252,67,42,38,40,39,41,136,10987,128,47,127,135,126,156,157,1505],"class_list":{"0":"post-55589","1":"post","2":"type-post","3":"status-publish","4":"format-standard","5":"has-post-thumbnail","7":"category-sport","8":"tag-aryna_sabalenka","9":"tag-eres","10":"tag-iga_swiatek","11":"tag-intextvideo_splayer","12":"tag-pl","13":"tag-poland","14":"tag-polish","15":"tag-polska","16":"tag-polski","17":"tag-ps_detal_new","18":"tag-ps_sts_tst1","19":"tag-psv2","20":"tag-screening_general","21":"tag-sport","22":"tag-sport_sport","23":"tag-sports","24":"tag-tenis","25":"tag-wta","26":"tag-wta_finals"},"share_on_mastodon":{"url":"","error":""},"_links":{"self":[{"href":"https:\/\/www.europesays.com\/pl\/wp-json\/wp\/v2\/posts\/55589","targetHints":{"allow":["GET"]}}],"collection":[{"href":"https:\/\/www.europesays.com\/pl\/wp-json\/wp\/v2\/posts"}],"about":[{"href":"https:\/\/www.europesays.com\/pl\/wp-json\/wp\/v2\/types\/post"}],"author":[{"embeddable":true,"href":"https:\/\/www.europesays.com\/pl\/wp-json\/wp\/v2\/users\/2"}],"replies":[{"embeddable":true,"href":"https:\/\/www.europesays.com\/pl\/wp-json\/wp\/v2\/comments?post=55589"}],"version-history":[{"count":0,"href":"https:\/\/www.europesays.com\/pl\/wp-json\/wp\/v2\/posts\/55589\/revisions"}],"wp:featuredmedia":[{"embeddable":true,"href":"https:\/\/www.europesays.com\/pl\/wp-json\/wp\/v2\/media\/55590"}],"wp:attachment":[{"href":"https:\/\/www.europesays.com\/pl\/wp-json\/wp\/v2\/media?parent=55589"}],"wp:term":[{"taxonomy":"category","embeddable":true,"href":"https:\/\/www.europesays.com\/pl\/wp-json\/wp\/v2\/categories?post=55589"},{"taxonomy":"post_tag","embeddable":true,"href":"https:\/\/www.europesays.com\/pl\/wp-json\/wp\/v2\/tags?post=55589"}],"curies":[{"name":"wp","href":"https:\/\/api.w.org\/{rel}","templated":true}]}}