{"id":556108,"date":"2026-07-14T17:35:09","date_gmt":"2026-07-14T17:35:09","guid":{"rendered":"https:\/\/www.europesays.com\/pl\/556108\/"},"modified":"2026-07-14T17:35:09","modified_gmt":"2026-07-14T17:35:09","slug":"dolny-slask-wazne-lotnisko-przejdzie-transformacje-inwestycja-za-ponad-15-mln-podroze-wprost","status":"publish","type":"post","link":"https:\/\/www.europesays.com\/pl\/556108\/","title":{"rendered":"Dolny \u015al\u0105sk. Wa\u017cne lotnisko przejdzie transformacj\u0119. Inwestycja za ponad 15 mln \u2013 Podr\u00f3\u017ce Wprost"},"content":{"rendered":"\n<p>&#13;<br \/>\nPort lotniczy im.\u00a0Miko\u0142aja Kopernika we\u00a0Wroc\u0142awiu (znany zagranicznym podr\u00f3\u017cnym jako Copernicus Airport Wroc\u0142aw) zostanie powi\u0119kszony o\u00a0dodatkowy terminal. B\u0119d\u0105 tam obs\u0142ugiwani konkretnego rodzaju pasa\u017cerowie \u2013\u00a0spoza strefy Schengen (rozleg\u0142ego obszaru, obejmuj\u0105cego 29 pa\u0144stw \u2013\u00a0w\u00a0tym Niemcy, Francj\u0119 czy\u00a0od\u00a0blisko dw\u00f3ch dekad Polsk\u0119 \u2013\u00a0na\u00a0kt\u00f3rym zniesiono kontrole graniczne). &#13;\n<\/p>\n<p>&#13;<br \/>\nW\u0142adze dolno\u015bl\u0105skiego lotniska podpisa\u0142y umow\u0119 z\u00a0przedstawicielami europejskiej sp\u00f3\u0142ki Strabag \u2013\u00a0poinformowa\u0142o we\u00a0wtorek (14 lipca) biuro prasowe PLW. &#13;\n<\/p>\n<p>Wielka inwestycja Portu Lotniczego Wroc\u0142aw. Powstanie nowy terminal<\/p>\n<p>&#13;<br \/>\nPolska Agencja Prasowa dowiedzia\u0142a si\u0119, \u017ce\u00a0nowy terminal b\u0119dzie mia\u0142 powierzchni\u0119 prawie 2,8 tys. mkw. Powstanie po\u00a0wschodniej stronie budynku \u2013\u00a0z\u0142\u0105czony zostanie z\u00a0innym, obecnie dzia\u0142aj\u0105cym. W\u00a0jednym momencie przebywa\u0107 b\u0119dzie mog\u0142o tam ok. 800 os\u00f3b. Ca\u0142a inwestycja kosztowa\u0142a b\u0119dzie 15,4 mln z\u0142. &#13;\n<\/p>\n<p>&#13;<br \/>\nPracownicy lotniska, a\u00a0tak\u017ce pasa\u017cerowie, b\u0119d\u0105 mieli do\u00a0dyspozycji cztery bramki odlotowe (znane jako gate&#8217;y). PAP wskaza\u0142, \u017ce\u00a0jednocze\u015bnie prowadzony b\u0119dzie tam boarding (proces wchodzenia pasa\u017cer\u00f3w na\u00a0pok\u0142ad samolotu). &#13;\n<\/p>\n<p>&#13;<br \/>\nTo nie\u00a0wszystko \u2013\u00a0klienci portu b\u0119d\u0105 mogli korzysta\u0107 tam te\u017c z\u00a0lokali gastronomicznych czy\u00a0p\u00f3j\u015b\u0107 na\u00a0zakupy do\u00a0bezc\u0142owego sklepu (duty free). &#13;\n<\/p>\n<p>W\u0142adze dolno\u015bl\u0105skiego lotniska s\u0105 pewne. \u201ePasa\u017cerowie zyskaj\u0105\u201d<\/p>\n<p>&#13;<br \/>\nDlaczego wroc\u0142awskie lotnisko postanowi\u0142o uruchomi\u0107 dodatkowy terminal? M.in. z\u00a0powodu wdra\u017canego na\u00a0terenie Unii Europejskiej nowy systemu entry\/exit (wchodzenie\/opuszczanie). Wkraczaj\u0105c do\u00a0strefy Schengen obywatele pa\u0144stw trzecich (chodzi o\u00a0te, kt\u00f3re nie\u00a0nale\u017c\u0105 ani do\u00a0UE, ani m.in. do\u00a0Europejskiego Obszaru Gospodarczego) przechodz\u0105 proces rejestracji biometrycznej. To\u00a0za\u015b wi\u0105\u017ce si\u0119 z\u00a0d\u0142u\u017cszym czasem kontroli. &#13;\n<\/p>\n<p>&#13;<br \/>\nDzi\u0119ki inwestycji p\u0142ynno\u015b\u0107 obs\u0142ugi ma\u00a0znacz\u0105co si\u0119 poprawi\u0107, co\u00a0pasa\u017cerowie odczuj\u0105 szczeg\u00f3lnie w\u00a0momentach najwi\u0119kszego ruchu. \u201eDzi\u0119ki nowej przestrzeni zyskaj\u0105 zar\u00f3wno pasa\u017cerowie podr\u00f3\u017cuj\u0105cy poza stref\u0119 Schengen, jak i\u00a0osoby korzystaj\u0105ce z\u00a0po\u0142\u0105cze\u0144 w\u00a0obr\u0119bie strefy Schengen, poniewa\u017c poprawi si\u0119 funkcjonowanie ca\u0142ego terminalu\u201d \u2013\u00a0oceni\u0142 Dariusz Kowalczyk, wiceprezes PLW (cytat za\u00a0PAP). &#13;<\/p>\n","protected":false},"excerpt":{"rendered":"&#13; Port lotniczy im.\u00a0Miko\u0142aja Kopernika we\u00a0Wroc\u0142awiu (znany zagranicznym podr\u00f3\u017cnym jako Copernicus Airport Wroc\u0142aw) zostanie powi\u0119kszony o\u00a0dodatkowy terminal. B\u0119d\u0105&hellip;\n","protected":false},"author":2,"featured_media":556109,"comment_status":"","ping_status":"","sticky":false,"template":"","format":"standard","meta":{"footnotes":"","_share_on_mastodon":"0"},"categories":[51607],"tags":[6306,6305,189,3760,2995,6302,42,6304,6303,38,40,39,41,10547,109796,10653,4278,1853],"class_list":["post-556108","post","type-post","status-publish","format-standard","has-post-thumbnail","category-wroclaw","tag-afryka","tag-azja-ameryka","tag-europa","tag-gory","tag-lotnisko","tag-miejsca","tag-pl","tag-plaze","tag-podroze","tag-poland","tag-polish","tag-polska","tag-polski","tag-port-lotniczy","tag-strefa-schengen","tag-terminal","tag-turystyka","tag-wroclaw"],"share_on_mastodon":{"url":"https:\/\/pubeurope.com\/@pl\/116919541612064042","error":""},"_links":{"self":[{"href":"https:\/\/www.europesays.com\/pl\/wp-json\/wp\/v2\/posts\/556108","targetHints":{"allow":["GET"]}}],"collection":[{"href":"https:\/\/www.europesays.com\/pl\/wp-json\/wp\/v2\/posts"}],"about":[{"href":"https:\/\/www.europesays.com\/pl\/wp-json\/wp\/v2\/types\/post"}],"author":[{"embeddable":true,"href":"https:\/\/www.europesays.com\/pl\/wp-json\/wp\/v2\/users\/2"}],"replies":[{"embeddable":true,"href":"https:\/\/www.europesays.com\/pl\/wp-json\/wp\/v2\/comments?post=556108"}],"version-history":[{"count":0,"href":"https:\/\/www.europesays.com\/pl\/wp-json\/wp\/v2\/posts\/556108\/revisions"}],"wp:featuredmedia":[{"embeddable":true,"href":"https:\/\/www.europesays.com\/pl\/wp-json\/wp\/v2\/media\/556109"}],"wp:attachment":[{"href":"https:\/\/www.europesays.com\/pl\/wp-json\/wp\/v2\/media?parent=556108"}],"wp:term":[{"taxonomy":"category","embeddable":true,"href":"https:\/\/www.europesays.com\/pl\/wp-json\/wp\/v2\/categories?post=556108"},{"taxonomy":"post_tag","embeddable":true,"href":"https:\/\/www.europesays.com\/pl\/wp-json\/wp\/v2\/tags?post=556108"}],"curies":[{"name":"wp","href":"https:\/\/api.w.org\/{rel}","templated":true}]}}