{"id":556125,"date":"2026-07-14T17:44:08","date_gmt":"2026-07-14T17:44:08","guid":{"rendered":"https:\/\/www.europesays.com\/pl\/556125\/"},"modified":"2026-07-14T17:44:08","modified_gmt":"2026-07-14T17:44:08","slug":"gigafabryka-ai-moze-powstac-w-polsce-rzad-przyjal-uchwale","status":"publish","type":"post","link":"https:\/\/www.europesays.com\/pl\/556125\/","title":{"rendered":"Gigafabryka AI mo\u017ce powsta\u0107 w Polsce. Rz\u0105d przyj\u0105\u0142 uchwa\u0142\u0119"},"content":{"rendered":"\n<p>&#13;<br \/>\nDecyzja pozwala zagwarantowa\u0107 zakup cz\u0119\u015bci mocy obliczeniowej przysz\u0142ej infrastruktury AI, co\u00a0jest jednym z\u00a0warunk\u00f3w udzia\u0142u Polski w\u00a0unijnym projekcie. Gigafabryka AI zapewni firmom, naukowcom i\u00a0administracji dost\u0119p do\u00a0bardzo du\u017cej mocy obliczeniowej i\u00a0zaawansowanych us\u0142ug z\u00a0zakresu sztucznej inteligencji. Jednocze\u015bnie b\u0119dzie istotnym impulsem dla\u00a0rozwoju polskiej gospodarki i\u00a0krajowego ekosystemu AI, podkre\u015blono. &#13;\n<\/p>\n<p>&#13;<br \/>\n&#8222;Polska zagwarantowa\u0142a wk\u0142ad na\u00a0ponad 400 mln z\u0142\u00a0w\u00a0najwi\u0119ksze centrum obliczeniowe w\u00a0naszej dotychczasowej historii. Teraz czas na\u00a0zaanga\u017cowanie polskich firm, kt\u00f3re b\u0119d\u0105 mog\u0142y uczestniczy\u0107 w\u00a0przetargu na\u00a0budow\u0119&#8221; \u2013\u00a0powiedzia\u0142 wiceminister cyfryzacji Dariusz Standerski, cytowany w\u00a0komunikacie. &#13;\n<\/p>\n<p>Wyb\u00f3r siedmiu Gigafabryk AI. Jakie szanse ma\u00a0Polska?<\/p>\n<p>&#13;<br \/>\n<a href=\"https:\/\/dorzeczy.pl\/ekonomia\/823670\/budowa-gigafabryki-ai-w-polsce-ue-zmienia-zasady-programu.html\" rel=\"nofollow noopener\" target=\"_blank\">Gigafabryki AI b\u0119d\u0105 projektowane<\/a>, finansowane, budowane i\u00a0eksploatowane przez prywatne konsorcja wy\u0142onione w\u00a0europejskim post\u0119powaniu prowadzonym przez EuroHPC JU \u2013\u00a0unijn\u0105 inicjatyw\u0119 odpowiedzialn\u0105 za\u00a0rozw\u00f3j infrastruktury superkomputerowej HPC, sztucznej inteligencji (AI) oraz\u00a0kwantowej. W\u00a0omawianym projekcie rol\u0105 pa\u0144stw cz\u0142onkowskich i\u00a0Unii Europejskiej jest zagwarantowanie zakupu us\u0142ug AI w\u00a0pocz\u0105tkowym okresie funkcjonowania Gigafabryki AI \u2013\u00a0co\u00a0ma\u00a0zwi\u0119ksza\u0107 przewidywalno\u015b\u0107 przedsi\u0119wzi\u0119cia i\u00a0u\u0142atwi\u0107 jego komercyjn\u0105 realizacj\u0119. Deklarowane zaanga\u017cowanie Polski obejmuje zakup us\u0142ug AI o\u00a0warto\u015bci 100 mln euro w\u00a0latach 2028-2033, przy analogicznym wk\u0142adzie Unii Europejskiej, wyja\u015bniono. &#13;\n<\/p>\n<p>&#13;<br \/>\nW pierwszym europejskim post\u0119powaniu EuroHPC JU planuje wyb\u00f3r siedmiu Gigafabryk AI \u2013\u00a0czterech projekt\u00f3w \u015bredniej skali (Lot 1) oraz\u00a0trzech projekt\u00f3w du\u017cej skali (Lot 2). Polska ubiega si\u0119 o\u00a0realizacj\u0119 projektu w\u00a0ramach Lot 1. Gigafabryka b\u0119dzie rozwijana etapowo \u2013\u00a0od\u00a0infrastruktury odpowiadaj\u0105cej co\u00a0najmniej 25 tys. akcelerator\u00f3w AI (ekwiwalent NVIDIA H100) do\u00a0docelowej skali co\u00a0najmniej 75 tys. GPU. &#13;\n<\/p>\n<p>&#13;<br \/>\n&#8222;Lokalizacja Gigafabryki AI w\u00a0Polsce oznacza\u0142aby powstanie jednej z\u00a0najwi\u0119kszych inwestycji infrastrukturalnych dla\u00a0sztucznej inteligencji w\u00a0Europie. Warto\u015b\u0107 przedsi\u0119wzi\u0119cia mo\u017ce przekroczy\u0107 10 mld z\u0142, przy czym ca\u0142o\u015b\u0107 nak\u0142ad\u00f3w inwestycyjnych poniesie prywatne konsorcjum realizuj\u0105ce projekt&#8221; \u2013\u00a0czytamy tak\u017ce. &#13;\n<\/p>\n<p>&#13;<br \/>\nNowa infrastruktura umo\u017cliwi rozw\u00f3j i\u00a0wdra\u017canie zaawansowanych modeli AI oraz\u00a0ich wykorzystanie m.in. w\u00a0ochronie zdrowia, przemy\u015ble, cyberbezpiecze\u0144stwie, administracji publicznej i\u00a0badaniach naukowych. Gigafabryka AI stworzy warunki do\u00a0realizacji najbardziej wymagaj\u0105cych projekt\u00f3w AI przez du\u017ce przedsi\u0119biorstwa, w\u00a0tym trenowania du\u017cych modeli oraz\u00a0prowadzenia analiz danych na\u00a0skal\u0119 przemys\u0142ow\u0105. Jednocze\u015bnie zapewni startupom oraz\u00a0ma\u0142ym i\u00a0\u015brednim przedsi\u0119biorstwom dost\u0119p do\u00a0infrastruktury obliczeniowej, kt\u00f3rej samodzielna budowa by\u0142aby ekonomicznie nieuzasadniona. &#13;\n<\/p>\n<p>Nie tylko Gigafabryka AI<\/p>\n<p>&#13;<br \/>\nGigafabryka AI b\u0119dzie r\u00f3wnie\u017c istotnym uzupe\u0142nieniem rozwijanego w\u00a0Polsce ekosystemu sztucznej inteligencji, obejmuj\u0105cego m.in. Fabryki AI, polskie modele AI oraz\u00a0inicjatywy wspieraj\u0105ce rozw\u00f3j i\u00a0wdra\u017canie sztucznej inteligencji. &#13;\n<\/p>\n<p>&#13;<br \/>\nMinisterstwo Cyfryzacji prowadzi obecnie uzgodnienia z\u00a0EuroHPC JU dotycz\u0105ce dokumentacji programu oraz\u00a0rozmowy z\u00a0pa\u0144stwami cz\u0142onkowskimi zainteresowanymi wsp\u00f3\u0142prac\u0105 przy projektach Gigafabryk AI. Rozmowy dotycz\u0105 m.in. wzajemnych deklaracji zakupu us\u0142ug AI, kt\u00f3re maj\u0105 zwi\u0119kszy\u0107 szanse na\u00a0lokalizacj\u0119 Gigafabryki AI w\u00a0Polsce oraz\u00a0zapewni\u0107 dost\u0119p do\u00a0europejskiej infrastruktury r\u00f3wnie\u017c w\u00a0przypadku realizacji projektu w\u00a0innym pa\u0144stwie cz\u0142onkowskim. &#13;\n<\/p>\n<p>&#13;<br \/>\nZgodnie z\u00a0harmonogramem EuroHPC JU og\u0142oszenie europejskiego post\u0119powania planowane jest w\u00a0lipcu 2026\u00a0r. Nast\u0119pnie konsorcja b\u0119d\u0105 mia\u0142y 15 tygodni na\u00a0przygotowanie ofert. Podpisanie um\u00f3w ze\u00a0zwyci\u0119skimi konsorcjami planowane jest na\u00a0pocz\u0105tku 2027\u00a0r., a\u00a0uruchomienie Gigafabryk AI przewidywane jest w\u00a02028\u00a0r., zako\u0144czono w\u00a0informacji. &#13;\n<\/p>\n<p>&#13;<br \/>\n   Czytaj te\u017c:<br \/><a href=\"https:\/\/dorzeczy.pl\/kraj\/909316\/polska-uzyskala-dostep-do-poteznej-broni-ai-gpt-55-cyber.html\" rel=\"follow nofollow noopener\" data-schema=\"DORZECZY\" data-image=\"https:\/\/img.dorzeczy.pl\/_thumb\/b0\/89\/9e58e1cb7f35d34a1207c3b16cb0.jpeg\" target=\"_blank\">Pot\u0119\u017cna bro\u0144 AI w\u00a0r\u0119kach Polski. Bia\u0142y Dom da\u0142 zielone \u015bwiat\u0142o<\/a>   Czytaj te\u017c:<br \/><a href=\"https:\/\/dorzeczy.pl\/ekonomia\/904645\/pkb-polski-moze-znaczaco-wzrosnac-dzieki-ai-nowa-prognoza-banku-swiatowego.html\" rel=\"follow nofollow noopener\" data-schema=\"DORZECZY\" data-image=\"https:\/\/img.dorzeczy.pl\/_thumb\/ba\/ac\/243a2d663006fbf112326efbfc78.jpeg\" target=\"_blank\">Polska mo\u017ce zyska\u0107 na\u00a0AI. Prognozowany olbrzymi skok<\/a>&#13;<\/p>\n","protected":false},"excerpt":{"rendered":"&#13; Decyzja pozwala zagwarantowa\u0107 zakup cz\u0119\u015bci mocy obliczeniowej przysz\u0142ej infrastruktury AI, co\u00a0jest jednym z\u00a0warunk\u00f3w udzia\u0142u Polski w\u00a0unijnym projekcie.&hellip;\n","protected":false},"author":2,"featured_media":556126,"comment_status":"","ping_status":"","sticky":false,"template":"","format":"standard","meta":{"footnotes":"","_share_on_mastodon":"0"},"categories":[16],"tags":[776,113,112,98,105,109809,49,42,38,40,39,41,380,80,777,10198,94],"class_list":["post-556125","post","type-post","status-publish","format-standard","has-post-thumbnail","category-biznes","tag-ai","tag-biznes","tag-business","tag-dorzeczy","tag-ekonomia","tag-gigafabryka-ai","tag-kraj","tag-pl","tag-poland","tag-polish","tag-polska","tag-polski","tag-rzad","tag-swiat","tag-sztuczna-inteligencja","tag-uchwala","tag-ue"],"share_on_mastodon":{"url":"","error":""},"_links":{"self":[{"href":"https:\/\/www.europesays.com\/pl\/wp-json\/wp\/v2\/posts\/556125","targetHints":{"allow":["GET"]}}],"collection":[{"href":"https:\/\/www.europesays.com\/pl\/wp-json\/wp\/v2\/posts"}],"about":[{"href":"https:\/\/www.europesays.com\/pl\/wp-json\/wp\/v2\/types\/post"}],"author":[{"embeddable":true,"href":"https:\/\/www.europesays.com\/pl\/wp-json\/wp\/v2\/users\/2"}],"replies":[{"embeddable":true,"href":"https:\/\/www.europesays.com\/pl\/wp-json\/wp\/v2\/comments?post=556125"}],"version-history":[{"count":0,"href":"https:\/\/www.europesays.com\/pl\/wp-json\/wp\/v2\/posts\/556125\/revisions"}],"wp:featuredmedia":[{"embeddable":true,"href":"https:\/\/www.europesays.com\/pl\/wp-json\/wp\/v2\/media\/556126"}],"wp:attachment":[{"href":"https:\/\/www.europesays.com\/pl\/wp-json\/wp\/v2\/media?parent=556125"}],"wp:term":[{"taxonomy":"category","embeddable":true,"href":"https:\/\/www.europesays.com\/pl\/wp-json\/wp\/v2\/categories?post=556125"},{"taxonomy":"post_tag","embeddable":true,"href":"https:\/\/www.europesays.com\/pl\/wp-json\/wp\/v2\/tags?post=556125"}],"curies":[{"name":"wp","href":"https:\/\/api.w.org\/{rel}","templated":true}]}}