{"id":556287,"date":"2026-07-14T19:29:15","date_gmt":"2026-07-14T19:29:15","guid":{"rendered":"https:\/\/www.europesays.com\/pl\/556287\/"},"modified":"2026-07-14T19:29:15","modified_gmt":"2026-07-14T19:29:15","slug":"liga-narodow-o-ktorej-jutro-mecz-bulgaria","status":"publish","type":"post","link":"https:\/\/www.europesays.com\/pl\/556287\/","title":{"rendered":"Liga Narod\u00f3w. O kt\u00f3rej jutro mecz Bu\u0142garia"},"content":{"rendered":"<p>Historia rywalizacji Bu\u0142garia \u2014 Polska w Lidze Narod\u00f3w<\/p>\n<p>Reprezentacja Bu\u0142garii, prowadzona przez w\u0142oskiego trenera Gianlorenza Blenginiego, w rozgrywkach Ligi Narod\u00f3w pokona\u0142a Ukrain\u0119 3:1, Kanad\u0119 3:2 i W\u0142ochy 3:2. Przegra\u0142a ze S\u0142oweni\u0105 2:3 oraz z Serbi\u0105 0:3.<\/p>\n<p> Dalszy ci\u0105g artyku\u0142u pod materia\u0142em wideo <\/p>\n<p>Podopieczni Nikoli Grbicia przyst\u0119puj\u0105 do meczu z seri\u0105 pi\u0119ciu zwyci\u0119stw z rz\u0119du, co daje im dobr\u0105 pozycj\u0119 w turnieju. Polacy rozpocz\u0119li Lig\u0119 Narod\u00f3w w nieco s\u0142abszym stylu, ale szybko poprawili swoj\u0105 gr\u0119, pokazuj\u0105c wysok\u0105 form\u0119 w kolejnych spotkaniach. Z kolei Bu\u0142garzy, wicemistrzowie \u015bwiata, prezentuj\u0105 bardziej niestabiln\u0105 dyspozycj\u0119. Jak dot\u0105d potrafili zar\u00f3wno efektownie wygra\u0107, jak i niespodziewanie ulec ni\u017cej notowanym rywalom, takim jak Belgia czy Serbia.<\/p>\n<p>19 lipca 2025 r. w Lidze Narod\u00f3w Bu\u0142garia wygra\u0142a z Polsk\u0105 3:2. By\u0142o to jedyne bezpo\u015brednie spotkanie obu dru\u017cyn w poprzednim sezonie.<\/p>\n<p>Mecz z Bu\u0142gari\u0105 to pocz\u0105tek intensywnego tygodnia dla Bia\u0142o-Czerwonych. W Chicago zmierz\u0105 si\u0119 jeszcze z Brazyli\u0105, Francj\u0105 i Stanami Zjednoczonymi, czyli dru\u017cynami z najwy\u017cszej \u015bwiatowej p\u00f3\u0142ki.<\/p>\n<p>     Bu\u0142garia \u2014 Polska: transmisja TV i online. Gdzie ogl\u0105da\u0107?<\/p>\n<p>Transmisj\u0119 jutrzejszego spotkania przeprowadz\u0105 Polsat Sport 1, Polsat Sport Extra 2 i Polsat Box Go. Pocz\u0105tek meczu w \u015brod\u0119, 15 lipca 2026 r., o godz. 19. Transmisja online: Polsat Box Go. Relacj\u0119 tekstow\u0105 i wynik na \u017cywo b\u0119dzie mo\u017cna \u015bledzi\u0107 w serwisie Przegl\u0105d Sportowy Onet.<\/p>\n<p>   Pocz\u0105tek meczu Bu\u0142garia \u2014 Polska \u2014 \u015broda, 15 lipca, godz. 19  Transmisja TV na \u017cywo: Polsat Sport 1, Polsat Sport Extra 2 i Polsat Box Go  Ogl\u0105daj online: Polsat Box Go  Relacja na \u017cywo i wynik meczu \u2014 Przegl\u0105d Sportowy Onet     <\/p>\n<p class=\"ods-m-ai-content__text\">Tre\u015b\u0107 stworzona ze wsparciem AI<\/p>\n","protected":false},"excerpt":{"rendered":"Historia rywalizacji Bu\u0142garia \u2014 Polska w Lidze Narod\u00f3w Reprezentacja Bu\u0142garii, prowadzona przez w\u0142oskiego trenera Gianlorenza Blenginiego, w rozgrywkach&hellip;\n","protected":false},"author":2,"featured_media":556288,"comment_status":"","ping_status":"","sticky":false,"template":"","format":"standard","meta":{"footnotes":"","_share_on_mastodon":"0"},"categories":[12],"tags":[61195,305,14269,3749,48,46,42,6242,38,40,39,41,91529,47,131],"class_list":["post-556287","post","type-post","status-publish","format-standard","has-post-thumbnail","category-polska","tag-bottomfeed_styl","tag-bulgaria","tag-liga_narodow","tag-mecz","tag-nat_styl","tag-omp","tag-pl","tag-plusliga","tag-poland","tag-polish","tag-polska","tag-polski","tag-reprezentacja_polska","tag-screening_general","tag-siatkowka"],"share_on_mastodon":{"url":"https:\/\/pubeurope.com\/@pl\/116919990005048145","error":""},"_links":{"self":[{"href":"https:\/\/www.europesays.com\/pl\/wp-json\/wp\/v2\/posts\/556287","targetHints":{"allow":["GET"]}}],"collection":[{"href":"https:\/\/www.europesays.com\/pl\/wp-json\/wp\/v2\/posts"}],"about":[{"href":"https:\/\/www.europesays.com\/pl\/wp-json\/wp\/v2\/types\/post"}],"author":[{"embeddable":true,"href":"https:\/\/www.europesays.com\/pl\/wp-json\/wp\/v2\/users\/2"}],"replies":[{"embeddable":true,"href":"https:\/\/www.europesays.com\/pl\/wp-json\/wp\/v2\/comments?post=556287"}],"version-history":[{"count":0,"href":"https:\/\/www.europesays.com\/pl\/wp-json\/wp\/v2\/posts\/556287\/revisions"}],"wp:featuredmedia":[{"embeddable":true,"href":"https:\/\/www.europesays.com\/pl\/wp-json\/wp\/v2\/media\/556288"}],"wp:attachment":[{"href":"https:\/\/www.europesays.com\/pl\/wp-json\/wp\/v2\/media?parent=556287"}],"wp:term":[{"taxonomy":"category","embeddable":true,"href":"https:\/\/www.europesays.com\/pl\/wp-json\/wp\/v2\/categories?post=556287"},{"taxonomy":"post_tag","embeddable":true,"href":"https:\/\/www.europesays.com\/pl\/wp-json\/wp\/v2\/tags?post=556287"}],"curies":[{"name":"wp","href":"https:\/\/api.w.org\/{rel}","templated":true}]}}