{"id":556365,"date":"2026-07-14T20:19:14","date_gmt":"2026-07-14T20:19:14","guid":{"rendered":"https:\/\/www.europesays.com\/pl\/556365\/"},"modified":"2026-07-14T20:19:14","modified_gmt":"2026-07-14T20:19:14","slug":"zbliza-sie-jarmarku-sw-dominika-sa-juz-utrudnienia-w-ruchu-w-centrum","status":"publish","type":"post","link":"https:\/\/www.europesays.com\/pl\/556365\/","title":{"rendered":"Zbli\u017ca si\u0119 Jarmarku \u015aw. Dominika, s\u0105 ju\u017c utrudnienia w ruchu w centrum"},"content":{"rendered":"<p>                <img decoding=\"async\" class=\"darkHidden\" loading=\"lazy\" src=\"https:\/\/s-trojmiasto.pl\/build\/assets\/svg\/reactions\/default.svg\" alt=\"Dodaj reakcj\u0119\"\/><br \/>\n                <img decoding=\"async\" class=\"lightHidden\" loading=\"lazy\" src=\"https:\/\/s-trojmiasto.pl\/build\/assets\/svg\/reactions\/default_inverted.svg\" alt=\"Dodaj reakcj\u0119\"\/><\/p>\n<p class=\"lead\">Z pocz\u0105tkiem tygodnia mieszka\u0144cy \u015ar\u00f3dmie\u015bcia ju\u017c zacz\u0119li odczuwa\u0107 zmiany w\u00a0organizacji ruchu. S\u0105 one zwi\u0105zane z\u00a0przygotowaniami do <a href=\"https:\/\/www.trojmiasto.pl\/jarmark-dominikanski\" class=\"parse-link\" title=\"Jarmark \u015aw. Dominika w Gda\u0144sku\" rel=\"nofollow noopener\" target=\"_blank\">Jarmarku \u015bw. Dominika<\/a>. Od czwartku 16.07 zamkni\u0119ta ma zosta\u0107 r\u00f3wnie\u017c m.in. <a data-tklik=\"586687\" href=\"https:\/\/mapa.trojmiasto.pl\/#\/location\/-31.84,193.59\/map\/-28.95,194.07,5,b\" onclick=\"openMap(this.href); return false;\" target=\"_blank\" title=\"zobacz na mapie Gda\u0144ska\" rel=\"nofollow noopener\">ul. Rajska<img decoding=\"async\" class=\"icon-map\" src=\"https:\/\/www.trojmiasto.pl\/_img\/svg\/ico-map-flat.svg\" alt=\"Mapka\"\/><\/a> od <a href=\"https:\/\/www.trojmiasto.pl\/Galeria-Madison-o10302.html\" data-tklik=\"46338\" rel=\"nofollow noopener\" target=\"_blank\">Madisona<\/a> do ronda przy <a data-tklik=\"616952\" href=\"https:\/\/mapa.trojmiasto.pl\/#\/location\/-27.5,202.02\/map\/-27.54,201.88,8,o\" onclick=\"openMap(this.href); return false;\" target=\"_blank\" title=\"zobacz na mapie Gda\u0144ska\" rel=\"nofollow noopener\">Baszcie Jacek<img decoding=\"async\" class=\"icon-map\" src=\"https:\/\/www.trojmiasto.pl\/_img\/svg\/ico-map-flat.svg\" alt=\"Mapka\"\/><\/a>. Utrudnienia potrwaj\u0105 do 23 sierpnia.<\/p>\n<p>G\u0142\u00f3wne Miasto mocno ograniczone<\/p>\n<p>                                zdecydowanie popieram, dla mnie to dobry kierunek<br \/>\n                                18%<\/p>\n<p>                                raczej akceptuj\u0119, cho\u0107 czasem mnie to irytuje<br \/>\n                                16%<\/p>\n<p>                                raczej jestem przeciw, to spore utrudnienie<br \/>\n                                11%<\/p>\n<p>                                zdecydowanie jestem przeciw, unikam wtedy centrum<br \/>\n                                55%<\/p>\n<p>W okresie letnim (29 czerwca &#8211; 30 sierpnia 2026 r.) w\u00a0centrum Gda\u0144ska obowi\u0105zuje rozszerzona Strefa Ograniczonej Dost\u0119pno\u015bci. Dodatkowe ulice obj\u0119te ograniczeniami to m.in. <a data-tklik=\"972307\" href=\"https:\/\/mapa.trojmiasto.pl\/#\/location\/-21.7,206.99\/map\/-21.49,206.51,5,b\" onclick=\"openMap(this.href); return false;\" target=\"_blank\" title=\"zobacz na mapie Gda\u0144ska\" rel=\"nofollow noopener\">Szeroka<img decoding=\"async\" class=\"icon-map\" src=\"https:\/\/www.trojmiasto.pl\/_img\/svg\/ico-map-flat.svg\" alt=\"Mapka\"\/><\/a>, <a data-tklik=\"828411\" href=\"https:\/\/mapa.trojmiasto.pl\/#\/location\/-27.66,203.92\/map\/-27.4,203.96,6,b\" onclick=\"openMap(this.href); return false;\" target=\"_blank\" title=\"zobacz na mapie Gda\u0144ska\" rel=\"nofollow noopener\">Pa\u0144ska<img decoding=\"async\" class=\"icon-map\" src=\"https:\/\/www.trojmiasto.pl\/_img\/svg\/ico-map-flat.svg\" alt=\"Mapka\"\/><\/a>, <a data-tklik=\"494356\" href=\"https:\/\/mapa.trojmiasto.pl\/#\/location\/-24.79,204.35\/map\/-25.1,202.96,6,b\" onclick=\"openMap(this.href); return false;\" target=\"_blank\" title=\"zobacz na mapie Gda\u0144ska\" rel=\"nofollow noopener\">\u015awi\u0119toja\u0144ska<img decoding=\"async\" class=\"icon-map\" src=\"https:\/\/www.trojmiasto.pl\/_img\/svg\/ico-map-flat.svg\" alt=\"Mapka\"\/><\/a>, <a data-tklik=\"218148\" href=\"https:\/\/mapa.trojmiasto.pl\/#\/location\/-25.38,203.49\/map\/-27.4,203.96,6,b\" onclick=\"openMap(this.href); return false;\" target=\"_blank\" title=\"zobacz na mapie Gda\u0144ska\" rel=\"nofollow noopener\">Lawendowa<img decoding=\"async\" class=\"icon-map\" src=\"https:\/\/www.trojmiasto.pl\/_img\/svg\/ico-map-flat.svg\" alt=\"Mapka\"\/><\/a>, <a data-tklik=\"833912\" href=\"https:\/\/mapa.trojmiasto.pl\/#\/location\/-18.4,206.78\/map\/-20.88,205.79,6,b\" onclick=\"openMap(this.href); return false;\" target=\"_blank\" title=\"zobacz na mapie Gda\u0144ska\" rel=\"nofollow noopener\">Tokarska<img decoding=\"async\" class=\"icon-map\" src=\"https:\/\/www.trojmiasto.pl\/_img\/svg\/ico-map-flat.svg\" alt=\"Mapka\"\/><\/a>, <a data-tklik=\"394676\" href=\"https:\/\/mapa.trojmiasto.pl\/#\/location\/-17.72,203.18\/map\/-19.06,204.06,6,b\" onclick=\"openMap(this.href); return false;\" target=\"_blank\" title=\"zobacz na mapie Gda\u0144ska\" rel=\"nofollow noopener\">Targ Rybny<img decoding=\"async\" class=\"icon-map\" src=\"https:\/\/www.trojmiasto.pl\/_img\/svg\/ico-map-flat.svg\" alt=\"Mapka\"\/><\/a> czy <a data-tklik=\"337977\" href=\"https:\/\/mapa.trojmiasto.pl\/#\/location\/-26.41,201.81\/map\/-24.3,202.75,6,b\" onclick=\"openMap(this.href); return false;\" target=\"_blank\" title=\"zobacz na mapie Gda\u0144ska\" rel=\"nofollow noopener\">Plac Dominika\u0144ski<img decoding=\"async\" class=\"icon-map\" src=\"https:\/\/www.trojmiasto.pl\/_img\/svg\/ico-map-flat.svg\" alt=\"Mapka\"\/><\/a>. <\/p>\n<p>Dodatkowo w\u00a0czasie trwania Jarmarku do strefy w\u0142\u0105czono tak\u017ce ulice <a data-tklik=\"222406\" href=\"https:\/\/mapa.trojmiasto.pl\/#\/location\/-32.96,200.33\/map\/-29.81,202.16,5,b\" onclick=\"openMap(this.href); return false;\" target=\"_blank\" title=\"zobacz na mapie Gda\u0144ska\" rel=\"nofollow noopener\">Na Piaskach<img decoding=\"async\" class=\"icon-map\" src=\"https:\/\/www.trojmiasto.pl\/_img\/svg\/ico-map-flat.svg\" alt=\"Mapka\"\/><\/a> i\u00a0<a data-tklik=\"137357\" href=\"https:\/\/mapa.trojmiasto.pl\/#\/location\/-29.94,200.13\/map\/-28.97,200.36,5,b\" onclick=\"openMap(this.href); return false;\" target=\"_blank\" title=\"zobacz na mapie Gda\u0144ska\" rel=\"nofollow noopener\">M\u0142y\u0144sk\u0105<img decoding=\"async\" class=\"icon-map\" src=\"https:\/\/www.trojmiasto.pl\/_img\/svg\/ico-map-flat.svg\" alt=\"Mapka\"\/><\/a>.<\/p>\n<p><a href=\"https:\/\/www.trojmiasto.pl\/wiadomosci\/Strefa-Ograniczonej-Dostepnosci-w-Gdansku-bedzie-rozszerzona-Auto-lepiej-zostawic-na-parkingu-n220648.html\" data-tklik=\"487216\" class=\"marker-news component newsMarker\" rel=\"nofollow noopener\" target=\"_blank\"><br \/>\n            <img decoding=\"async\" src=\"https:\/\/www.europesays.com\/pl\/wp-content\/uploads\/2026\/07\/4337119__c_19_404_1267_887__kr.webp\" alt=\"Strefa Ograniczonej Dost\u0119pno\u015bci b\u0119dzie rozszerzona. Auto lepiej zostawi\u0107 na parkingu\" class=\"lazy newsMarker__img\"\/><br \/>\n        Strefa Ograniczonej Dost\u0119pno\u015bci b\u0119dzie rozszerzona. Auto lepiej zostawi\u0107 na parkingu<br \/>\n<\/a><\/p>\n<p>Wraz z\u00a0rozpocz\u0119ciem prac zwi\u0105zanych z\u00a0organizacj\u0105 Jarmarku \u015aw. Dominika kierowc\u00f3w w\u00a0\u015ar\u00f3dmie\u015bciu czeka jeszcze wi\u0119cej zmian. Tymczasowa organizacja ruchu obejmuje m.in. zmiany kierunk\u00f3w ruchu na wybranych ulicach oraz specjalne zasady korzystania z\u00a0parking\u00f3w dla mieszka\u0144c\u00f3w.<\/p>\n<p>\n            <a href=\"https:\/\/s-trojmiasto.pl\/zdj\/c\/n\/9\/4370\/1162x0\/4370924-Mapa-tymczasowej-organizacji-ruchu-w-zwiazku-z-organizacja-Jarmarku-Sw-Dominika-2026.webp\" target=\"_blank\" data-slide-name=\"850689\" data-lightbox-target=\"photo full\" data-sub-html=\"&lt;h4&gt;Mapa tymczasowej organizacji ruchu w zwi\u0105zku z organizacj\u0105 Jarmarku \u015aw. Dominika 2026.&lt;\/h4&gt;&lt;p&gt;mat. prasowe&lt;\/p&gt;&#010;\" class=\"photoMarker__link\" data-filter-brightness=\"brightness--100\" rel=\"nofollow noopener\"><\/p>\n<p>    <img decoding=\"async\" style=\"height:529px; aspect-ratio: 1.41707\/1; filter:brightness(1);\" alt=\"Mapa tymczasowej organizacji ruchu w zwi\u0105zku z organizacj\u0105 Jarmarku \u015aw. Dominika 2026.\" src=\"https:\/\/www.europesays.com\/pl\/wp-content\/uploads\/2026\/07\/4370924-Mapa-tymczasowej-organizacji-ruchu-w-zwiazku-z-organizacja-Jarmarku-Sw-Dominika.webp\" class=\"photoMarker__img lazy\" data-slider=\"img\"\/><\/p>\n<p>            <\/a><\/p>\n<p>W praktyce oznacza to, \u017ce wjazd do tej cz\u0119\u015bci miasta mo\u017cliwy jest g\u0142\u00f3wnie dla os\u00f3b posiadaj\u0105cych identyfikator Jarmarku wydany przez <a href=\"https:\/\/www.trojmiasto.pl\/Miedzynarodowe-Targi-Gdanskie-o346.html\" data-tklik=\"731888\" rel=\"nofollow noopener\" target=\"_blank\">MTG<\/a>.<\/p>\n<p>Pozostali kierowcy musz\u0105 korzysta\u0107 z\u00a0objazd\u00f3w i\u00a0zwraca\u0107 uwag\u0119 na zmienione kierunki ruchu, co &#8211; szczeg\u00f3lnie dla os\u00f3b rzadziej bywaj\u0105cych w\u00a0centrum &#8211; bywa problematyczne.<\/p>\n<p>Zmiany wida\u0107 r\u00f3wnie\u017c na parkingach. Uruchomiono specjalne miejsca dla mieszka\u0144c\u00f3w &#8211; <a data-tklik=\"9843\" href=\"https:\/\/mapa.trojmiasto.pl\/#\/location\/-13.85,196.96\/map\/-14.16,196.81,5,b\" onclick=\"openMap(this.href); return false;\" target=\"_blank\" title=\"zobacz na mapie Gda\u0144ska\" rel=\"nofollow noopener\">ul. Rycerskiej<img decoding=\"async\" class=\"icon-map\" src=\"https:\/\/www.trojmiasto.pl\/_img\/svg\/ico-map-flat.svg\" alt=\"Mapka\"\/><\/a> (od 13 lipca), a\u00a0w kolejnych dniach dost\u0119pne b\u0119d\u0105 tak\u017ce lokalizacje przy <a data-tklik=\"505466\" href=\"https:\/\/mapa.trojmiasto.pl\/#\/location\/-25.49,201.38\/map\/-25.22,202.07,5,b\" onclick=\"openMap(this.href); return false;\" target=\"_blank\" title=\"zobacz na mapie Gda\u0144ska\" rel=\"nofollow noopener\">ul. Lawendowej<img decoding=\"async\" class=\"icon-map\" src=\"https:\/\/www.trojmiasto.pl\/_img\/svg\/ico-map-flat.svg\" alt=\"Mapka\"\/><\/a>, <a data-tklik=\"806275\" href=\"https:\/\/mapa.trojmiasto.pl\/#\/location\/-21.54,200.07\/map\/-25.22,202.07,5,b\" onclick=\"openMap(this.href); return false;\" target=\"_blank\" title=\"zobacz na mapie Gda\u0144ska\" rel=\"nofollow noopener\">Podwalu Staromiejskim<img decoding=\"async\" class=\"icon-map\" src=\"https:\/\/www.trojmiasto.pl\/_img\/svg\/ico-map-flat.svg\" alt=\"Mapka\"\/><\/a> oraz przy <a data-tklik=\"453718\" href=\"https:\/\/mapa.trojmiasto.pl\/#\/location\/-28.64,195.91\/map\/-28.65,196.39,6,b\" onclick=\"openMap(this.href); return false;\" target=\"_blank\" title=\"zobacz na mapie Gda\u0144ska\" rel=\"nofollow noopener\">Domu Technika NOT<img decoding=\"async\" class=\"icon-map\" src=\"https:\/\/www.trojmiasto.pl\/_img\/svg\/ico-map-flat.svg\" alt=\"Mapka\"\/><\/a>.<\/p>\n<p>Korzystanie z\u00a0tych parking\u00f3w mo\u017cliwe jest wy\u0142\u0105cznie dla os\u00f3b posiadaj\u0105cych odpowiednie uprawnienia, m.in. identyfikator IGM, abonament sektora FGM lub identyfikator jarmarkowy. Dla pozosta\u0142ych kierowc\u00f3w oznacza to jeszcze wi\u0119ksze trudno\u015bci ze znalezieniem wolnego miejsca w\u00a0centrum.<\/p>\n<p><a href=\"https:\/\/www.trojmiasto.pl\/wiadomosci\/Starocie-na-Jarmarku-sw-Dominika-zmieniaja-miejsce-Gdzie-teraz-beda-n221273.html\" data-tklik=\"617940\" class=\"marker-news component newsMarker\" rel=\"nofollow noopener\" target=\"_blank\"><br \/>\n            <img decoding=\"async\" src=\"https:\/\/www.europesays.com\/pl\/wp-content\/uploads\/2026\/07\/4347538__c_295_113_1145_802__kr.webp\" alt=\"Starocie na Jarmarku \u015bw. Dominika zmieniaj\u0105 miejsce. Gdzie teraz b\u0119d\u0105?\" class=\"lazy newsMarker__img\"\/><br \/>\n        Starocie na Jarmarku \u015bw. Dominika zmieniaj\u0105 miejsce. Gdzie teraz b\u0119d\u0105?<br \/>\n<\/a><\/p>\n<p><\/p>\n<p>Kto mo\u017ce dosta\u0107 identyfikator IGM?<\/p>\n<p>Identyfikator IGM, czyli dokument uprawniaj\u0105cy do wjazdu i\u00a0poruszania si\u0119 po Strefie Ograniczonej Dost\u0119pno\u015bci, mog\u0105 otrzyma\u0107 przede wszystkim mieszka\u0144cy <a href=\"https:\/\/www.trojmiasto.pl\/dom\/\" class=\"parse-link\" title=\"Serwis DOM - nieruchomo\u015bci, mieszkania\" rel=\"nofollow noopener\" target=\"_blank\">nieruchomo\u015bci<\/a> znajduj\u0105cych si\u0119 w\u00a0obr\u0119bie SOD, a\u00a0tak\u017ce w\u0142a\u015bciciele i\u00a0najemcy lokali u\u017cytkowych prowadz\u0105cy tam dzia\u0142alno\u015b\u0107.<\/p>\n<p>                                    <a data-tklik=\"960563\" href=\"https:\/\/katalog.trojmiasto.pl\/motoryzacja\/pomoc_drogowa\/\" rel=\"nofollow noopener\" target=\"_blank\"><br \/>\n                                                    Katalog.trojmiasto.pl \u2013<br \/>\n                                                                    Pomoc drogowa w Gda\u0144sku<br \/>\n                                                                    <\/a><\/p>\n<p>                <a data-tklik=\"960563\" href=\"https:\/\/katalog.trojmiasto.pl\/motoryzacja\/pomoc_drogowa\/\" rel=\"nofollow noopener\" target=\"_blank\"><br \/>\n                    wi\u0119cej<\/p>\n<p>                <\/a><\/p>\n<p>Identyfikatory wydawane s\u0105 bezp\u0142atnie przez <a href=\"https:\/\/www.trojmiasto.pl\/Gdanski-Zarzad-Drog-o101684.html\" data-tklik=\"832652\" rel=\"nofollow noopener\" target=\"_blank\">Gda\u0144ski Zarz\u0105d Dr\u00f3g<\/a> &#8211; wniosek mo\u017cna z\u0142o\u017cy\u0107 elektronicznie lub osobi\u015bcie w\u00a0Biurze Obs\u0142ugi Klienta przy<a data-tklik=\"679933\" href=\"https:\/\/mapa.trojmiasto.pl\/#\/location\/-111.4,132.07\/map\/-111.3,131.91,5,b\" onclick=\"openMap(this.href); return false;\" target=\"_blank\" title=\"zobacz na mapie Gda\u0144ska\" rel=\"nofollow noopener\"> ul. Partyzant\u00f3w<img decoding=\"async\" class=\"icon-map\" src=\"https:\/\/www.trojmiasto.pl\/_img\/svg\/ico-map-flat.svg\" alt=\"Mapka\"\/><\/a>. <\/p>\n<p>Osoby posiadaj\u0105ce ca\u0142oroczny identyfikator nie musz\u0105 wyrabia\u0107 nowego na okres letni &#8211; dokument zachowuje wa\u017cno\u015b\u0107 tak\u017ce podczas organizacji jarmarkowej.<\/p>\n<p>                <a href=\"https:\/\/ogloszenia.trojmiasto.pl\/nieruchomosci-mam-do-wynajecia\/bi,1,c1i,1,stn,941.html\" data-tklik=\"504801\" rel=\"nofollow noopener\" target=\"_blank\"><br \/>\n                    Wi\u0119cej w serwisie Og\u0142oszenia<br \/>\n                    (907)<\/p>\n<p>                <\/a><\/p>\n<p><\/p>\n<p>Utrudnienia potrwaj\u0105 ponad miesi\u0105c<\/p>\n<p>Organizacja jarmarkowa b\u0119dzie funkcjonowa\u0107 do 23 sierpnia. W\u00a0tym czasie mieszka\u0144cy i\u00a0kierowcy musz\u0105 liczy\u0107 si\u0119 z\u00a0ograniczeniami w\u00a0ruchu, zmianami tras oraz wi\u0119kszym ni\u017c zwykle nat\u0119\u017ceniem ruchu w\u00a0centrum.<\/p>\n<p>Miasto i\u00a0organizatorzy apeluj\u0105 o\u00a0korzystanie z\u00a0komunikacji miejskiej i\u00a0wcze\u015bniejsze planowanie podr\u00f3\u017cy. Wraz z\u00a0kolejnymi etapami przygotowa\u0144 do Jarmarku \u015bw. Dominika utrudnie\u0144 mo\u017ce bowiem przybywa\u0107.\n                <\/p>\n","protected":false},"excerpt":{"rendered":"Z pocz\u0105tkiem tygodnia mieszka\u0144cy \u015ar\u00f3dmie\u015bcia ju\u017c zacz\u0119li odczuwa\u0107 zmiany w\u00a0organizacji ruchu. S\u0105 one zwi\u0105zane z\u00a0przygotowaniami do Jarmarku \u015bw.&hellip;\n","protected":false},"author":2,"featured_media":556366,"comment_status":"","ping_status":"","sticky":false,"template":"","format":"standard","meta":{"footnotes":"","_share_on_mastodon":"0"},"categories":[51610],"tags":[109849,15599,15374,1048,1064,63438,57038,109847,22918,3803,16823,42,38,40,39,41,10873,88843,24581,8973,30187,1063,1640,21828,109850,10316,109848,5977],"class_list":["post-556365","post","type-post","status-publish","format-standard","has-post-thumbnail","category-gdansk","tag-baszta-jacek","tag-centrum","tag-dostepnosc","tag-gdansk","tag-gdynia","tag-glowne-miasto","tag-jarmark-sw-dominika","tag-jarmark-swietego-dominika","tag-madison","tag-mieszkaniec","tag-organizacja","tag-pl","tag-poland","tag-polish","tag-polska","tag-polski","tag-przygotowanie","tag-rajska","tag-rondo","tag-ruch","tag-sierpien","tag-sopot","tag-srodmiescie","tag-strefa","tag-ulica-rajska","tag-utrudnienie","tag-wieza-jacek","tag-zmiana"],"share_on_mastodon":{"url":"https:\/\/pubeurope.com\/@pl\/116920188447409549","error":""},"_links":{"self":[{"href":"https:\/\/www.europesays.com\/pl\/wp-json\/wp\/v2\/posts\/556365","targetHints":{"allow":["GET"]}}],"collection":[{"href":"https:\/\/www.europesays.com\/pl\/wp-json\/wp\/v2\/posts"}],"about":[{"href":"https:\/\/www.europesays.com\/pl\/wp-json\/wp\/v2\/types\/post"}],"author":[{"embeddable":true,"href":"https:\/\/www.europesays.com\/pl\/wp-json\/wp\/v2\/users\/2"}],"replies":[{"embeddable":true,"href":"https:\/\/www.europesays.com\/pl\/wp-json\/wp\/v2\/comments?post=556365"}],"version-history":[{"count":0,"href":"https:\/\/www.europesays.com\/pl\/wp-json\/wp\/v2\/posts\/556365\/revisions"}],"wp:featuredmedia":[{"embeddable":true,"href":"https:\/\/www.europesays.com\/pl\/wp-json\/wp\/v2\/media\/556366"}],"wp:attachment":[{"href":"https:\/\/www.europesays.com\/pl\/wp-json\/wp\/v2\/media?parent=556365"}],"wp:term":[{"taxonomy":"category","embeddable":true,"href":"https:\/\/www.europesays.com\/pl\/wp-json\/wp\/v2\/categories?post=556365"},{"taxonomy":"post_tag","embeddable":true,"href":"https:\/\/www.europesays.com\/pl\/wp-json\/wp\/v2\/tags?post=556365"}],"curies":[{"name":"wp","href":"https:\/\/api.w.org\/{rel}","templated":true}]}}