{"id":556417,"date":"2026-07-14T20:52:22","date_gmt":"2026-07-14T20:52:22","guid":{"rendered":"https:\/\/www.europesays.com\/pl\/556417\/"},"modified":"2026-07-14T20:52:22","modified_gmt":"2026-07-14T20:52:22","slug":"prowokacja-nad-baltykiem-polska-reaguje-kosiniak-kamysz-rosja-jest-agresorem","status":"publish","type":"post","link":"https:\/\/www.europesays.com\/pl\/556417\/","title":{"rendered":"Prowokacja nad Ba\u0142tykiem, Polska reaguje. Kosiniak-Kamysz: Rosja jest agresorem!"},"content":{"rendered":"\n<p>&#13;<br \/>\nMaszyna wykonywa\u0142a lot nad wodami mi\u0119dzynarodowymi Morza Ba\u0142tyckiego. &#13;\n<\/p>\n<p>&#13;<br \/>\nDo incydentu dosz\u0142o po\u00a0godz. 12.00, oko\u0142o 30 kilometr\u00f3w od\u00a0Ustki. Jak poinformowa\u0142 minister obrony narodowej W\u0142adys\u0142aw Kosiniak-Kamysz, po\u00a0nawi\u0105zaniu kontaktu z\u00a0za\u0142og\u0105 i\u00a0wydaniu sygna\u0142\u00f3w ostrzegawczych <a href=\"https:\/\/dorzeczy.pl\/opinie\/914719\/rosyjski-samolot-przechwycony-nad-baltykiem-mon-informuje-o-incydencie.html\" rel=\"nofollow noopener\" target=\"_blank\">rosyjska maszyna zawr\u00f3ci\u0142a<\/a> i\u00a0odlecia\u0142a w\u00a0kierunku Rosji. &#13;\n<\/p>\n<p>Kosiniak-Kamysz: Rosja jest agresorem<\/p>\n<p>&#13;<br \/>\nWicepremier odni\u00f3s\u0142 si\u0119 do\u00a0sytuacji r\u00f3wnie\u017c w\u00a0mediach spo\u0142eczno\u015bciowych. &#8222;Kolejna rosyjska prowokacja nad Ba\u0142tykiem. Kolejna skuteczna reakcja Wojska Polskiego&#8221; \u2013\u00a0napisa\u0142 szef MON na\u00a0portalu X. &#13;\n<\/p>\n<p>&#13;<br \/>\nJak podkre\u015bli\u0142 Kosiniak-Kamysz, &#8222;polskie my\u015bliwce przechwyci\u0142y rosyjski samolot rozpoznawczy I\u0142-20 i\u00a0zmusi\u0142y do\u00a0oddalenia&#8221;. &#8222;To\u00a0maszyna zbieraj\u0105ca informacje o\u00a0systemach obrony. Rosja w\u00a0ten spos\u00f3b testuje gotowo\u015b\u0107 Sojuszu&#8221; \u2013\u00a0zaznaczy\u0142 wicepremier. &#13;\n<\/p>\n<p>&#13;<br \/>\n&#8222;Przypominam. To\u00a0Rosja jest agresorem! Dlatego silne Wojsko Polskie i\u00a0wsparcie Ukrainy, kt\u00f3ra ka\u017cdego dnia os\u0142abia jej potencja\u0142, le\u017c\u0105 w\u00a0naszym interesie, ale\u00a0na\u00a0zasadach wzajemno\u015bci i\u00a0partnerstwa&#8221; \u2013\u00a0czytamy we\u00a0wpisie ministra obrony narodowej. &#13;\n<\/p>\n<p>Szef MON: To\u00a0nie by\u0142 przypadek<\/p>\n<p>&#13;<br \/>\nSzef MON odni\u00f3s\u0142 si\u0119 do\u00a0sytuacji r\u00f3wnie\u017c podczas konferencji prasowej po\u00a0posiedzeniu Komitetu Rady Ministr\u00f3w do\u00a0spraw Bezpiecze\u0144stwa Narodowego. \u2013\u00a0Dzisiaj po\u00a0godzinie 12. nad Ba\u0142tykiem, oko\u0142o 30 kilometr\u00f3w od\u00a0Ustki, nad wodami mi\u0119dzynarodowymi dosz\u0142o do\u00a0przechwycenia przez par\u0119 dy\u017curn\u0105 naszych samolot\u00f3w bojowych rosyjskiego samolotu rozpoznawczego I\u0142-20. Po\u00a0kontakcie i\u00a0po sygna\u0142ach o\u00a0tym, \u017ce\u00a0powinien opu\u015bci\u0107 t\u0119\u00a0przestrze\u0144, samolot oddali\u0142 si\u0119 w\u00a0kierunku Rosji \u2013\u00a0przekaza\u0142 minister. &#13;\n<\/p>\n<p>&#13;<br \/>\nWed\u0142ug W\u0142adys\u0142awa Kosiniaka-Kamysza wtorkowy incydent nie\u00a0by\u0142 przypadkowy. Jak oceni\u0142, celem rosyjskiej maszyny by\u0142o rozpoznanie polskich system\u00f3w obrony powietrznej. \u2013\u00a0To\u00a0pierwsza od\u00a0d\u0142u\u017cszego czasu rosyjska pr\u00f3ba zbli\u017cenia si\u0119 do\u00a0naszej granicy morskiej po\u00a0to, \u017ceby rozpoznawa\u0107 nasze systemy obrony powietrznej \u2013\u00a0powiedzia\u0142. \u2013\u00a0Federacja Rosyjska ca\u0142y czas prowadzi wojn\u0119 hybrydow\u0105, prowadzi rozpoznanie i\u00a0jest wrogo nastawiona do\u00a0wszystkich pa\u0144stw Sojuszu P\u00f3\u0142nocnoatlantyckiego \u2013\u00a0zaznaczy\u0142. &#13;\n<\/p>\n<p>&#13;<br \/>\n   Czytaj te\u017c:<br \/><a href=\"https:\/\/dorzeczy.pl\/swiat\/909310\/rosja-zaatakowala-kijow-rakietami-i-dronami-polska-poderwala-mysliwce.html\" rel=\"follow nofollow noopener\" data-schema=\"DORZECZY\" data-image=\"https:\/\/img.dorzeczy.pl\/_thumb\/ef\/82\/2e01f61b2ef3ec10a23ecf1b49fa.jpeg\" target=\"_blank\">Atak Rosji. Polska zareagowa\u0142a<\/a>   Czytaj te\u017c:<br \/><a href=\"https:\/\/dorzeczy.pl\/swiat\/907297\/rosja-twierdzi-ze-ukraina-stracila-dwa-mysliwce-mig-29.html\" rel=\"follow nofollow noopener\" data-schema=\"DORZECZY\" data-image=\"https:\/\/img.dorzeczy.pl\/_thumb\/48\/af\/7fc9ca7f7cdd7040ea6ac7c3c449.jpeg\" target=\"_blank\">Ukraina straci\u0142a dwa my\u015bliwce MiG-29? Sprzeczne doniesienia<\/a>&#13;<\/p>\n","protected":false},"excerpt":{"rendered":"&#13; Maszyna wykonywa\u0142a lot nad wodami mi\u0119dzynarodowymi Morza Ba\u0142tyckiego. &#13; &#13; Do incydentu dosz\u0142o po\u00a0godz. 12.00, oko\u0142o 30&hellip;\n","protected":false},"author":2,"featured_media":556418,"comment_status":"","ping_status":"","sticky":false,"template":"","format":"standard","meta":{"footnotes":"","_share_on_mastodon":"0"},"categories":[12],"tags":[20692,3139,98,109883,109882,49,1587,2586,102,42,38,40,39,41,3956,87,80,415],"class_list":["post-556417","post","type-post","status-publish","format-standard","has-post-thumbnail","category-polska","tag-agresor","tag-baltyk","tag-dorzeczy","tag-il-20","tag-kosiniak-kamusz","tag-kraj","tag-mon","tag-mysliwce","tag-opinie","tag-pl","tag-poland","tag-polish","tag-polska","tag-polski","tag-prowokacja","tag-rosja","tag-swiat","tag-ukraina"],"share_on_mastodon":{"url":"https:\/\/pubeurope.com\/@pl\/116920316512080565","error":""},"_links":{"self":[{"href":"https:\/\/www.europesays.com\/pl\/wp-json\/wp\/v2\/posts\/556417","targetHints":{"allow":["GET"]}}],"collection":[{"href":"https:\/\/www.europesays.com\/pl\/wp-json\/wp\/v2\/posts"}],"about":[{"href":"https:\/\/www.europesays.com\/pl\/wp-json\/wp\/v2\/types\/post"}],"author":[{"embeddable":true,"href":"https:\/\/www.europesays.com\/pl\/wp-json\/wp\/v2\/users\/2"}],"replies":[{"embeddable":true,"href":"https:\/\/www.europesays.com\/pl\/wp-json\/wp\/v2\/comments?post=556417"}],"version-history":[{"count":0,"href":"https:\/\/www.europesays.com\/pl\/wp-json\/wp\/v2\/posts\/556417\/revisions"}],"wp:featuredmedia":[{"embeddable":true,"href":"https:\/\/www.europesays.com\/pl\/wp-json\/wp\/v2\/media\/556418"}],"wp:attachment":[{"href":"https:\/\/www.europesays.com\/pl\/wp-json\/wp\/v2\/media?parent=556417"}],"wp:term":[{"taxonomy":"category","embeddable":true,"href":"https:\/\/www.europesays.com\/pl\/wp-json\/wp\/v2\/categories?post=556417"},{"taxonomy":"post_tag","embeddable":true,"href":"https:\/\/www.europesays.com\/pl\/wp-json\/wp\/v2\/tags?post=556417"}],"curies":[{"name":"wp","href":"https:\/\/api.w.org\/{rel}","templated":true}]}}