{"id":556695,"date":"2026-07-14T23:51:13","date_gmt":"2026-07-14T23:51:13","guid":{"rendered":"https:\/\/www.europesays.com\/pl\/556695\/"},"modified":"2026-07-14T23:51:13","modified_gmt":"2026-07-14T23:51:13","slug":"strzaly-w-wejherowie-nie-zyje-mezczyzna-z-rana-postrzalowa","status":"publish","type":"post","link":"https:\/\/www.europesays.com\/pl\/556695\/","title":{"rendered":"Strza\u0142y w Wejherowie. Nie \u017cyje m\u0119\u017cczyzna z ran\u0105 postrza\u0142ow\u0105"},"content":{"rendered":"\n<p>&#13;<br \/>\nWe wtorek po\u00a0godz. 15:00 funkcjonariusze policji z\u00a0Wejherowa otrzymali zg\u0142oszenie o\u00a0m\u0119\u017cczy\u017anie z\u00a0ran\u0105 postrza\u0142ow\u0105 g\u0142owy. Ranny zosta\u0142 przetransportowany w\u00a0stanie krytycznym do\u00a0szpitala. &#13;\n<\/p>\n<p>&#13;<br \/>\n&#8222;Obecnie na\u00a0miejscu pod\u00a0nadzorem prokuratora prowadzone s\u0105 czynno\u015bci procesowe. Policjanci zabezpieczaj\u0105 \u015blady i\u00a0ustalaj\u0105 szczeg\u00f3\u0142owe okoliczno\u015bci zdarzenia&#8221; \u2013\u00a0przekaza\u0142a Interii asp. Karolina Pruchniak z\u00a0Komendy Powiatowej Policji w\u00a0Wejherowie. Z\u00a0nieoficjalnych informacji wynika, \u017ce\u00a0w\u00a0zdarzeniu, do\u00a0kt\u00f3rego dosz\u0142o przy ulicy Przemys\u0142owej, nie\u00a0bra\u0142y udzia\u0142u osoby trzecie. &#13;\n<\/p>\n<p>&#13;<br \/>\nJak poda\u0142o przed godz. 20:00 Radio Gda\u0144sk, poszkodowany zmar\u0142 w\u00a0szpitalu. &#13;<\/p>\n","protected":false},"excerpt":{"rendered":"&#13; We wtorek po\u00a0godz. 15:00 funkcjonariusze policji z\u00a0Wejherowa otrzymali zg\u0142oszenie o\u00a0m\u0119\u017cczy\u017anie z\u00a0ran\u0105 postrza\u0142ow\u0105 g\u0142owy. Ranny zosta\u0142 przetransportowany w\u00a0stanie&hellip;\n","protected":false},"author":2,"featured_media":556696,"comment_status":"","ping_status":"","sticky":false,"template":"","format":"standard","meta":{"footnotes":"","_share_on_mastodon":"0"},"categories":[12],"tags":[32,33,98,36,37,27,49,34,35,28,31,25,10773,103,42,38,414,40,39,41,109942,1277,29,30,13345,26],"class_list":["post-556695","post","type-post","status-publish","format-standard","has-post-thumbnail","category-polska","tag-breaking-news","tag-breakingnews","tag-dorzeczy","tag-featured-news","tag-featurednews","tag-headlines","tag-kraj","tag-latest-news","tag-latestnews","tag-naglowki","tag-najwazniejsze-artykuly","tag-news","tag-nie-zyje","tag-obserwator-mediow","tag-pl","tag-poland","tag-policja","tag-polish","tag-polska","tag-polski","tag-postrzelony","tag-strzelanina","tag-top-stories","tag-topstories","tag-wejherowo","tag-wiadomosci"],"share_on_mastodon":{"url":"https:\/\/pubeurope.com\/@pl\/116921020057978694","error":""},"_links":{"self":[{"href":"https:\/\/www.europesays.com\/pl\/wp-json\/wp\/v2\/posts\/556695","targetHints":{"allow":["GET"]}}],"collection":[{"href":"https:\/\/www.europesays.com\/pl\/wp-json\/wp\/v2\/posts"}],"about":[{"href":"https:\/\/www.europesays.com\/pl\/wp-json\/wp\/v2\/types\/post"}],"author":[{"embeddable":true,"href":"https:\/\/www.europesays.com\/pl\/wp-json\/wp\/v2\/users\/2"}],"replies":[{"embeddable":true,"href":"https:\/\/www.europesays.com\/pl\/wp-json\/wp\/v2\/comments?post=556695"}],"version-history":[{"count":0,"href":"https:\/\/www.europesays.com\/pl\/wp-json\/wp\/v2\/posts\/556695\/revisions"}],"wp:featuredmedia":[{"embeddable":true,"href":"https:\/\/www.europesays.com\/pl\/wp-json\/wp\/v2\/media\/556696"}],"wp:attachment":[{"href":"https:\/\/www.europesays.com\/pl\/wp-json\/wp\/v2\/media?parent=556695"}],"wp:term":[{"taxonomy":"category","embeddable":true,"href":"https:\/\/www.europesays.com\/pl\/wp-json\/wp\/v2\/categories?post=556695"},{"taxonomy":"post_tag","embeddable":true,"href":"https:\/\/www.europesays.com\/pl\/wp-json\/wp\/v2\/tags?post=556695"}],"curies":[{"name":"wp","href":"https:\/\/api.w.org\/{rel}","templated":true}]}}