{"id":556705,"date":"2026-07-15T00:01:27","date_gmt":"2026-07-15T00:01:27","guid":{"rendered":"https:\/\/www.europesays.com\/pl\/556705\/"},"modified":"2026-07-15T00:01:27","modified_gmt":"2026-07-15T00:01:27","slug":"zakaz-kapieli-na-plazy-miejskiej-w-supraslu-powodem-bakterie-w-wodzie","status":"publish","type":"post","link":"https:\/\/www.europesays.com\/pl\/556705\/","title":{"rendered":"Zakaz k\u0105pieli na Pla\u017cy Miejskiej w Supra\u015blu. Powodem bakterie w wodzie"},"content":{"rendered":"\n<p>            <img decoding=\"async\" class=\"art-figimg\" src=\"https:\/\/www.europesays.com\/pl\/wp-content\/uploads\/2026\/07\/150000-e.jpg\" width=\"375\" height=\"250\" alt=\"Zakaz k\u0105pieli na Pla\u017cy Miejskiej w Supra\u015blu. Powodem bakterie w wodzie\" loading=\"lazy\" fetchpriority=\"high\"\/><br \/>\n            Fot: Pixabay<\/p>\n<p class=\"art-lid\">Mieszka\u0144cy Supra\u015bla i tury\u015bci korzystaj\u0105cy z miejskiej pla\u017cy musz\u0105 liczy\u0107 si\u0119 z utrudnieniami. Od 14 lipca obowi\u0105zuje tam tymczasowy zakaz k\u0105pieli z powodu przekroczenia norm sanitarnych w wodzie.<\/p>\n<p class=\"art-cont\">Na Pla\u017cy Miejskiej w Supra\u015blu obowi\u0105zuje tymczasowy zakaz k\u0105pieli. Decyzj\u0119 wprowadzono 14 lipca 2026 r. po stwierdzeniu przekroczenia dopuszczalnych norm bakterii \u2013 enterokok\u00f3w ka\u0142owych.<\/p>\n<p>Aktualne wyniki bada\u0144 wskazuj\u0105, \u017ce woda nie spe\u0142nia wymaga\u0144 sanitarnych, dlatego korzystanie z k\u0105pieliska jest czasowo zabronione.<\/p>\n<p>O ponownym otwarciu Pla\u017cy Miejskiej w Supra\u015blu mieszka\u0144cy i tury\u015bci zostan\u0105 poinformowani po uzyskaniu pozytywnych wynik\u00f3w kolejnych bada\u0144 laboratoryjnych. Do tego czasu nale\u017cy powstrzyma\u0107 si\u0119 od k\u0105pieli.<\/p>\n<p class=\"art-autimg\">\n<p>                            <img decoding=\"async\" class=\"art-autimgi\" src=\"https:\/\/www.europesays.com\/pl\/wp-content\/uploads\/2026\/07\/1784071972_376_avatar_1x.jpg\" alt=\"Katarzyna Kozio\u0142\" width=\"64\" height=\"64\" loading=\"lazy\"\/><\/p>\n<p class=\"art-autname\">Katarzyna Kozio\u0142<\/p>\n<p>24@bialystokonline.pl<\/p>\n<p>Przeczytaj tak\u017ce<\/p>\n<p>&#13;<br \/>\n&#13;<br \/>\n&#13;<br \/>\n<img loading=\"lazy\" decoding=\"async\" src=\"https:\/\/www.europesays.com\/pl\/wp-content\/uploads\/2026\/07\/1784073687_959_adlog.gif\" width=\"0\" height=\"0\" alt=\"\" style=\"width: 0px; height: 0px;\"\/><\/p>\n<p>Popularne dzisiaj<\/p>\n","protected":false},"excerpt":{"rendered":"Fot: Pixabay Mieszka\u0144cy Supra\u015bla i tury\u015bci korzystaj\u0105cy z miejskiej pla\u017cy musz\u0105 liczy\u0107 si\u0119 z utrudnieniami. Od 14 lipca&hellip;\n","protected":false},"author":2,"featured_media":556706,"comment_status":"","ping_status":"","sticky":false,"template":"","format":"standard","meta":{"footnotes":"","_share_on_mastodon":"0"},"categories":[51614],"tags":[2151,51731,113,51730,3754,51738,51735,4041,1096,1089,399,17334,51736,2921,3840,51734,8736,1232,120,7116,17265,19285,42,98819,5083,38,40,39,41,6309,1756,8815,38950,123,109944,800,4278,1323,51737,109943,109945,2879,253],"class_list":["post-556705","post","type-post","status-publish","format-standard","has-post-thumbnail","category-bialystok","tag-bialystok","tag-bialystokonline","tag-biznes","tag-bstok","tag-dom","tag-drobne","tag-firm","tag-firmy","tag-hotele","tag-imprezy","tag-informacje","tag-katalog","tag-kina","tag-koncert","tag-lokale","tag-miejski","tag-mieszkanie","tag-motoryzacja","tag-nauka","tag-ogloszenia","tag-on-line","tag-online","tag-pl","tag-plaza-miejska","tag-podlasie","tag-poland","tag-polish","tag-polska","tag-polski","tag-portal","tag-praca","tag-repertuar","tag-rozklad","tag-rozrywka","tag-suprasl","tag-teatr","tag-turystyka","tag-uroda","tag-urzedy","tag-zakaz-kapieli-na-plazy-miejskiej-w-supraslu-powodem-bakterie-w-wodzie","tag-zakaz-kapieliaktualnosci","tag-zakupy","tag-zdrowie"],"share_on_mastodon":{"url":"","error":"Validation failed: Text character limit of 500 exceeded"},"_links":{"self":[{"href":"https:\/\/www.europesays.com\/pl\/wp-json\/wp\/v2\/posts\/556705","targetHints":{"allow":["GET"]}}],"collection":[{"href":"https:\/\/www.europesays.com\/pl\/wp-json\/wp\/v2\/posts"}],"about":[{"href":"https:\/\/www.europesays.com\/pl\/wp-json\/wp\/v2\/types\/post"}],"author":[{"embeddable":true,"href":"https:\/\/www.europesays.com\/pl\/wp-json\/wp\/v2\/users\/2"}],"replies":[{"embeddable":true,"href":"https:\/\/www.europesays.com\/pl\/wp-json\/wp\/v2\/comments?post=556705"}],"version-history":[{"count":0,"href":"https:\/\/www.europesays.com\/pl\/wp-json\/wp\/v2\/posts\/556705\/revisions"}],"wp:featuredmedia":[{"embeddable":true,"href":"https:\/\/www.europesays.com\/pl\/wp-json\/wp\/v2\/media\/556706"}],"wp:attachment":[{"href":"https:\/\/www.europesays.com\/pl\/wp-json\/wp\/v2\/media?parent=556705"}],"wp:term":[{"taxonomy":"category","embeddable":true,"href":"https:\/\/www.europesays.com\/pl\/wp-json\/wp\/v2\/categories?post=556705"},{"taxonomy":"post_tag","embeddable":true,"href":"https:\/\/www.europesays.com\/pl\/wp-json\/wp\/v2\/tags?post=556705"}],"curies":[{"name":"wp","href":"https:\/\/api.w.org\/{rel}","templated":true}]}}