{"id":556899,"date":"2026-07-15T02:35:33","date_gmt":"2026-07-15T02:35:33","guid":{"rendered":"https:\/\/www.europesays.com\/pl\/556899\/"},"modified":"2026-07-15T02:35:33","modified_gmt":"2026-07-15T02:35:33","slug":"ryanair-zbazuje-piaty-samolot-w-poznaniu-cztery-nowe-trasy-w-sezonie-zimowym","status":"publish","type":"post","link":"https:\/\/www.europesays.com\/pl\/556899\/","title":{"rendered":"Ryanair zbazuje pi\u0105ty samolot w Poznaniu. Cztery nowe trasy w sezonie zimowym"},"content":{"rendered":"<p>Ryanair rozbuduje swoj\u0105 baz\u0119 operacyjn\u0105 na lotnisku Pozna\u0144-\u0141awica. W sezonie zimowym 2026\/27 irlandzki przewo\u017anik zbazuje w stolicy Wielkopolski pi\u0105ty samolot, uruchomi cztery nowe po\u0142\u0105czenia oraz zwi\u0119kszy cz\u0119stotliwo\u015b\u0107 lot\u00f3w na wybranych trasach. <\/p>\n<p>Zimowy rozk\u0142ad Ryanaira z Poznania obejmie \u0142\u0105cznie 26 kierunk\u00f3w. Nowo\u015bci\u0105 b\u0119d\u0105 rejsy do Barcelony, Porto, Shannon oraz Tirany. Jednocze\u015bnie przewo\u017anik zapowiada zwi\u0119kszenie liczby lot\u00f3w na 10 ju\u017c obs\u0142ugiwanych trasach, w tym do Alicante, na Malt\u0119, do Palermo i Walencji.<\/p>\n<p>Wed\u0142ug przewo\u017anika zimowa oferta z Poznania wzro\u015bnie o oko\u0142o 12 proc. w por\u00f3wnaniu z sezonem zimowym 2025. Oznacza to ponad 90 tys. dodatkowych miejsc i \u0142\u0105cznie ponad 800 tys. foteli dost\u0119pnych w sezonie zimowym. Ryanair szacuje r\u00f3wnie\u017c, \u017ce dzi\u0119ki zwi\u0119kszeniu skali operacji roczny ruch przewo\u017anika w Poznaniu przekroczy 2,2 mln pasa\u017cer\u00f3w.<\/p>\n<p>\u2013 Z rado\u015bci\u0105 og\u0142aszamy zbazowanie pi\u0105tego samolotu w Poznaniu na sezon zimowy 2026. Dzi\u0119ki temu zaoferujemy ponad 800 tys. miejsc na 26 trasach, w tym cztery nowe po\u0142\u0105czenia do Barcelony, Porto, Shannon i Tirany. Zwi\u0119kszymy tak\u017ce liczb\u0119 lot\u00f3w na 10 istniej\u0105cych trasach, zapewniaj\u0105c pasa\u017cerom z Wielkopolski jeszcze wi\u0119kszy wyb\u00f3r po\u0142\u0105cze\u0144 \u2013 powiedzia\u0142 Jason McGuinness, Chief Commercial Officer Ryanaira.<\/p>\n<p>Z decyzji przewo\u017anika zadowolone jest r\u00f3wnie\u017c lotnisko Pozna\u0144-\u0141awica. Jak podkre\u015bla prezes portu Grzegorz Bykowski, nowe po\u0142\u0105czenia maj\u0105 znaczenie nie tylko dla mieszka\u0144c\u00f3w regionu, ale tak\u017ce dla rozwoju ruchu przyjazdowego.<\/p>\n<p>\u2013 Decyzja Ryanaira o zbazowaniu pi\u0105tego samolotu i uruchomieniu czterech nowych tras to bardzo dobra wiadomo\u015b\u0107 dla ca\u0142ej Wielkopolski. Po\u0142\u0105czenia do Barcelony, Porto, Shannon i Tirany zwi\u0119kszaj\u0105 mo\u017cliwo\u015bci podr\u00f3\u017cowania mieszka\u0144c\u00f3w regionu, ale jednocze\u015bnie wzmacniaj\u0105 potencja\u0142 turystyki przyjazdowej. Wi\u0119ksza liczba po\u0142\u0105cze\u0144 oznacza wi\u0119cej go\u015bci odwiedzaj\u0105cych Pozna\u0144 i region, co przek\u0142ada si\u0119 na korzy\u015bci dla lokalnej gospodarki, hoteli, restauracji oraz bran\u017cy turystycznej \u2013 powiedzia\u0142 Bykowski.<\/p>\n<p>Jak wynika z analiz przywo\u0142ywanych przez zarz\u0105d lotniska, pasa\u017cerowie przylatuj\u0105cy do Poznania generuj\u0105 ka\u017cdego roku blisko 2 mld z\u0142 warto\u015bci dodanej dla regionalnej gospodarki, a ka\u017cde nowe po\u0142\u0105czenie zwi\u0119ksza ten efekt.<\/p>\n<p>Z okazji og\u0142oszenia zimowego rozk\u0142adu Ryanair uruchomi\u0142 dwudniow\u0105 promocj\u0119 bilet\u00f3w, w kt\u00f3rej ceny rozpoczynaj\u0105 si\u0119 od 119 z\u0142.<\/p>\n","protected":false},"excerpt":{"rendered":"Ryanair rozbuduje swoj\u0105 baz\u0119 operacyjn\u0105 na lotnisku Pozna\u0144-\u0141awica. W sezonie zimowym 2026\/27 irlandzki przewo\u017anik zbazuje w stolicy Wielkopolski&hellip;\n","protected":false},"author":2,"featured_media":556900,"comment_status":"","ping_status":"","sticky":false,"template":"","format":"standard","meta":{"footnotes":"","_share_on_mastodon":"0"},"categories":[51609],"tags":[110004,110006,68692,42,38,40,39,41,1817,51829,105811,7941,110005,110003],"class_list":["post-556899","post","type-post","status-publish","format-standard","has-post-thumbnail","category-poznan","tag-b737","tag-baza-operacyjna","tag-lotnisko-poznan","tag-pl","tag-poland","tag-polish","tag-polska","tag-polski","tag-poznan","tag-poznan-airport","tag-poznan-lawica","tag-ryanair","tag-ryanair-group","tag-ryanair-holdings"],"share_on_mastodon":{"url":"https:\/\/pubeurope.com\/@pl\/116921665696491965","error":""},"_links":{"self":[{"href":"https:\/\/www.europesays.com\/pl\/wp-json\/wp\/v2\/posts\/556899","targetHints":{"allow":["GET"]}}],"collection":[{"href":"https:\/\/www.europesays.com\/pl\/wp-json\/wp\/v2\/posts"}],"about":[{"href":"https:\/\/www.europesays.com\/pl\/wp-json\/wp\/v2\/types\/post"}],"author":[{"embeddable":true,"href":"https:\/\/www.europesays.com\/pl\/wp-json\/wp\/v2\/users\/2"}],"replies":[{"embeddable":true,"href":"https:\/\/www.europesays.com\/pl\/wp-json\/wp\/v2\/comments?post=556899"}],"version-history":[{"count":0,"href":"https:\/\/www.europesays.com\/pl\/wp-json\/wp\/v2\/posts\/556899\/revisions"}],"wp:featuredmedia":[{"embeddable":true,"href":"https:\/\/www.europesays.com\/pl\/wp-json\/wp\/v2\/media\/556900"}],"wp:attachment":[{"href":"https:\/\/www.europesays.com\/pl\/wp-json\/wp\/v2\/media?parent=556899"}],"wp:term":[{"taxonomy":"category","embeddable":true,"href":"https:\/\/www.europesays.com\/pl\/wp-json\/wp\/v2\/categories?post=556899"},{"taxonomy":"post_tag","embeddable":true,"href":"https:\/\/www.europesays.com\/pl\/wp-json\/wp\/v2\/tags?post=556899"}],"curies":[{"name":"wp","href":"https:\/\/api.w.org\/{rel}","templated":true}]}}