{"id":558119,"date":"2026-07-15T15:47:08","date_gmt":"2026-07-15T15:47:08","guid":{"rendered":"https:\/\/www.europesays.com\/pl\/558119\/"},"modified":"2026-07-15T15:47:08","modified_gmt":"2026-07-15T15:47:08","slug":"utrudnienia-w-dostepie-do-ing-banku-slaskiego-z-tych-uslug-nie-skorzystamy-2","status":"publish","type":"post","link":"https:\/\/www.europesays.com\/pl\/558119\/","title":{"rendered":"Utrudnienia w dost\u0119pie do ING Banku \u015al\u0105skiego. Z tych us\u0142ug nie skorzystamy"},"content":{"rendered":"<p style=\"text-align:justify\">Klienci ING Banku \u015al\u0105skiego musz\u0105 szykowa\u0107 si\u0119 na utrudnienia w dost\u0119pie do us\u0142ug. Czasu nie ma zbyt wiele, bowiem ju\u017c dzisiaj w nocy nie b\u0119dzie da\u0142o rady skorzysta\u0107 z niekt\u00f3rych produkt\u00f3w.<\/p>\n<p style=\"text-align:justify\">Jak informuje ING Bank \u015al\u0105ski na swojej stronie internetowej, w nocy z 15 na 16 lipca 2026 roku w godzinach 22:00 &#8211; 1:00 cz\u0119\u015b\u0107 us\u0142ug nie b\u0119dzie dost\u0119pnych z powodu zaplanowanej przerwy. Chodzi jednak o us\u0142ugi zwi\u0105zane z urz\u0119dem. W tym czasie klienci nie b\u0119d\u0105 mogli za\u0142o\u017cy\u0107 oraz u\u017cywa\u0107 profilu zaufanego.<\/p>\n<p>&#13;<\/p>\n<p style=\"text-align:justify\">Klienci ING Banku \u015al\u0105skiego musz\u0105 szykowa\u0107 si\u0119 na utrudnienia w dost\u0119pie do us\u0142ug. Czasu nie ma zbyt wiele, bowiem ju\u017c dzisiaj w nocy nie b\u0119dzie da\u0142o rady skorzysta\u0107 z niekt\u00f3rych produkt\u00f3w.<\/p>\n<p>&#13;<\/p>\n<p style=\"text-align:justify\">W efekcie dost\u0119p do\u00a0urz\u0119du\u00a0skarbowego, urz\u0119du\u00a0pracy czy Krajowego\u00a0Systemu e-Faktur (KSeF)\u00a0b\u0119dzie ograniczony. Tak samo korzystanie z serwisu mObywatela i aplikacji mobilnej mo\u017ce by\u0107 utrudnione\u00a0je\u017celi powi\u0105zali\u015bmy z nimi konto tego banku.<\/p>\n<p style=\"text-align:justify\">Nie za\u0142o\u017cymy wi\u0119c profilu zaufanego czy mObywatela, ani nie podpiszemy dokumentu. Jak wida\u0107 przerwa dotyka us\u0142ugi rz\u0105dowe, a serwis transakcyjny ING w tym aplikacja mobilne oraz pozosta\u0142e produkty b\u0119d\u0105 dzia\u0142a\u0107 bez problemu.<\/p>\n<p style=\"text-align:justify\">Je\u017celi planowali\u015bmy w tym czasie kontakt z urz\u0119dem, to warto wszelkie operacje wykona\u0107 odpowiednio wcze\u015bniej.<\/p>\n<p>Utrudnienia te\u017c w mBanku<\/p>\n<p style=\"text-align:justify\">Nie tylko ING szykuje klient\u00f3w na przerw\u0119. Podobn\u0105 <a href=\"https:\/\/ithardware.pl\/aktualnosci\/mbank_przerwa_w_dostepie_do_uslug-52521.html\" rel=\"nofollow noopener\" target=\"_blank\">zaplanowa\u0142<\/a>, ale w najbli\u017cszy weekend mBank. W tym przypadku w okre\u015blonych godzinach niemo\u017cliwe b\u0119dzie p\u0142acenie kart\u0105 w internecie czy zalogowanie si\u0119 do serwisu transakcyjnego\u00a0i aplikacji mobilnej.\u00a0Jednocze\u015bnie podczas przerwy konsultanci na mLinii nie maj\u0105 dost\u0119pu do danych klient\u00f3w, wi\u0119c i tutaj nie za\u0142atwimy \u017cadnej sprawy.<\/p>\n<p class=\"m-0\">Spodoba\u0142o Ci si\u0119? Podziel si\u0119 ze znajomymi!<\/p>\n","protected":false},"excerpt":{"rendered":"Klienci ING Banku \u015al\u0105skiego musz\u0105 szykowa\u0107 si\u0119 na utrudnienia w dost\u0119pie do us\u0142ug. Czasu nie ma zbyt wiele,&hellip;\n","protected":false},"author":2,"featured_media":558120,"comment_status":"","ping_status":"","sticky":false,"template":"","format":"standard","meta":{"footnotes":"","_share_on_mastodon":"0"},"categories":[52229],"tags":[210,23824,8230,12460,3171,1972,42,38,40,39,41,10340,2747,3355],"class_list":["post-558119","post","type-post","status-publish","format-standard","has-post-thumbnail","category-ing-bank-slaski","tag-aktualnosci","tag-informacje-prasowe","tag-ing-bank-slaski","tag-komputery","tag-konsole","tag-laptopy","tag-pl","tag-poland","tag-polish","tag-polska","tag-polski","tag-poradniki","tag-recenzje","tag-testy"],"share_on_mastodon":{"url":"","error":""},"_links":{"self":[{"href":"https:\/\/www.europesays.com\/pl\/wp-json\/wp\/v2\/posts\/558119","targetHints":{"allow":["GET"]}}],"collection":[{"href":"https:\/\/www.europesays.com\/pl\/wp-json\/wp\/v2\/posts"}],"about":[{"href":"https:\/\/www.europesays.com\/pl\/wp-json\/wp\/v2\/types\/post"}],"author":[{"embeddable":true,"href":"https:\/\/www.europesays.com\/pl\/wp-json\/wp\/v2\/users\/2"}],"replies":[{"embeddable":true,"href":"https:\/\/www.europesays.com\/pl\/wp-json\/wp\/v2\/comments?post=558119"}],"version-history":[{"count":0,"href":"https:\/\/www.europesays.com\/pl\/wp-json\/wp\/v2\/posts\/558119\/revisions"}],"wp:featuredmedia":[{"embeddable":true,"href":"https:\/\/www.europesays.com\/pl\/wp-json\/wp\/v2\/media\/558120"}],"wp:attachment":[{"href":"https:\/\/www.europesays.com\/pl\/wp-json\/wp\/v2\/media?parent=558119"}],"wp:term":[{"taxonomy":"category","embeddable":true,"href":"https:\/\/www.europesays.com\/pl\/wp-json\/wp\/v2\/categories?post=558119"},{"taxonomy":"post_tag","embeddable":true,"href":"https:\/\/www.europesays.com\/pl\/wp-json\/wp\/v2\/tags?post=558119"}],"curies":[{"name":"wp","href":"https:\/\/api.w.org\/{rel}","templated":true}]}}