{"id":558473,"date":"2026-07-15T19:37:11","date_gmt":"2026-07-15T19:37:11","guid":{"rendered":"https:\/\/www.europesays.com\/pl\/558473\/"},"modified":"2026-07-15T19:37:11","modified_gmt":"2026-07-15T19:37:11","slug":"zatrzymanie-macieja-swirskiego-przez-cba-byly-szef-krrit-opuscil-areszt-onet","status":"publish","type":"post","link":"https:\/\/www.europesays.com\/pl\/558473\/","title":{"rendered":"Zatrzymanie Macieja \u015awirskiego przez CBA. By\u0142y szef KRRiT opu\u015bci\u0142 areszt &#8211; Onet"},"content":{"rendered":"<ol>\n<li><a href=\"https:\/\/news.google.com\/rss\/articles\/CBMixAFBVV95cUxNUFctNzJ5NTBQQWh6WDZEWF93Y2hPSXpkTXpWQ0hCVGUxR3gxaDlyMmlHMC01TFBhcHE5QjdJdEJLUW83RTd5aVBiLXZzQVBIM25kX252dWo3aUdBTVEwcWIteW16YTNvNGJfVklkMzl2c0psYzl1WXZCWHJBNjdHNEpnUUhZdlBCQnFwbXhkM3A2S0k5c1RoS1hYS29zWjM4bE14WGZkQjI2OER1UlFuRER0YWpQUDRZNmJ4XzVvcHdMV3Z1?oc=5\" target=\"_blank\" rel=\"nofollow noopener\">Zatrzymanie Macieja \u015awirskiego przez CBA. By\u0142y szef KRRiT opu\u015bci\u0142 areszt<\/a>&nbsp;&nbsp;Onet<\/li>\n<li><a href=\"https:\/\/news.google.com\/rss\/articles\/CBMihgFBVV95cUxOSkVBTW1PZ0l2X09KclhqMWpyV0dsck9ydEpwLUcxY01ZYk1nVTM1N2N5VjZSR2RkUmRIUW5zYzI0MkpCZ09ETnJsajhlZ0Z4UThFSENlTExoajRZMFpKMUxwbi1QdGxYeGpiZ3oyVnVPNXVpSVdLNnh2cFpIS3NINjR6UnNxZw?oc=5\" target=\"_blank\" rel=\"nofollow noopener\">By\u0142y cz\u0142onek zarz\u0105du PFN z zarzutami<\/a>&nbsp;&nbsp;WP Wiadomo\u015bci<\/li>\n<li><a href=\"https:\/\/news.google.com\/rss\/articles\/CBMiiAFBVV95cUxQcHllNk11Skp0MFVtTlRzZW5NN2Q4OUI0VXV6dWhVVm0zZENRdS1NMlZIVE45S3BIaGF4eUxVc1JEVG1iOVF0LUZfODNfOEhzX2dRUDhINmlRWE5NcnJOOC0wNF9sVjZaX1gtOXdYdjJXbmtxdHN2TVprZ2hlU0ltYUtweW56Y2pI?oc=5\" target=\"_blank\" rel=\"nofollow noopener\">By\u0142y szef KRRiT us\u0142ysza\u0142 zarzuty<\/a>&nbsp;&nbsp;TVN24<\/li>\n<li><a href=\"https:\/\/news.google.com\/rss\/articles\/CBMiiwFBVV95cUxOdkVVazZHTFRMTnllNEJhYXlzbzNGNnJjWU9lY0ZsTkNBU2xBVU1rWEVtVHp0ZzNYdkhpVUJnaXdlRTRWU1FLNGNYWnZLZGN1dWdmb3IxM0xROFpWY0ZRWmJ2dXNKNHpuZzBSZm9NTy1jOHdqTWVwX0V2emFvYkxrV1NFQlFVX2g4MHBV?oc=5\" target=\"_blank\" rel=\"nofollow noopener\">Prokuratura postawi\u0142a zarzuty Maciejowi \u015a. By\u0142y szef KRRiT na wolno\u015bci<\/a>&nbsp;&nbsp;Wyborcza.pl<\/li>\n<li><a href=\"https:\/\/news.google.com\/rss\/articles\/CBMirAFBVV95cUxNczdid0RlWkk4d0Z3MnhuTVZYdW1SYXZBUGh5RDI5WjdheWhGU2NoSkgtNWNVS2pHeWM0ZnBuLWZ5OGI1M3M1MFoxMGEtNDJlZkJsblY0UkhuQ3dKX20yNHg5SGFnOEd2OFIxR0FMYjhKZEdCbGZIR1ZiNWMxU2dSRWNua19BM2ozT0l3ZHVtRk0xa0JwamhYd3A5cGZKbElWX2dJMlcyMWh0WlFj?oc=5\" target=\"_blank\" rel=\"nofollow noopener\">By\u0142y szef KRRiT us\u0142ysza\u0142 zarzuty. Prokuratura potwierdza<\/a>&nbsp;&nbsp;Interia Wydarzenia<\/li>\n<\/ol>\n","protected":false},"excerpt":{"rendered":"Zatrzymanie Macieja \u015awirskiego przez CBA. By\u0142y szef KRRiT opu\u015bci\u0142 areszt&nbsp;&nbsp;Onet By\u0142y cz\u0142onek zarz\u0105du PFN z zarzutami&nbsp;&nbsp;WP Wiadomo\u015bci By\u0142y&hellip;\n","protected":false},"author":2,"featured_media":558474,"comment_status":"","ping_status":"","sticky":false,"template":"","format":"standard","meta":{"footnotes":"","_share_on_mastodon":"0"},"categories":[12],"tags":[61195,32,33,359,36,37,27,49,34,35,38861,28,31,48,25,46,109884,55,42,38,40,39,41,1627,47,29,30,26],"class_list":["post-558473","post","type-post","status-publish","format-standard","has-post-thumbnail","category-polska","tag-bottomfeed_styl","tag-breaking-news","tag-breakingnews","tag-cba","tag-featured-news","tag-featurednews","tag-headlines","tag-kraj","tag-latest-news","tag-latestnews","tag-maciej_swirski","tag-naglowki","tag-najwazniejsze-artykuly","tag-nat_styl","tag-news","tag-omp","tag-pfn_fundacja","tag-phx","tag-pl","tag-poland","tag-polish","tag-polska","tag-polski","tag-prokuratura","tag-screening_general","tag-top-stories","tag-topstories","tag-wiadomosci"],"share_on_mastodon":{"url":"https:\/\/pubeurope.com\/@pl\/116925683712718945","error":""},"_links":{"self":[{"href":"https:\/\/www.europesays.com\/pl\/wp-json\/wp\/v2\/posts\/558473","targetHints":{"allow":["GET"]}}],"collection":[{"href":"https:\/\/www.europesays.com\/pl\/wp-json\/wp\/v2\/posts"}],"about":[{"href":"https:\/\/www.europesays.com\/pl\/wp-json\/wp\/v2\/types\/post"}],"author":[{"embeddable":true,"href":"https:\/\/www.europesays.com\/pl\/wp-json\/wp\/v2\/users\/2"}],"replies":[{"embeddable":true,"href":"https:\/\/www.europesays.com\/pl\/wp-json\/wp\/v2\/comments?post=558473"}],"version-history":[{"count":0,"href":"https:\/\/www.europesays.com\/pl\/wp-json\/wp\/v2\/posts\/558473\/revisions"}],"wp:featuredmedia":[{"embeddable":true,"href":"https:\/\/www.europesays.com\/pl\/wp-json\/wp\/v2\/media\/558474"}],"wp:attachment":[{"href":"https:\/\/www.europesays.com\/pl\/wp-json\/wp\/v2\/media?parent=558473"}],"wp:term":[{"taxonomy":"category","embeddable":true,"href":"https:\/\/www.europesays.com\/pl\/wp-json\/wp\/v2\/categories?post=558473"},{"taxonomy":"post_tag","embeddable":true,"href":"https:\/\/www.europesays.com\/pl\/wp-json\/wp\/v2\/tags?post=558473"}],"curies":[{"name":"wp","href":"https:\/\/api.w.org\/{rel}","templated":true}]}}