{"id":558585,"date":"2026-07-15T20:56:16","date_gmt":"2026-07-15T20:56:16","guid":{"rendered":"https:\/\/www.europesays.com\/pl\/558585\/"},"modified":"2026-07-15T20:56:16","modified_gmt":"2026-07-15T20:56:16","slug":"polska-na-stale-w-gronie-panstw-g20-ma-o-to-zabiegac-donald-trump","status":"publish","type":"post","link":"https:\/\/www.europesays.com\/pl\/558585\/","title":{"rendered":"Polska na sta\u0142e w gronie pa\u0144stw G20? Ma o to zabiega\u0107 Donald Trump"},"content":{"rendered":"<p>W ocenie ameryka\u0144skich ekspert\u00f3w forum gospodarcze, kt\u00f3re powsta\u0142o jako odpowied\u017a na kryzys finansowy w 2008 r., w ostatnich latach utraci\u0142o znaczenie w \u015bwiatowej polityce. Szczyty zamieni\u0142y si\u0119 w wydarzenia wizerunkowe po\u015bwi\u0119cone agendzie bli\u017cszej organizacjom pozarz\u0105dowym ni\u017c realnym problemom gospodarczym. Autorzy przekonuj\u0105, \u017ce Donald Trump zamierza przywr\u00f3ci\u0107 organizacji pierwotn\u0105 misj\u0119 i skupi\u0107 szczyt w Miami na wzro\u015bcie gospodarczym, deregulacji, bezpiecznych dostawach energii oraz rozwoju sztucznej inteligencji.<\/p>\n<p> Dalszy ci\u0105g artyku\u0142u pod materia\u0142em wideo <\/p>\n<p>W tym kontek\u015bcie analitycy wskazuj\u0105 Polsk\u0119 jako sojusznika, kt\u00f3ry w Europie odgrywa rol\u0119 przekraczaj\u0105c\u0105 sw\u00f3j nominalny potencja\u0142. Gospodarka podwoi\u0142a warto\u015b\u0107 PKB w ci\u0105gu dw\u00f3ch dekad, przekraczaj\u0105c pr\u00f3g biliona dolar\u00f3w. Pod wzgl\u0119dem wielko\u015bci zajmuje sz\u00f3ste miejsce w Unii Europejskiej, a wed\u0142ug dost\u0119pnych prognoz w 2028 r. znajdzie si\u0119 w pierwszej dwudziestce na \u015bwiecie.<\/p>\n<p>     Polska na sta\u0142e w G20? Eksperci popieraj\u0105 pomys\u0142 Donalda Trumpa<\/p>\n<p>Rough i Speck przywo\u0142uj\u0105 grudniow\u0105 wypowied\u017a sekretarza stanu USA Marca Rubio, kt\u00f3ry stwierdzi\u0142, \u017ce sukces Polski dowodzi op\u0142acalno\u015bci nastawienia na przysz\u0142o\u015b\u0107, a Warszawa powinna zaj\u0105\u0107 nale\u017cne jej miejsce w G20. Autorzy wymieniaj\u0105 trzy kluczowe argumenty za polsk\u0105 kandydatur\u0105. Po pierwsze \u2014 w przeciwie\u0144stwie do du\u017cych gospodarek Europy Zachodniej, obci\u0105\u017conych rozbudowanym systemem socjalnym i nisk\u0105 innowacyjno\u015bci\u0105, Polska koncentruje si\u0119 na wzro\u015bcie i dysponuje nowym pokoleniem przedsi\u0119biorc\u00f3w. Po drugie \u2014 jest liderem w obszarze obronno\u015bci. Po trzecie \u2014 sta\u0142e cz\u0142onkostwo zapewni\u0142oby wreszcie reprezentacj\u0119 Europy \u015arodkowej w forum gospodarczym, co poparli przyw\u00f3dcy regionu w kwietniowej deklaracji szczytu Tr\u00f3jmorza w Dubrowniku.<\/p>\n<p>Rough i Speck zastrzegaj\u0105 jednocze\u015bnie, \u017ce PKB per capita Polski pozostaje poni\u017cej \u015bredniej unijnej, a przedsi\u0119biorstwa nie s\u0105 wystarczaj\u0105co w\u0142\u0105czone w \u0142a\u0144cuchy innowacji. Odnotowuj\u0105 te\u017c, \u017ce Stany Zjednoczone jako gospodarz tegorocznego szczytu zaprosi\u0142y Polsk\u0119, odmawiaj\u0105c miejsca RPA \u2014 formalnemu cz\u0142onkowi grupy. W ocenie autor\u00f3w gospodarka po\u0142udniowoafryka\u0144ska podupad\u0142a wskutek korupcji i nadmiernej interwencji pa\u0144stwa.<\/p>\n<p>      Najnowszy pomys\u0142 Donalda Trumpa zamienia si\u0119 w misj\u0119 samob\u00f3jcz\u0105 w Iranie [ANALIZA]   <img class=\"ods-a-photo ods-a-photo--background\" src=\"https:\/\/www.europesays.com\/pl\/wp-content\/uploads\/2026\/07\/tOyk9lBaHR0cHM6Ly9vY2RuLmV1L3B1bHNjbXMvTURBXy9mMGVhNWRjMGYyYjE5YzM4YjIzODIyYTUyNzkzNWZjOS5qcGeRlQLNA.jpeg\" height=\"253\" width=\"450\" alt=\"Prezydent USA Donald Trump w Ankarze w Turcji, 8 lipca 2026 r. W tle mapa Bliskiego Wschodu z uwzgl\u0119dnieniem cie\u015bniny Ormuz\" loading=\"lazy\" fetchpriority=\"low\" decoding=\"async\"\/>  <\/p>\n<p>Rough i Speck przyznaj\u0105, \u017ce pozostaj\u0105 w\u0105tpliwo\u015bci dotycz\u0105ce mo\u017cliwo\u015bci osi\u0105gni\u0119cia post\u0119pu przy udziale Chin i Rosji, kt\u00f3re traktuj\u0105 stosunki mi\u0119dzynarodowe jako gr\u0119 o sumie zerowej. Format zachowuje jednak warto\u015b\u0107, poniewa\u017c poza Pekinem i Moskw\u0105 wszyscy uczestnicy s\u0105 sojusznikami lub partnerami Waszyngtonu. &#8222;Sta\u0142e w\u0142\u0105czenie Polski do G20 nie by\u0142oby prezentem dla Warszawy, ale odzwierciedleniem jej zas\u0142u\u017conej pozycji w\u015br\u00f3d czo\u0142owych gospodarek \u015bwiata. Polska jest sojusznikiem, kt\u00f3rego Trump potrzebuje, aby odci\u0105gn\u0105\u0107 G20 od jej najgorszych instynkt\u00f3w&#8221; \u2014 konkluduj\u0105 eksperci w &#8222;Washington Post&#8221;.<\/p>\n","protected":false},"excerpt":{"rendered":"W ocenie ameryka\u0144skich ekspert\u00f3w forum gospodarcze, kt\u00f3re powsta\u0142o jako odpowied\u017a na kryzys finansowy w 2008 r., w ostatnich&hellip;\n","protected":false},"author":2,"featured_media":558586,"comment_status":"","ping_status":"","sticky":false,"template":"","format":"standard","meta":{"footnotes":"","_share_on_mastodon":"0"},"categories":[12],"tags":[61195,44,1128,48,46,42,38,40,39,41,47,80,71],"class_list":["post-558585","post","type-post","status-publish","format-standard","has-post-thumbnail","category-polska","tag-bottomfeed_styl","tag-donald_trump","tag-g20","tag-nat_styl","tag-omp","tag-pl","tag-poland","tag-polish","tag-polska","tag-polski","tag-screening_general","tag-swiat","tag-usa"],"share_on_mastodon":{"url":"https:\/\/pubeurope.com\/@pl\/116925995270406389","error":""},"_links":{"self":[{"href":"https:\/\/www.europesays.com\/pl\/wp-json\/wp\/v2\/posts\/558585","targetHints":{"allow":["GET"]}}],"collection":[{"href":"https:\/\/www.europesays.com\/pl\/wp-json\/wp\/v2\/posts"}],"about":[{"href":"https:\/\/www.europesays.com\/pl\/wp-json\/wp\/v2\/types\/post"}],"author":[{"embeddable":true,"href":"https:\/\/www.europesays.com\/pl\/wp-json\/wp\/v2\/users\/2"}],"replies":[{"embeddable":true,"href":"https:\/\/www.europesays.com\/pl\/wp-json\/wp\/v2\/comments?post=558585"}],"version-history":[{"count":0,"href":"https:\/\/www.europesays.com\/pl\/wp-json\/wp\/v2\/posts\/558585\/revisions"}],"wp:featuredmedia":[{"embeddable":true,"href":"https:\/\/www.europesays.com\/pl\/wp-json\/wp\/v2\/media\/558586"}],"wp:attachment":[{"href":"https:\/\/www.europesays.com\/pl\/wp-json\/wp\/v2\/media?parent=558585"}],"wp:term":[{"taxonomy":"category","embeddable":true,"href":"https:\/\/www.europesays.com\/pl\/wp-json\/wp\/v2\/categories?post=558585"},{"taxonomy":"post_tag","embeddable":true,"href":"https:\/\/www.europesays.com\/pl\/wp-json\/wp\/v2\/tags?post=558585"}],"curies":[{"name":"wp","href":"https:\/\/api.w.org\/{rel}","templated":true}]}}